{"id":536790,"date":"2025-11-15T21:23:23","date_gmt":"2025-11-15T21:23:23","guid":{"rendered":"https:\/\/www.europesays.com\/fr\/536790\/"},"modified":"2025-11-15T21:23:23","modified_gmt":"2025-11-15T21:23:23","slug":"en-direct-football-le-match-va-reprendre-entre-quetigny-et-saint-etienne","status":"publish","type":"post","link":"https:\/\/www.europesays.com\/fr\/536790\/","title":{"rendered":"En direct Football. Le match va reprendre\u00a0entre Quetigny\u00a0et Saint-\u00c9tienne"},"content":{"rendered":"<p>&#13;<br \/>\n                                                    En direct&#13;<br \/>\n                        &#13;\n                                            <\/p>\n<p>Pensionnaire de R\u00e9gional 2, Quetigny accueille Siant-Etienne (Ligue 2) ce samedi soir au parc des Sports Gaston-G\u00e9rard de Dijon pour le compte du 7e tour de la Coupe de France.\u00a0\u00c0 la mi-temps, les locaux tiennent toujours les Verts en \u00e9chec gr\u00e2ce \u00e0 l&rsquo;\u00e9galisation sur p\u00e9nalty d&rsquo;Anthony Szurlej (1-1).<\/p>\n<p>&#13;<br \/>\n              Etienne Souchon (Louis Quesnot) &#8211; &#13;<br \/>\n        &#13;<br \/>\n          Aujourd&rsquo;hui \u00e0 19:30&#13;<br \/>\n    &#13;<br \/>\n                  | mis \u00e0 jour aujourd&rsquo;hui \u00e0 22:20&#13;<br \/>\n              &#8211; Temps de lecture : &#13;<br \/>\n  &#13;<\/p>\n","protected":false},"excerpt":{"rendered":"&#13; En direct&#13; &#13; Pensionnaire de R\u00e9gional 2, Quetigny accueille Siant-Etienne (Ligue 2) ce samedi soir au parc&hellip;\n","protected":false},"author":2,"featured_media":536791,"comment_status":"","ping_status":"","sticky":false,"template":"","format":"standard","meta":{"footnotes":""},"categories":[9653],"tags":[1111,11,2430,2931,1777,674,107,63,1011,27,12,62020,25,4001,517],"class_list":{"0":"post-536790","1":"post","2":"type-post","3":"status-publish","4":"format-standard","5":"has-post-thumbnail","7":"category-saint-etienne","8":"tag-actu","9":"tag-actualites","10":"tag-auvergne-rhone-alpes","11":"tag-cote-dor","12":"tag-eu","13":"tag-europe","14":"tag-fil-info","15":"tag-football","16":"tag-fr","17":"tag-france","18":"tag-news","19":"tag-quetigny","20":"tag-republique-francaise","21":"tag-saint-etienne","22":"tag-sport"},"share_on_mastodon":{"url":"https:\/\/pubeurope.com\/@fr\/115555821499498929","error":""},"_links":{"self":[{"href":"https:\/\/www.europesays.com\/fr\/wp-json\/wp\/v2\/posts\/536790","targetHints":{"allow":["GET"]}}],"collection":[{"href":"https:\/\/www.europesays.com\/fr\/wp-json\/wp\/v2\/posts"}],"about":[{"href":"https:\/\/www.europesays.com\/fr\/wp-json\/wp\/v2\/types\/post"}],"author":[{"embeddable":true,"href":"https:\/\/www.europesays.com\/fr\/wp-json\/wp\/v2\/users\/2"}],"replies":[{"embeddable":true,"href":"https:\/\/www.europesays.com\/fr\/wp-json\/wp\/v2\/comments?post=536790"}],"version-history":[{"count":0,"href":"https:\/\/www.europesays.com\/fr\/wp-json\/wp\/v2\/posts\/536790\/revisions"}],"wp:featuredmedia":[{"embeddable":true,"href":"https:\/\/www.europesays.com\/fr\/wp-json\/wp\/v2\/media\/536791"}],"wp:attachment":[{"href":"https:\/\/www.europesays.com\/fr\/wp-json\/wp\/v2\/media?parent=536790"}],"wp:term":[{"taxonomy":"category","embeddable":true,"href":"https:\/\/www.europesays.com\/fr\/wp-json\/wp\/v2\/categories?post=536790"},{"taxonomy":"post_tag","embeddable":true,"href":"https:\/\/www.europesays.com\/fr\/wp-json\/wp\/v2\/tags?post=536790"}],"curies":[{"name":"wp","href":"https:\/\/api.w.org\/{rel}","templated":true}]}}