{"id":536804,"date":"2025-11-15T21:32:44","date_gmt":"2025-11-15T21:32:44","guid":{"rendered":"https:\/\/www.europesays.com\/fr\/536804\/"},"modified":"2025-11-15T21:32:44","modified_gmt":"2025-11-15T21:32:44","slug":"la-fete-de-fiancailles-lui-avait-coute-un-oeil-son-agresseur-condamne","status":"publish","type":"post","link":"https:\/\/www.europesays.com\/fr\/536804\/","title":{"rendered":"la f\u00eate de fian\u00e7ailles lui avait co\u00fbt\u00e9 un oeil, son agresseur condamn\u00e9"},"content":{"rendered":"<p>\t\t\t\t\t\t\t\t\t\t\t<img decoding=\"async\" src=\"https:\/\/www.europesays.com\/fr\/wp-content\/uploads\/2025\/11\/1280x720_pres-de-grenoble-la-fete-de-fiancailles-lui-avait-coute-un-oeil-son-agresseur-condamne_6918.jpeg\" alt=\"Pr\u00e8s de Grenoble : la f\u00eate de fian\u00e7ailles lui avait co\u00fbt\u00e9 un oeil, son agresseur condamn\u00e9\" title=\"Pr\u00e8s de Grenoble : la f\u00eate de fian\u00e7ailles lui avait co\u00fbt\u00e9 un oeil, son agresseur condamn\u00e9\" width=\"1280\" height=\"720\" class=\"img-fluid  mb-3\" loading=\"lazy\"\/>\t\t\t\t\t\t\t\t\t\t\t\t<\/p>\n<p>Pr\u00e8s de Grenoble : la f\u00eate de fian\u00e7ailles lui avait co\u00fbt\u00e9 un oeil, son agresseur condamn\u00e9 &#8211; DR<\/p>\n<p itemprop=\"description\"><strong>Le 3 juillet 2021, la vie d&rsquo;un homme avait bascul\u00e9 \u00e0 Saint-Martin-d&rsquo;H\u00e8res, \u00e0 l&rsquo;occasion d&rsquo;une grande f\u00eate de fian\u00e7ailles rassemblant la communaut\u00e9 congolaise grenobloise.<\/strong><\/p>\n<p>Durant la nuit, une altercation avait \u00e9clat\u00e9 entre deux amis. L&rsquo;un avait donn\u00e9 des coups \u00e0 l&rsquo;autre, et ce dernier, pour se d\u00e9gager avait cass\u00e9 son verre sur le visage de son adversaire. Un morceau de verre avait alors crev\u00e9 l\u2019\u0153il de la victime, aujourd&rsquo;hui handicap\u00e9e et ne pouvant plus travailler.<\/p>\n<p>Selon le Dauphin\u00e9 Lib\u00e9r\u00e9, le proc\u00e8s s&rsquo;est tenu \u00e0 la cour criminelle de l&rsquo;Is\u00e8re o\u00f9 5 ans de prison dont 3 avec sursis ont \u00e9t\u00e9 requis.<\/p>\n<p>L&rsquo;accus\u00e9, qui risquait jusqu&rsquo;\u00e0 15 ans de r\u00e9clusion, a pr\u00e9sent\u00e9 ses excuses \u00e0 son ami. Il a finalement \u00e9t\u00e9 condamn\u00e9 \u00e0 4 ans dont 3 avec sursis.<\/p>\n<p>Il saura prochainement s&rsquo;il doit effectuer l&rsquo;ann\u00e9e ferme derri\u00e8re les barreaux ou s&rsquo;il pourra \u00eatre plac\u00e9 sous bracelet \u00e9lectronique.<\/p>\n","protected":false},"excerpt":{"rendered":"Pr\u00e8s de Grenoble : la f\u00eate de fian\u00e7ailles lui avait co\u00fbt\u00e9 un oeil, son agresseur condamn\u00e9 &#8211; DR&hellip;\n","protected":false},"author":2,"featured_media":536805,"comment_status":"","ping_status":"","sticky":false,"template":"","format":"standard","meta":{"footnotes":""},"categories":[9566],"tags":[1111,11,7733,8279,2430,7736,650,7734,2889,2263,1777,674,1011,27,2731,8280,6417,1114,108,4662,12,3725,1825,25,7737],"class_list":{"0":"post-536804","1":"post","2":"type-post","3":"status-publish","4":"format-standard","5":"has-post-thumbnail","7":"category-grenoble","8":"tag-actu","9":"tag-actualites","10":"tag-alpes","11":"tag-alpes1","12":"tag-auvergne-rhone-alpes","13":"tag-cds","14":"tag-cinema","15":"tag-ecoute","16":"tag-emission","17":"tag-equipe","18":"tag-eu","19":"tag-europe","20":"tag-fr","21":"tag-france","22":"tag-grenoble","23":"tag-haute","24":"tag-information","25":"tag-infos","26":"tag-isere","27":"tag-journal","28":"tag-news","29":"tag-podcast","30":"tag-radio","31":"tag-republique-francaise","32":"tag-winamp"},"share_on_mastodon":{"url":"https:\/\/pubeurope.com\/@fr\/115555857686795502","error":""},"_links":{"self":[{"href":"https:\/\/www.europesays.com\/fr\/wp-json\/wp\/v2\/posts\/536804","targetHints":{"allow":["GET"]}}],"collection":[{"href":"https:\/\/www.europesays.com\/fr\/wp-json\/wp\/v2\/posts"}],"about":[{"href":"https:\/\/www.europesays.com\/fr\/wp-json\/wp\/v2\/types\/post"}],"author":[{"embeddable":true,"href":"https:\/\/www.europesays.com\/fr\/wp-json\/wp\/v2\/users\/2"}],"replies":[{"embeddable":true,"href":"https:\/\/www.europesays.com\/fr\/wp-json\/wp\/v2\/comments?post=536804"}],"version-history":[{"count":0,"href":"https:\/\/www.europesays.com\/fr\/wp-json\/wp\/v2\/posts\/536804\/revisions"}],"wp:featuredmedia":[{"embeddable":true,"href":"https:\/\/www.europesays.com\/fr\/wp-json\/wp\/v2\/media\/536805"}],"wp:attachment":[{"href":"https:\/\/www.europesays.com\/fr\/wp-json\/wp\/v2\/media?parent=536804"}],"wp:term":[{"taxonomy":"category","embeddable":true,"href":"https:\/\/www.europesays.com\/fr\/wp-json\/wp\/v2\/categories?post=536804"},{"taxonomy":"post_tag","embeddable":true,"href":"https:\/\/www.europesays.com\/fr\/wp-json\/wp\/v2\/tags?post=536804"}],"curies":[{"name":"wp","href":"https:\/\/api.w.org\/{rel}","templated":true}]}}