{"id":536818,"date":"2025-11-15T21:41:22","date_gmt":"2025-11-15T21:41:22","guid":{"rendered":"https:\/\/www.europesays.com\/fr\/536818\/"},"modified":"2025-11-15T21:41:22","modified_gmt":"2025-11-15T21:41:22","slug":"apres-le-crime-de-bellevue-et-les-nouveaux-incidents-a-pontanezen-la-crs-82-en-renfort-ce-samedi-soir-a-brest","status":"publish","type":"post","link":"https:\/\/www.europesays.com\/fr\/536818\/","title":{"rendered":"Apr\u00e8s le crime de Bellevue et les nouveaux incidents \u00e0 Pontan\u00e9zen, la CRS 82 en renfort ce samedi soir \u00e0 Brest"},"content":{"rendered":"<p>De source polici\u00e8re, \u00e0 ce stade, il n\u2019y a aucun lien apparent entre ces incidents, qui se r\u00e9p\u00e8tent r\u00e9guli\u00e8rement, et la mort du jeune Mahorais. Pour cette soir\u00e9e de samedi, afin de parer \u00e0 toute \u00e9ventualit\u00e9, la pr\u00e9fecture du Finist\u00e8re a n\u00e9anmoins demand\u00e9 et obtenu le concours de la CRS 82, une compagnie bas\u00e9e pr\u00e8s de Nantes et sp\u00e9cialis\u00e9e dans la lutte contre les violences urbaines.<\/p>\n","protected":false},"excerpt":{"rendered":"De source polici\u00e8re, \u00e0 ce stade, il n\u2019y a aucun lien apparent entre ces incidents, qui se r\u00e9p\u00e8tent&hellip;\n","protected":false},"author":2,"featured_media":536819,"comment_status":"","ping_status":"","sticky":false,"template":"","format":"standard","meta":{"footnotes":""},"categories":[2818],"tags":[1111,11,3450,1777,674,3321,1011,27,4555,766,12,2636,25],"class_list":{"0":"post-536818","1":"post","2":"type-post","3":"status-publish","4":"format-standard","5":"has-post-thumbnail","7":"category-nantes","8":"tag-actu","9":"tag-actualites","10":"tag-brest","11":"tag-eu","12":"tag-europe","13":"tag-finistere","14":"tag-fr","15":"tag-france","16":"tag-local","17":"tag-nantes","18":"tag-news","19":"tag-pays-de-la-loire","20":"tag-republique-francaise"},"share_on_mastodon":{"url":"https:\/\/pubeurope.com\/@fr\/115555892161344923","error":""},"_links":{"self":[{"href":"https:\/\/www.europesays.com\/fr\/wp-json\/wp\/v2\/posts\/536818","targetHints":{"allow":["GET"]}}],"collection":[{"href":"https:\/\/www.europesays.com\/fr\/wp-json\/wp\/v2\/posts"}],"about":[{"href":"https:\/\/www.europesays.com\/fr\/wp-json\/wp\/v2\/types\/post"}],"author":[{"embeddable":true,"href":"https:\/\/www.europesays.com\/fr\/wp-json\/wp\/v2\/users\/2"}],"replies":[{"embeddable":true,"href":"https:\/\/www.europesays.com\/fr\/wp-json\/wp\/v2\/comments?post=536818"}],"version-history":[{"count":0,"href":"https:\/\/www.europesays.com\/fr\/wp-json\/wp\/v2\/posts\/536818\/revisions"}],"wp:featuredmedia":[{"embeddable":true,"href":"https:\/\/www.europesays.com\/fr\/wp-json\/wp\/v2\/media\/536819"}],"wp:attachment":[{"href":"https:\/\/www.europesays.com\/fr\/wp-json\/wp\/v2\/media?parent=536818"}],"wp:term":[{"taxonomy":"category","embeddable":true,"href":"https:\/\/www.europesays.com\/fr\/wp-json\/wp\/v2\/categories?post=536818"},{"taxonomy":"post_tag","embeddable":true,"href":"https:\/\/www.europesays.com\/fr\/wp-json\/wp\/v2\/tags?post=536818"}],"curies":[{"name":"wp","href":"https:\/\/api.w.org\/{rel}","templated":true}]}}