{"id":536826,"date":"2025-11-15T21:45:13","date_gmt":"2025-11-15T21:45:13","guid":{"rendered":"https:\/\/www.europesays.com\/fr\/536826\/"},"modified":"2025-11-15T21:45:13","modified_gmt":"2025-11-15T21:45:13","slug":"il-saute-dans-la-garonne-et-finit-secouru-par-les-pompiers","status":"publish","type":"post","link":"https:\/\/www.europesays.com\/fr\/536826\/","title":{"rendered":"il saute dans la Garonne et finit secouru par les pompiers"},"content":{"rendered":"<p>                    Par<br \/>\n        <strong><br \/>\n            <a href=\"https:\/\/actu.fr\/auteur\/guillaume-laurens\" title=\"Consulter tous les articles de Guillaume Laurens\" target=\"_blank\" rel=\"noopener\">Guillaume Laurens<\/a><br \/>\n                    <\/strong><\/p>\n<p>        Publi\u00e9 le<\/p>\n<p>            15 nov. 2025 \u00e0 19h17        <\/p>\n<p>Plus de peur que de mal. Peu apr\u00e8s 9 heures du matin, ce samedi 15 novembre 2025, de nombreux<strong>\u00a0pompiers<\/strong> sont intervenus au centre de <a href=\"https:\/\/actu.fr\/toulouse\/\" target=\"_blank\" rel=\"noopener\"><strong>Toulouse<\/strong><\/a>, o\u00f9 un homme \u00e9tait <strong>en difficult\u00e9 dans la Garonne<\/strong>, au niveau d\u2019une pile du Pont-Neuf.<\/p>\n<p>Il saute dans la Garonne pour relever un d\u00e9fi<\/p>\n<p class=\" wall-content\">\u00ab\u00a0L\u2019engagement rapide de l\u2019\u00e9quipe nautique a permis de r\u00e9cup\u00e9rer cette personne et de la mettre en s\u00e9curit\u00e9\u00a0\u00bb, fait valoir le SDIS de la Haute-Garonne. La victime, \u00e2g\u00e9e d\u2019environ <strong>30 ans<\/strong> selon nos informations, a ensuite \u00e9t\u00e9 <strong>transport\u00e9e en urgence relative<\/strong> par les pompiers vers un <strong>h\u00f4pital<\/strong> \u00e0 proximit\u00e9.<\/p>\n<p class=\" wall-content\">Les forces de l\u2019ordre \u00e9taient \u00e9galement sur les lieux. D\u2019apr\u00e8s une source polici\u00e8re, l\u2019individu aurait en r\u00e9alit\u00e9 <strong>saut\u00e9 dans la Garonne<\/strong>, visiblement pour <strong>relever un d\u00e9fi<\/strong>. Il a nag\u00e9 jusqu\u2019\u00e0 une pile du Pont-Neuf\u2026 o\u00f9 il s\u2019est retrouv\u00e9 <strong>coinc\u00e9<\/strong>. Fort heureusement, son \u00e9tat ne suscitait pas d\u2019inqui\u00e9tude samedi soir.<\/p>\n<p>Pr\u00e8s de 20 pompiers mobilis\u00e9s sur place<\/p>\n<p class=\" wall-content\">Reste que l\u2019intervention a mobilis\u00e9 des moyens cons\u00e9quents pour le SDIS, qui a d\u00e9p\u00each\u00e9 <strong>19 pompiers<\/strong> (parmi lesquels l\u2019\u00e9quipe de plongeurs), intervenus \u00e0 bord de <strong>sept engins<\/strong> de secours depuis les centres de Toulouse-Lougnon, Toulouse-Carsalade, Ramonville-Buchens et Colomiers.<\/p>\n<p>Vid\u00e9os : en ce moment sur Actu<\/p>\n<p class=\" wall-content\">Personnalisez votre actualit\u00e9 en ajoutant vos villes et m\u00e9dias en favori avec <a href=\"https:\/\/moncompte.actu.fr\" title=\"D\u00e9couvez Mon Actu\" rel=\"nofollow noopener\" data-trk=\"{&quot;cta&quot;:{&quot;action&quot;:&quot;https:\\\/\\\/moncompte.actu.fr&quot;,&quot;category&quot;:&quot;mon compte&quot;,&quot;from&quot;:&quot;article footer&quot;,&quot;name&quot;:&quot;Mon actu&quot;,&quot;type&quot;:&quot;cta&quot;}}\" target=\"_blank\">Mon Actu<\/a>.<\/p>\n","protected":false},"excerpt":{"rendered":"Par Guillaume Laurens Publi\u00e9 le 15 nov. 2025 \u00e0 19h17 Plus de peur que de mal. Peu apr\u00e8s&hellip;\n","protected":false},"author":2,"featured_media":536827,"comment_status":"","ping_status":"","sticky":false,"template":"","format":"standard","meta":{"footnotes":""},"categories":[2816],"tags":[1111,11,1777,674,118,1011,27,5601,12,2680,1311,25,2312],"class_list":{"0":"post-536826","1":"post","2":"type-post","3":"status-publish","4":"format-standard","5":"has-post-thumbnail","7":"category-toulouse","8":"tag-actu","9":"tag-actualites","10":"tag-eu","11":"tag-europe","12":"tag-faits-divers","13":"tag-fr","14":"tag-france","15":"tag-garonne","16":"tag-news","17":"tag-occitanie","18":"tag-pompiers","19":"tag-republique-francaise","20":"tag-toulouse"},"share_on_mastodon":{"url":"https:\/\/pubeurope.com\/@fr\/115555908029186642","error":""},"_links":{"self":[{"href":"https:\/\/www.europesays.com\/fr\/wp-json\/wp\/v2\/posts\/536826","targetHints":{"allow":["GET"]}}],"collection":[{"href":"https:\/\/www.europesays.com\/fr\/wp-json\/wp\/v2\/posts"}],"about":[{"href":"https:\/\/www.europesays.com\/fr\/wp-json\/wp\/v2\/types\/post"}],"author":[{"embeddable":true,"href":"https:\/\/www.europesays.com\/fr\/wp-json\/wp\/v2\/users\/2"}],"replies":[{"embeddable":true,"href":"https:\/\/www.europesays.com\/fr\/wp-json\/wp\/v2\/comments?post=536826"}],"version-history":[{"count":0,"href":"https:\/\/www.europesays.com\/fr\/wp-json\/wp\/v2\/posts\/536826\/revisions"}],"wp:featuredmedia":[{"embeddable":true,"href":"https:\/\/www.europesays.com\/fr\/wp-json\/wp\/v2\/media\/536827"}],"wp:attachment":[{"href":"https:\/\/www.europesays.com\/fr\/wp-json\/wp\/v2\/media?parent=536826"}],"wp:term":[{"taxonomy":"category","embeddable":true,"href":"https:\/\/www.europesays.com\/fr\/wp-json\/wp\/v2\/categories?post=536826"},{"taxonomy":"post_tag","embeddable":true,"href":"https:\/\/www.europesays.com\/fr\/wp-json\/wp\/v2\/tags?post=536826"}],"curies":[{"name":"wp","href":"https:\/\/api.w.org\/{rel}","templated":true}]}}