{"id":536830,"date":"2025-11-15T21:48:16","date_gmt":"2025-11-15T21:48:16","guid":{"rendered":"https:\/\/www.europesays.com\/fr\/536830\/"},"modified":"2025-11-15T21:48:16","modified_gmt":"2025-11-15T21:48:16","slug":"athletisme-le-strasbourgeois-anas-lagtiy-chaoudar-ereinte-echoue-dans-sa-quete-du-record-aux-5-km-de-lille","status":"publish","type":"post","link":"https:\/\/www.europesays.com\/fr\/536830\/","title":{"rendered":"Athl\u00e9tisme . Le Strasbourgeois Anas Lagtiy-Chaoudar, \u00e9reint\u00e9, \u00e9choue dans sa qu\u00eate du record aux\u00a05 km de Lille"},"content":{"rendered":"<p>C\u2019\u00e9tait un pari. Il a \u00e9chou\u00e9. \u00c0 peine revenu de son stage intensif \u00e0 Ifrane, au Maroc, Anas Lagtiy-Chaoudar (S2A\/ASPTT Strasbourg) a pris samedi le d\u00e9part du 5\u00a0km de Lille pour tenter de s\u2019adjuger le record de France espoir (13\u201936\u201d).<\/p>\n<p>Parti sur les bases n\u00e9cessaires, le Strasbourgeois a explos\u00e9 dans les deux derniers kilom\u00e8tres, rattrap\u00e9 par la fatigue et les effets imm\u00e9diats de l\u2019altitude, dont le b\u00e9n\u00e9fice se fait sentir plus tard. En 13\u201954\u201d lors de sa premi\u00e8re sur la distance \u00e0 ce niveau, Anas Lagtiy-Chaoudar termine n\u00e9anmoins 9e le Kenyan Clinton Kimutai Ngetich s\u2019imposant en 13\u201920\u201d.<\/p>\n<p>Son co\u00e9quipier Benjamin Rubio bat largement son record en 14\u201932\u201d tandis que Matti Jeanblanc (EHA\/Altkirch), lui aussi entra\u00een\u00e9 actuellement par Jean-Marc Ducret \u00e0 Hautepierre, am\u00e9liore le sien, en 14\u201948\u201d.<\/p>\n","protected":false},"excerpt":{"rendered":"C\u2019\u00e9tait un pari. Il a \u00e9chou\u00e9. \u00c0 peine revenu de son stage intensif \u00e0 Ifrane, au Maroc, Anas&hellip;\n","protected":false},"author":2,"featured_media":536831,"comment_status":"","ping_status":"","sticky":false,"template":"","format":"standard","meta":{"footnotes":""},"categories":[2815],"tags":[1111,11,4132,2649,2880,1777,674,1011,27,329,811,1307,12,25,517,640],"class_list":{"0":"post-536830","1":"post","2":"type-post","3":"status-publish","4":"format-standard","5":"has-post-thumbnail","7":"category-lille","8":"tag-actu","9":"tag-actualites","10":"tag-athletisme","11":"tag-bas-rhin","12":"tag-edition-strasbourg","13":"tag-eu","14":"tag-europe","15":"tag-fr","16":"tag-france","17":"tag-france-monde","18":"tag-hauts-de-france","19":"tag-lille","20":"tag-news","21":"tag-republique-francaise","22":"tag-sport","23":"tag-strasbourg"},"share_on_mastodon":{"url":"https:\/\/pubeurope.com\/@fr\/115555919850719456","error":""},"_links":{"self":[{"href":"https:\/\/www.europesays.com\/fr\/wp-json\/wp\/v2\/posts\/536830","targetHints":{"allow":["GET"]}}],"collection":[{"href":"https:\/\/www.europesays.com\/fr\/wp-json\/wp\/v2\/posts"}],"about":[{"href":"https:\/\/www.europesays.com\/fr\/wp-json\/wp\/v2\/types\/post"}],"author":[{"embeddable":true,"href":"https:\/\/www.europesays.com\/fr\/wp-json\/wp\/v2\/users\/2"}],"replies":[{"embeddable":true,"href":"https:\/\/www.europesays.com\/fr\/wp-json\/wp\/v2\/comments?post=536830"}],"version-history":[{"count":0,"href":"https:\/\/www.europesays.com\/fr\/wp-json\/wp\/v2\/posts\/536830\/revisions"}],"wp:featuredmedia":[{"embeddable":true,"href":"https:\/\/www.europesays.com\/fr\/wp-json\/wp\/v2\/media\/536831"}],"wp:attachment":[{"href":"https:\/\/www.europesays.com\/fr\/wp-json\/wp\/v2\/media?parent=536830"}],"wp:term":[{"taxonomy":"category","embeddable":true,"href":"https:\/\/www.europesays.com\/fr\/wp-json\/wp\/v2\/categories?post=536830"},{"taxonomy":"post_tag","embeddable":true,"href":"https:\/\/www.europesays.com\/fr\/wp-json\/wp\/v2\/tags?post=536830"}],"curies":[{"name":"wp","href":"https:\/\/api.w.org\/{rel}","templated":true}]}}