{"id":536844,"date":"2025-11-15T21:57:11","date_gmt":"2025-11-15T21:57:11","guid":{"rendered":"https:\/\/www.europesays.com\/fr\/536844\/"},"modified":"2025-11-15T21:57:11","modified_gmt":"2025-11-15T21:57:11","slug":"paris-lavocat-alex-ursulet-acquitte-apres-des-accusations-de-viol-sur-une-stagiaire","status":"publish","type":"post","link":"https:\/\/www.europesays.com\/fr\/536844\/","title":{"rendered":"Paris : L\u2019avocat Alex Ursulet acquitt\u00e9 apr\u00e8s des accusations de viol sur une stagiaire"},"content":{"rendered":"<p class=\"mb-4 text-lg md:leading-8 break-words\"><strong>Proc\u00e8s &#8211; Accus\u00e9 de viol par une ancienne stagiaire, l\u2019avocat parisien, Alex Ursulet, a \u00e9t\u00e9 acquitt\u00e9 dans son proc\u00e8s tenu ce samedi<\/strong><\/p>\n<p class=\"mb-4 text-lg md:leading-8 break-words\">L\u2019avocat <a href=\"https:\/\/www.20minutes.fr\/justice\/4044818-20230708-parquet-paris-demande-proces-viol-aggrave-contre-avocat-alex-ursulet?at_medium=RSS%20feed&amp;at_campaign=ynews&amp;utm_source=yahoo&amp;utm_medium=rss&amp;utm_campaign=news_feed&amp;utm_content=in_article_link\" rel=\"nofollow noopener\" target=\"_blank\" data-ylk=\"slk:Alex Ursulet;elm:context_link;itc:0;sec:content-canvas\" class=\"link \">Alex Ursulet<\/a> a \u00e9t\u00e9 acquitt\u00e9 ce samedi soir par la Cour criminelle de <a href=\"https:\/\/www.20minutes.fr\/paris\/?at_medium=RSS%20feed&amp;at_campaign=ynews&amp;utm_source=yahoo&amp;utm_medium=rss&amp;utm_campaign=news_feed&amp;utm_content=in_article_link\" rel=\"nofollow noopener\" target=\"_blank\" data-ylk=\"slk:Paris;elm:context_link;itc:0;sec:content-canvas\" class=\"link \">Paris<\/a> des <a href=\"https:\/\/www.20minutes.fr\/justice\/4183977-20251109-tres-vite-comportement-inapproprie-ancien-avocat-guy-georges-juge-viol-stagiaire?at_medium=RSS%20feed&amp;at_campaign=ynews&amp;utm_source=yahoo&amp;utm_medium=rss&amp;utm_campaign=news_feed&amp;utm_content=in_article_link\" rel=\"nofollow noopener\" target=\"_blank\" data-ylk=\"slk:accusations de viol d\u2019une stagiaire;elm:context_link;itc:0;sec:content-canvas\" class=\"link \">accusations de viol d\u2019une stagiaire<\/a> dans son cabinet parisien en janvier 2018.<\/p>\n<p class=\"mb-4 text-lg md:leading-8 break-words\">L\u2019accus\u00e9, \u00e2g\u00e9 de 68 ans, avait r\u00e9p\u00e9t\u00e9 qu\u2019il \u00e9tait \u00ab innocent \u00bb dans ses derniers mots avant le d\u00e9lib\u00e9r\u00e9. Son avocat Me Fanny Colin avait plaid\u00e9 qu\u2019il existait \u00ab un doute plus que raisonnable \u00bb dans ce dossier.<\/p>\n<p>\u00ab Une d\u00e9cision cynique qui appelle n\u00e9cessairement un nouveau proc\u00e8s \u00bb<\/p>\n<p class=\"mb-4 text-lg md:leading-8 break-words\">Si les juges ont estim\u00e9 qu\u2019il y avait bien eu un rapport sexuel, ils ont relev\u00e9 que son intention de commettre un <a href=\"https:\/\/www.20minutes.fr\/dossier\/viol?at_medium=RSS%20feed&amp;at_campaign=ynews&amp;utm_source=yahoo&amp;utm_medium=rss&amp;utm_campaign=news_feed&amp;utm_content=in_article_link\" rel=\"nofollow noopener\" target=\"_blank\" data-ylk=\"slk:viol;elm:context_link;itc:0;sec:content-canvas\" class=\"link \">viol<\/a> n\u2019avait pu \u00eatre \u00e9tablie.<\/p>\n<p class=\"mb-4 text-lg md:leading-8 break-words\">\u00ab C\u2019est une d\u00e9cision cynique qui appelle n\u00e9cessairement un nouveau proc\u00e8s \u00bb, a comment\u00e9 l\u2019avocat de la plaignante, Me Thibault Lafourcade, appelant de ses v\u0153ux un appel du parquet g\u00e9n\u00e9ral auquel la d\u00e9fense a dit s\u2019attendre.<\/p>\n<p class=\"mb-4 text-lg md:leading-8 break-words\">Au terme d\u2019un r\u00e9quisitoire tr\u00e8s dur, l\u2019avocat g\u00e9n\u00e9ral <a href=\"https:\/\/www.20minutes.fr\/societe\/philippe_courroye\/?at_medium=RSS%20feed&amp;at_campaign=ynews&amp;utm_source=yahoo&amp;utm_medium=rss&amp;utm_campaign=news_feed&amp;utm_content=in_article_link\" rel=\"nofollow noopener\" target=\"_blank\" data-ylk=\"slk:Philippe Courroye;elm:context_link;itc:0;sec:content-canvas\" class=\"link \">Philippe Courroye<\/a> avait r\u00e9clam\u00e9 treize ans de r\u00e9clusion criminelle, ainsi qu\u2019une incarc\u00e9ration imm\u00e9diate.<\/p>\n<p>\u00ab Il existe un doute plus que raisonnable \u00bb<\/p>\n<p class=\"mb-4 text-lg md:leading-8 break-words\">Alors qu\u2019Alex Ursulet avait toujours ni\u00e9 une quelconque relation d\u2019ordre sexuel avec sa stagiaire alors \u00e2g\u00e9e de 25 ans, un de ses avocats, Luc Brossolet, avait infl\u00e9chi la d\u00e9fense de son client, plaidant l\u2019hypoth\u00e8se d\u2019une \u00ab relation malheureuse dominant-domin\u00e9e dans laquelle \u00bb la plaignante serait d\u2019abord rentr\u00e9e de son plein gr\u00e9 avant de souhaiter s\u2019en sortir.<\/p>\n<p class=\"mb-4 text-lg md:leading-8 break-words\">Ce \u00ab jeu \u00bb, certes, \u00ab n\u2019a pas laiss\u00e9 indemne \u00bb la plaignante, qui a choisi d\u2019en sortir en quittant le cabinet d\u00e8s le (&#8230;)<\/p>\n<p class=\"mb-4 text-lg md:leading-8 break-words\"><a href=\"https:\/\/www.20minutes.fr\/justice\/4185859-20251115-paris-avocat-alex-ursulet-acquitte-apres-accusations-viol-stagiaire?at_medium=RSS%20feed&amp;at_campaign=ynews&amp;utm_source=yahoo&amp;utm_medium=rss&amp;utm_campaign=news_feed&amp;utm_content=read_more_link&quot;\" rel=\"nofollow noopener\" target=\"_blank\" data-ylk=\"slk:Lire la suite sur 20minutes;elm:context_link;itc:0;sec:content-canvas\" class=\"link \">Lire la suite sur 20minutes<\/a><\/p>\n<p>\u00c0 lire aussi :<br \/><a href=\"https:\/\/www.20minutes.fr\/justice\/4183977-20251109-tres-vite-comportement-inapproprie-ancien-avocat-guy-georges-juge-viol-stagiaire?at_medium=RSS%20feed&amp;at_campaign=ynews&amp;utm_source=yahoo&amp;utm_medium=rss&amp;utm_campaign=news_feed&amp;utm_content=related_content_link\" rel=\"nofollow noopener\" target=\"_blank\" data-ylk=\"slk:\u00ab Tr\u00e8s vite, il a eu un comportement inappropri\u00e9 \u00bb\u2026 L\u2019ancien avocat de Guy Georges jug\u00e9 pour le viol d\u2019une stagiaire;elm:context_link;itc:0;sec:content-canvas\" class=\"link \">\u00ab Tr\u00e8s vite, il a eu un comportement inappropri\u00e9 \u00bb\u2026 L\u2019ancien avocat de Guy Georges jug\u00e9 pour le viol d\u2019une stagiaire<\/a><br \/><a href=\"https:\/\/www.20minutes.fr\/politique\/4169281-20250824-paris-convoque-ambassadeur-etats-unis-apres-accusations-inacceptables-envers-macron-gouvernement?at_medium=RSS%20feed&amp;at_campaign=ynews&amp;utm_source=yahoo&amp;utm_medium=rss&amp;utm_campaign=news_feed&amp;utm_content=related_content_link\" rel=\"nofollow noopener\" target=\"_blank\" data-ylk=\"slk:Paris convoque l\u2019ambassadeur des Etats-Unis apr\u00e8s ses accusations \u00ab inacceptables \u00bb envers Macron et le gouvernement;elm:context_link;itc:0;sec:content-canvas\" class=\"link \">Paris convoque l\u2019ambassadeur des Etats-Unis apr\u00e8s ses accusations \u00ab inacceptables \u00bb envers Macron et le gouvernement<\/a><\/p>\n","protected":false},"excerpt":{"rendered":"Proc\u00e8s &#8211; Accus\u00e9 de viol par une ancienne stagiaire, l\u2019avocat parisien, Alex Ursulet, a \u00e9t\u00e9 acquitt\u00e9 dans son&hellip;\n","protected":false},"author":2,"featured_media":536845,"comment_status":"","ping_status":"","sticky":false,"template":"","format":"standard","meta":{"footnotes":""},"categories":[1888],"tags":[1111,1928,11,1927,65605,1777,674,1011,27,25183,12,1926,626,1925,25,31994,65606,1265],"class_list":{"0":"post-536844","1":"post","2":"type-post","3":"status-publish","4":"format-standard","5":"has-post-thumbnail","7":"category-paris","8":"tag-actu","9":"tag-actu-paris","10":"tag-actualites","11":"tag-actualites-paris","12":"tag-alex-ursulet","13":"tag-eu","14":"tag-europe","15":"tag-fr","16":"tag-france","17":"tag-lavocat","18":"tag-news","19":"tag-news-paris","20":"tag-paris","21":"tag-paris-news","22":"tag-republique-francaise","23":"tag-stagiaire","24":"tag-thibault-lafourcade","25":"tag-viol"},"share_on_mastodon":{"url":"https:\/\/pubeurope.com\/@fr\/115555956019654206","error":""},"_links":{"self":[{"href":"https:\/\/www.europesays.com\/fr\/wp-json\/wp\/v2\/posts\/536844","targetHints":{"allow":["GET"]}}],"collection":[{"href":"https:\/\/www.europesays.com\/fr\/wp-json\/wp\/v2\/posts"}],"about":[{"href":"https:\/\/www.europesays.com\/fr\/wp-json\/wp\/v2\/types\/post"}],"author":[{"embeddable":true,"href":"https:\/\/www.europesays.com\/fr\/wp-json\/wp\/v2\/users\/2"}],"replies":[{"embeddable":true,"href":"https:\/\/www.europesays.com\/fr\/wp-json\/wp\/v2\/comments?post=536844"}],"version-history":[{"count":0,"href":"https:\/\/www.europesays.com\/fr\/wp-json\/wp\/v2\/posts\/536844\/revisions"}],"wp:featuredmedia":[{"embeddable":true,"href":"https:\/\/www.europesays.com\/fr\/wp-json\/wp\/v2\/media\/536845"}],"wp:attachment":[{"href":"https:\/\/www.europesays.com\/fr\/wp-json\/wp\/v2\/media?parent=536844"}],"wp:term":[{"taxonomy":"category","embeddable":true,"href":"https:\/\/www.europesays.com\/fr\/wp-json\/wp\/v2\/categories?post=536844"},{"taxonomy":"post_tag","embeddable":true,"href":"https:\/\/www.europesays.com\/fr\/wp-json\/wp\/v2\/tags?post=536844"}],"curies":[{"name":"wp","href":"https:\/\/api.w.org\/{rel}","templated":true}]}}