{"id":536846,"date":"2025-11-15T21:58:41","date_gmt":"2025-11-15T21:58:41","guid":{"rendered":"https:\/\/www.europesays.com\/fr\/536846\/"},"modified":"2025-11-15T21:58:41","modified_gmt":"2025-11-15T21:58:41","slug":"quinte-quinte-du-dimanche-16-novembre-a-vincennes-prix-de-bretagne-amerique-races-q1-jushua-tree-est-fin-pret-2","status":"publish","type":"post","link":"https:\/\/www.europesays.com\/fr\/536846\/","title":{"rendered":"Quint\u00e9+: Quint\u00e9+ du dimanche 16 novembre \u00e0 Vincennes &#8211; Prix de Bretagne Am\u00e9rique Races Q1 : Jushua Tree est fin pr\u00eat"},"content":{"rendered":"<p><strong>Les partants du Quint\u00e9+ de ce dimanche 16 novembre<\/strong><strong style=\"float: left;margin-left: 2%;\">PRIX DE BRETAGNE-AMERIQUE RACES Q1<\/strong><strong style=\"float: right;margin-right: 2%;\">DIMANCHE 16 NOVEMBRE<\/strong><br \/>PARIS-VINCENNES &#8211; 2700 METRES &#8211; \u00a0<img decoding=\"async\" alt=\"picto_attele\" class=\"img2\" src=\"https:\/\/static.equidia.fr\/equidia\/discipline\/attele.svg\"\/>D\u00c9PART : 15H15<strong>Les forces en pr\u00e9sence<\/strong><\/p>\n<p style=\"text-align: justify;\">Pressenti comme un rival redoutable d&rsquo;Idao de Tillard l&rsquo;an dernier, <a href=\"https:\/\/www.equidia.fr\/chevaux\/jushua-tree?horse_uuid=c18b06c5-835e-42a5-981b-60c2f323241f\" target=\"_blank\" rel=\"noopener\">JUSHUA TREE (13)<\/a> avait \u00e9t\u00e9 stopp\u00e9 dans son \u00e9lan par des ennuis de sant\u00e9. De retour plus fort que jamais, il a survol\u00e9 le Prix des C\u00e9vennes et se pr\u00e9sentera totalement d\u00e9ferr\u00e9, une configuration qui avait r\u00e9v\u00e9l\u00e9 sa domination \u00e9crasante lors du Prix Bold Eagle (Gr.1) 2024. Laur\u00e9at des \u00e9ditions 1999 (Fiesta d&rsquo;Anjou) et 2018 (Davidson du Pont) en tant que driver, Jean-Michel Bazire pourrait de nouveau inscrire son nom au palmar\u00e8s. Tombeur de notre pr\u00e9f\u00e9r\u00e9 dans le Crit\u00e9rium des 5 Ans (Gr.1), <a href=\"https:\/\/www.equidia.fr\/chevaux\/josh-power?horse_uuid=193f8fa9-b3dd-4b70-8052-afa7c201aef2\" target=\"_blank\" rel=\"noopener\">JOSH POWER (7)<\/a> monte en puissance et sera toutefois un s\u00e9rieux rival. <a href=\"https:\/\/www.equidia.fr\/chevaux\/izoard-vedaquais?horse_uuid=8649da3e-d899-4160-b3ac-85e817d701c1\" target=\"_blank\" rel=\"noopener\">IZOARD VEDAQUAIS (14)<\/a> a longtemps men\u00e9 le 30 octobre avant de ne rien pouvoir faire face au champion de l&rsquo;\u00c9curie Olmenhof. Il est toutefois sur le bon chemin apr\u00e8s une longue absence et a logiquement sa place \u00e0 l&rsquo;arriv\u00e9e une nouvelle fois. <a href=\"https:\/\/www.equidia.fr\/chevaux\/hokkaido-jiel?horse_uuid=f7d1d079-973e-43f5-b900-1bb419def13c\" target=\"_blank\" rel=\"noopener\">HOKKAIDO JIEL (12)<\/a> a accompli une r\u00e9apparition pleine de promesses et sera cette fois pr\u00e9sent\u00e9 en \u00ab\u00a0mode course\u00a0\u00bb. M\u00eame s&rsquo;il peut encore manquer de rythme, il d\u00e9tient une belle chance th\u00e9orique. <a href=\"https:\/\/www.equidia.fr\/chevaux\/iguski-sautonne?horse_uuid=5cb2c1c8-1d52-4535-abd8-7934b4e8f279\" target=\"_blank\" rel=\"noopener\">IGUSKI SAUTONNE (5)<\/a>, dot\u00e9 d&rsquo;une redoutable pointe de vitesse finale, <a href=\"https:\/\/www.equidia.fr\/chevaux\/epic-kronos-1?horse_uuid=1e1aa2b6-94c5-452c-8e2a-6dfb794915f4\" target=\"_blank\" rel=\"noopener\">EPIC KRONOS (1)<\/a>, d\u00e9sinvolte laur\u00e9at du Grand Prix de l&rsquo;UET \u00e0 l&rsquo;occasion de son unique essai \u00e0 Vincennes, et <a href=\"https:\/\/www.equidia.fr\/chevaux\/borups-victory?horse_uuid=c73810ab-335b-4c9c-8bbc-712062662381\" target=\"_blank\" rel=\"noopener\">BORUPS VICTORY (16)<\/a>, dont le dernier \u00e9chec \u00e0 Solvalla doit \u00eatre relativis\u00e9, sont autant de belles possibilit\u00e9s pour les places. R\u00e9cent laur\u00e9at du Crit\u00e9rium des 5 Ans (Gr.1), <a href=\"https:\/\/www.equidia.fr\/chevaux\/krack-time-atout?horse_uuid=5fbba427-2c4b-4e5c-bad2-8f4906939e86\" target=\"_blank\" rel=\"noopener\">KRACK TIME ATOUT (6)<\/a> sera seulement d\u00e9ferr\u00e9 des ant\u00e9rieurs cette fois mais doit tout de m\u00eame \u00eatre surveill\u00e9 de pr\u00e8s.<\/p>\n<p><strong>Le prono de Micka\u00ebl AFRIAT<\/strong><\/p>\n<tr cellpadding=\"0\" cellspacing=\"10\" class=\"row5\" style=\"text-align: left; background-color: #FFFFFF; font-size: 130%;\">\n<td style=\"text-align: center;\">13<\/td>\n<td style=\"text-align: center;\">7<\/td>\n<td style=\"text-align: center;\">14<\/td>\n<td style=\"text-align: center;\">12<\/td>\n<td style=\"text-align: center;\">5<\/td>\n<td style=\"text-align: center;\">1<\/td>\n<td style=\"text-align: center;\">16<\/td>\n<td style=\"text-align: center;\">6<\/td>\n<\/tr>\n<tr class=\"row6\" style=\"text-align: center; background-color: #FFFFFF; column-width: 6rem;\">\n<td class=\"col13\"><img decoding=\"async\" alt=\"casaque_JUSHUA TREE\" class=\"cas\" src=\"https:\/\/www.europesays.com\/fr\/wp-content\/uploads\/2025\/11\/20251116-r1c4p13-png.png\" style=\" width: 70%;\"\/><\/p>\n<p class=\"col10\" style=\"font-size: x-small; line-height: 11px;;\">JUSHUA TREE<\/p>\n<\/td>\n<td class=\"col7\"><img decoding=\"async\" alt=\"casaque_JOSH POWER\" class=\"cas\" src=\"https:\/\/www.europesays.com\/fr\/wp-content\/uploads\/2025\/11\/20251116-r1c4p7-png.png\" style=\" width: 70%;\"\/><\/p>\n<p class=\"col10\" style=\"font-size: x-small; line-height: 11px;;\">JOSH POWER<\/p>\n<\/td>\n<td class=\"col14\"><img decoding=\"async\" alt=\"casaque_IZOARD VEDAQUAIS\" class=\"cas\" src=\"https:\/\/www.europesays.com\/fr\/wp-content\/uploads\/2025\/11\/20251116-r1c4p14-png.png\" style=\" width: 70%;\"\/><\/p>\n<p class=\"col10\" style=\"font-size: x-small; line-height: 11px;;\">IZOARD VEDAQUAIS<\/p>\n<\/td>\n<td class=\"col12\"><img decoding=\"async\" alt=\"casaque_HOKKAIDO JIEL\" class=\"cas\" src=\"https:\/\/www.europesays.com\/fr\/wp-content\/uploads\/2025\/11\/20251116-r1c4p12-png.png\" style=\" width: 70%;\"\/><\/p>\n<p class=\"col10\" style=\"font-size: x-small; line-height: 11px;;\">HOKKAIDO JIEL<\/p>\n<\/td>\n<td class=\"col5\"><img decoding=\"async\" alt=\"casaque_IGUSKI SAUTONNE\" class=\"cas\" src=\"https:\/\/www.europesays.com\/fr\/wp-content\/uploads\/2025\/11\/20251116-r1c4p5-png.png\" style=\" width: 70%;\"\/><\/p>\n<p class=\"col10\" style=\"font-size: x-small; line-height: 11px;;\">IGUSKI SAUTONNE<\/p>\n<\/td>\n<td class=\"col1\"><img decoding=\"async\" alt=\"casaque_EPIC KRONOS\" class=\"cas\" src=\"https:\/\/www.europesays.com\/fr\/wp-content\/uploads\/2025\/11\/20251116-r1c4p1-png.png\" style=\" width: 70%;\"\/><\/p>\n<p class=\"col10\" style=\"font-size: x-small; line-height: 11px;;\">EPIC KRONOS<\/p>\n<\/td>\n<td class=\"col16\"><img decoding=\"async\" alt=\"casaque_BORUPS VICTORY\" class=\"cas\" src=\"https:\/\/www.europesays.com\/fr\/wp-content\/uploads\/2025\/11\/20251116-r1c4p16-png.png\" style=\" width: 70%;\"\/><\/p>\n<p class=\"col10\" style=\"font-size: x-small; line-height: 11px;;\">BORUPS VICTORY<\/p>\n<\/td>\n<td class=\"col6\"><img decoding=\"async\" alt=\"casaque_KRACK TIME ATOUT\" class=\"cas\" src=\"https:\/\/www.europesays.com\/fr\/wp-content\/uploads\/2025\/11\/20251116-r1c4p6-png.png\" style=\" width: 70%;\"\/><\/p>\n<p class=\"col10\" style=\"font-size: x-small; line-height: 11px;;\">KRACK TIME ATOUT<\/p>\n<\/td>\n<\/tr>\n<p><a href=\"https:\/\/servedby.revive-adserver.net\/ck.php?n=a3265498&amp;cb=1234\" target=\"_blank\" rel=\"noopener\"><img decoding=\"async\" alt=\"\" border=\"0\" src=\"https:\/\/www.europesays.com\/fr\/wp-content\/uploads\/2025\/11\/1763243906_216_avw\"\/><\/a><\/p>\n<p><strong>Les partants en d\u00e9tail (par M. AFRIAT) et l&rsquo;avis des pros (par C. Martineau)<\/strong><\/p>\n<p id=\"ch_EPIC KRONOS\" style=\"margin-bottom: 1%;\"><a href=\"https:\/\/www.equidia.fr\/chevaux\/epic-kronos-1?horse_uuid=1e1aa2b6-94c5-452c-8e2a-6dfb794915f4\" target=\"_blank\" rel=\"noopener\">1 &#8211; \u00a0<img decoding=\"async\" alt=\"casaque_EPIC KRONOS\" src=\"https:\/\/www.europesays.com\/fr\/wp-content\/uploads\/2025\/11\/1763230777_555_20251116-r1c4p1-png.png\" style=\"width: 4.5%; margin :0; vertical-align : middle;\"\/>\u00a0\u00a0EPIC KRONOS<\/a><\/p>\n<p style=\"text-align: justify;\">Laur\u00e9at du Grand Prix de l&rsquo;UET \u00e0 4 ans sur les 2 100 m\u00e8tres de la grande piste, devant KRACK TIME ATOUT (6), cet \u00e9l\u00e8ve de Daniel Red\u00e9n s&rsquo;est bien pr\u00e9par\u00e9 en Su\u00e8de en vue de ce rendez-vous. Il passe un test face \u00e0 l&rsquo;\u00e9lite, mais il appr\u00e9cie les distances de longue haleine et a rarement d\u00e9\u00e7u lorsqu&rsquo;il s&rsquo;est pr\u00e9sent\u00e9 pieds nus. Attention !<\/p>\n<p><strong>Daniel Red\u00e9n, entra\u00eeneur : <\/strong><\/p>\n<p style=\"text-align: justify;\">\u00ab Epic Kronos (1) est tr\u00e8s \u00e0 l&rsquo;aise sur les parcours de tenue, je le pr\u00e9f\u00e8re d&rsquo;ailleurs sur les longues distances. Sa derni\u00e8re sortie est excellente, avec un dernier kilom\u00e8tre vraiment remarquable. Au vu de cette course et de son comportement le matin, je suis s\u00fbr qu&rsquo;il se pr\u00e9sentera au top. Il va d\u00e9couvrir les d\u00e9parts \u00e0 la volte, mais s&rsquo;il s&rsquo;y adapte, je suis persuad\u00e9 qu&rsquo;il peut r\u00e9aliser une grande performance. \u00bb<\/p>\n<p style=\"text-align: justify;\">Laur\u00e9at du convoit\u00e9 Prix de Londres le 10 ao\u00fbt \u00e0 Enghien, ce sujet dur \u00e0 l&rsquo;effort aura sans doute des ambitions \u00e9lev\u00e9es au trot mont\u00e9 cet hiver. Il n&rsquo;a pas d\u00e9m\u00e9rit\u00e9 lors de sa rentr\u00e9e (9e) mais sera seulement plaqu\u00e9 des ant\u00e9rieurs et semble largement barr\u00e9 par les principaux favoris. Pour une autre fois.<\/p>\n<p><strong>Antoine Lh\u00e9r\u00e9t\u00e9, entra\u00eeneur et driver : <\/strong><\/p>\n<p style=\"text-align: justify;\">\u00ab J&rsquo;aime Le Foot (2) vient de retrouver la comp\u00e9tition et semble sur la montante. Il sera plaqu\u00e9 cette fois et devrait afficher des progr\u00e8s. Cependant, face \u00e0 cette opposition, nos ambitions sont limit\u00e9es. Il est clairement barr\u00e9 pour les cinq premi\u00e8res places. \u00bb<\/p>\n<p id=\"ch_KEEP GOING\" style=\"margin-bottom: 1%;\"><a href=\"https:\/\/www.equidia.fr\/chevaux\/keep-going-1?horse_uuid=4fb8439e-89f3-49c2-8d5f-1cb09400d7c6\" target=\"_blank\" rel=\"noopener\">3 &#8211; \u00a0<img decoding=\"async\" alt=\"casaque_KEEP GOING\" src=\"https:\/\/www.europesays.com\/fr\/wp-content\/uploads\/2025\/11\/20251116-r1c4p3-png.png\" style=\"width: 4.5%; margin :0; vertical-align : middle;\"\/>\u00a0\u00a0KEEP GOING<\/a><\/p>\n<p style=\"text-align: justify;\">Ce double laur\u00e9at de Groupe 1 n&rsquo;a plus \u00e9t\u00e9 revu depuis son \u00e9chec dans le Crit\u00e9rium des 5 Ans, le 13 septembre. Il court toutefois bien frais et se pr\u00e9sentera dans sa meilleure configuration d&rsquo;entr\u00e9e de jeu. S&rsquo;il n\u00e9gocie correctement la descente, o\u00f9 il a parfois commis des fautes, il a les moyens de se m\u00ealer \u00e0 la lutte pour les places.<\/p>\n<p><strong>Mathieu Mottier, entra\u00eeneur et driver : <\/strong><\/p>\n<p style=\"text-align: justify;\">\u00ab Keep Going (3) arrive avec de la fra\u00eecheur. C&rsquo;est un choix, l&rsquo;hiver sera long et intense. J&rsquo;esp\u00e8re qu&rsquo;il se pr\u00e9sentera assez pr\u00eat pour viser une place dans les quatre premiers. Son v\u00e9ritable objectif reste le Prix T\u00e9nor de Baune, mais je ne suis pas n\u00e9gatif pour ce dimanche. \u00bb<\/p>\n<p id=\"ch_JUSTIN BOLD\" style=\"margin-bottom: 1%;\"><a href=\"https:\/\/www.equidia.fr\/chevaux\/justin-bold?horse_uuid=f220de9f-1d92-4a86-9f7e-ca793ab83759\" target=\"_blank\" rel=\"noopener\">4 &#8211; \u00a0<img decoding=\"async\" alt=\"casaque_JUSTIN BOLD\" src=\"https:\/\/www.europesays.com\/fr\/wp-content\/uploads\/2025\/11\/20251116-r1c4p4-png.png\" style=\"width: 4.5%; margin :0; vertical-align : middle;\"\/>\u00a0\u00a0JUSTIN BOLD<\/a><\/p>\n<p style=\"text-align: justify;\">Remarquable dans le Grand Prix du Sud-Ouest (2e), m\u00eame s&rsquo;il a \u00e9t\u00e9 ajust\u00e9 par IGUSKI SAUTONNE (5), ce fils de Bold Eagle se pr\u00e9sentera en pleine possession de ses moyens. Confirm\u00e9 sur ce parcours s\u00e9lectif, il va tout donner pour terminer dans les quatre premiers et d\u00e9crocher son ticket pour l&rsquo;Am\u00e9rique. Un \u00e9norme regret.<\/p>\n<p><strong>Jean-R\u00e9mi Delliaux, entra\u00eeneur : <\/strong><\/p>\n<p style=\"text-align: justify;\">\u00ab Justin Bold (4) est dans une bonne dynamique et se pr\u00e9sentera en belle condition. Il aura besoin d&rsquo;un parcours favorable pour s&rsquo;illustrer face \u00e0 de tels rivaux, mais je sais qu&rsquo;il donnera son maximum. Je le juge comp\u00e9titif pour les places. \u00bb<\/p>\n<p id=\"ch_IGUSKI SAUTONNE\" style=\"margin-bottom: 1%;\"><a href=\"https:\/\/www.equidia.fr\/chevaux\/iguski-sautonne?horse_uuid=5cb2c1c8-1d52-4535-abd8-7934b4e8f279\" target=\"_blank\" rel=\"noopener\">5 &#8211; \u00a0<img decoding=\"async\" alt=\"casaque_IGUSKI SAUTONNE\" src=\"https:\/\/www.europesays.com\/fr\/wp-content\/uploads\/2025\/11\/1763230779_400_20251116-r1c4p5-png.png\" style=\"width: 4.5%; margin :0; vertical-align : middle;\"\/>\u00a0\u00a0IGUSKI SAUTONNE<\/a><\/p>\n<p style=\"text-align: justify;\">Cet excellent sprinteur a accompli d&rsquo;\u00e9normes progr\u00e8s durant le printemps et vient de remporter le Grand Prix du Sud-Ouest en ajustant JUSTIN BOLD (4). Il affronte un lot extr\u00eamement relev\u00e9 mais peut s&rsquo;inviter \u00e0 la f\u00eate si l&rsquo;\u00e9preuve est tr\u00e8s s\u00e9lective.<\/p>\n<p><strong>Jean-Etienne Abrivard, fr\u00e8re de l&rsquo;entra\u00eeneur : <\/strong><\/p>\n<p style=\"text-align: justify;\">\u00ab Iguski Sautonne (5) a bien r\u00e9cup\u00e9r\u00e9 de son succ\u00e8s \u00e0 Beaumont-de-Lomagne. Il est au top et souple comme un chat. Cette fois, il doit affronter l&rsquo;\u00e9lite. Il demeure d\u00e9licat \u00e0 la volte, donc il faudra bien n\u00e9gocier ce moment. Ensuite, il devra compter sur un d\u00e9roulement de course favorable. Si tout se passe bien, il peut viser une place. \u00bb<\/p>\n<p id=\"ch_KRACK TIME ATOUT\" style=\"margin-bottom: 1%;\"><a href=\"https:\/\/www.equidia.fr\/chevaux\/krack-time-atout?horse_uuid=5fbba427-2c4b-4e5c-bad2-8f4906939e86\" target=\"_blank\" rel=\"noopener\">6 &#8211; \u00a0<img decoding=\"async\" alt=\"casaque_KRACK TIME ATOUT\" src=\"https:\/\/www.europesays.com\/fr\/wp-content\/uploads\/2025\/11\/1763230780_989_20251116-r1c4p6-png.png\" style=\"width: 4.5%; margin :0; vertical-align : middle;\"\/>\u00a0\u00a0KRACK TIME ATOUT<\/a><\/p>\n<p style=\"text-align: justify;\">Ce finisseur hors pair tente de marcher sur les traces de Davidson du Pont, laur\u00e9at de l&rsquo;\u00e9dition 2018 apr\u00e8s avoir remport\u00e9 le Crit\u00e9rium des 5 Ans (Gr.1). Il a le potentiel pour le faire, mais sera seulement d\u00e9ferr\u00e9 des ant\u00e9rieurs ce dimanche. Plut\u00f4t pour une place.<\/p>\n<p><strong>Adrien Guarato, fils de l&rsquo;entra\u00eeneur : <\/strong><\/p>\n<p style=\"text-align: justify;\">\u00ab Apr\u00e8s son succ\u00e8s dans le Crit\u00e9rium des 5 Ans, Krack Time Atout (6) a pu souffler, sans \u00eatre r\u00e9ellement arr\u00eat\u00e9. Il se pr\u00e9sentera donc en bonne forme pour sa r\u00e9apparition. M\u00eame s&rsquo;il se pr\u00e9sentera seulement d\u00e9ferr\u00e9 des ant\u00e9rieurs, il devrait fournir une belle valeur. Sa place est dans les cinq premiers. \u00bb<\/p>\n<p id=\"ch_JOSH POWER\" style=\"margin-bottom: 1%;\"><a href=\"https:\/\/www.equidia.fr\/chevaux\/josh-power?horse_uuid=193f8fa9-b3dd-4b70-8052-afa7c201aef2\" target=\"_blank\" rel=\"noopener\">7 &#8211; \u00a0<img decoding=\"async\" alt=\"casaque_JOSH POWER\" src=\"https:\/\/www.europesays.com\/fr\/wp-content\/uploads\/2025\/11\/1763230781_160_20251116-r1c4p7-png.png\" style=\"width: 4.5%; margin :0; vertical-align : middle;\"\/>\u00a0\u00a0JOSH POWER<\/a><\/p>\n<p style=\"text-align: justify;\">Sixi\u00e8me de l&rsquo;\u00e9dition 2024 de ce rendez-vous, sans b\u00e9n\u00e9ficier d&rsquo;un parcours id\u00e9al, cet \u00e9l\u00e8ve de S\u00e9bastien Ernault s&rsquo;est bien d\u00e9fendu \u00e0 l&rsquo;occasion de son retour \u00e0 Vincennes, dans le Prix des C\u00e9vennes (4e). Totalement d\u00e9ferr\u00e9 pour son premier objectif hivernal, il s&rsquo;annonce redoutable et ne devrait pas sortir des cinq premiers.<\/p>\n<p><strong>S\u00e9bastien Ernault, entra\u00eeneur et driver : <\/strong><\/p>\n<p style=\"text-align: justify;\">\u00ab Josh Power (7) aurait pu pr\u00e9tendre \u00e0 la deuxi\u00e8me place dans le Prix des C\u00e9vennes. Mais il manquait de rythme, car je n&rsquo;avais pas assez intensifi\u00e9 le travail avant cette course. Cette tentative lui a fait du bien et ses exercices plus pouss\u00e9s m&rsquo;ont donn\u00e9 satisfaction. Nous serons tributaires du d\u00e9roulement, mais je le pense capable de finir dans les quatre premiers. \u00bb<\/p>\n<p id=\"ch_KANA DE BEYLEV\" style=\"margin-bottom: 1%;\"><a href=\"https:\/\/www.equidia.fr\/chevaux\/kana-de-beylev?horse_uuid=0f6a40d4-2aec-4036-9f47-0dfdfd2bbbe0\" target=\"_blank\" rel=\"noopener\">8 &#8211; \u00a0<img decoding=\"async\" alt=\"casaque_KANA DE BEYLEV\" src=\"https:\/\/www.europesays.com\/fr\/wp-content\/uploads\/2025\/11\/20251116-r1c4p8-png.png\" style=\"width: 4.5%; margin :0; vertical-align : middle;\"\/>\u00a0\u00a0KANA DE BEYLEV<\/a><\/p>\n<p style=\"text-align: justify;\">Si elle fait partie des meilleurs de sa promotion depuis son plus jeune \u00e2ge, elle a encore tout \u00e0 prouver face \u00e0 l&rsquo;\u00e9lite des trotteurs d&rsquo;\u00e2ge. Elle vient de peaufiner sa condition \u00e0 Nantes et se pr\u00e9sentera cette fois en \u00ab\u00a0mode course\u00a0\u00bb, avec \u00c9ric Raffin au sulky. Malgr\u00e9 l&rsquo;opposition, elle peut viser la quatri\u00e8me ou cinqui\u00e8me place.<\/p>\n<p><strong>William Bigeon, entra\u00eeneur : <\/strong><\/p>\n<p style=\"text-align: justify;\">\u00ab Kana de Beylev (8) est parfaite le matin. Elle est pr\u00eate \u00e0 fournir sa meilleure valeur. J&rsquo;esp\u00e8re vraiment qu&rsquo;elle pourra terminer dans les quatre premiers et d\u00e9crocher son billet pour la \u00ab\u00a0belle\u00a0\u00bb. J&rsquo;esp\u00e8re simplement qu&rsquo;elle pourra b\u00e9n\u00e9ficier d&rsquo;un bon d\u00e9roulement de course pour placer sa belle pointe de vitesse finale. \u00bb<\/p>\n<p id=\"ch_JEAN BALTHAZAR\" style=\"margin-bottom: 1%;\"><a href=\"https:\/\/www.equidia.fr\/chevaux\/jean-balthazar?horse_uuid=15daa696-2981-4c6d-a255-a831690176d8\" target=\"_blank\" rel=\"noopener\">9 &#8211; \u00a0<img decoding=\"async\" alt=\"casaque_JEAN BALTHAZAR\" src=\"https:\/\/www.europesays.com\/fr\/wp-content\/uploads\/2025\/11\/20251116-r1c4p9-png.png\" style=\"width: 4.5%; margin :0; vertical-align : middle;\"\/>\u00a0\u00a0JEAN BALTHAZAR<\/a><\/p>\n<p style=\"text-align: justify;\">Laur\u00e9at du Prix du Centaures (Gr.1) l&rsquo;hiver dernier, ce sp\u00e9cialiste du trot mont\u00e9 profite de ce rendez-vous pour se remettre en route avant ses objectifs hivernaux. Il reste ferr\u00e9 et n&rsquo;a pas l&rsquo;ombre d&rsquo;une chance dans ce rendez-vous. On raye.<\/p>\n<p><strong>L&rsquo;avis du reporter : <\/strong><\/p>\n<p style=\"text-align: justify;\">\u00ab Jean Balthazar (9) effectue sa rentr\u00e9e en \u00e9tant ferr\u00e9. Il n&rsquo;a pas l&rsquo;ombre d&rsquo;une chance et peut \u00eatre \u00e9cart\u00e9 sans le moindre risque. \u00bb<\/p>\n<p id=\"ch_INA DU RIB\" style=\"margin-bottom: 1%;\"><a href=\"https:\/\/www.equidia.fr\/chevaux\/ina-du-rib?horse_uuid=30918baa-1bce-48bb-b742-a43edf342ad3\" target=\"_blank\" rel=\"noopener\">10 &#8211; \u00a0<img decoding=\"async\" alt=\"casaque_INA DU RIB\" src=\"https:\/\/www.europesays.com\/fr\/wp-content\/uploads\/2025\/11\/20251116-r1c4p10-png.png\" style=\"width: 4.5%; margin :0; vertical-align : middle;\"\/>\u00a0\u00a0INA DU RIB<\/a><\/p>\n<p style=\"text-align: justify;\">Deuxi\u00e8me du Prix de Cornulier (Gr.1) l&rsquo;hiver dernier, cette \u00abdame de fer\u00bb effectue sa rentr\u00e9e et se pr\u00e9pare pour ses prochains objectifs au trot mont\u00e9. Ferr\u00e9e, elle n&rsquo;aura aucune ambition. Mieux vaut la mettre de c\u00f4t\u00e9.<\/p>\n<p><strong>No\u00e9 Perron, salari\u00e9 de l&rsquo;\u00e9curie Rib : <\/strong><\/p>\n<p style=\"text-align: justify;\">\u00ab Ina du Rib (10) retrouve la comp\u00e9tition ce dimanche. Si elle s&rsquo;\u00e9tait pr\u00e9sent\u00e9e en pleine possession de ses moyens, elle aurait pu briguer la cinqui\u00e8me place. Mais pour cette rentr\u00e9e, elle va clairement manquer de rythme. \u00bb<\/p>\n<p id=\"ch_JUST LOVE YOU\" style=\"margin-bottom: 1%;\"><a href=\"https:\/\/www.equidia.fr\/chevaux\/just-love-you?horse_uuid=0fa5c0ee-3e72-48f7-8073-6d4d2a0aab34\" target=\"_blank\" rel=\"noopener\">11 &#8211; \u00a0<img decoding=\"async\" alt=\"casaque_JUST LOVE YOU\" src=\"https:\/\/www.europesays.com\/fr\/wp-content\/uploads\/2025\/11\/20251116-r1c4p11-png.png\" style=\"width: 4.5%; margin :0; vertical-align : middle;\"\/>\u00a0\u00a0JUST LOVE YOU<\/a><\/p>\n<p style=\"text-align: justify;\">L&rsquo;an dernier, elle avait fini troisi\u00e8me du Grand Prix du Sud-Ouest avant de prendre la quatri\u00e8me place de ce rendez-vous. Cette saison, elle a caus\u00e9 une tr\u00e8s vive d\u00e9ception \u00e0 Beaumont-de-Lomagne (6e), malgr\u00e9 un parcours id\u00e9al. Elle a le \u00ab\u00a0moteur\u00a0\u00bb pour rivaliser mais doit surtout rassurer \u00e0 l&rsquo;heure actuelle.<\/p>\n<p><strong>Alexandre Abrivard, driver : <\/strong><\/p>\n<p style=\"text-align: justify;\">\u00ab Just Love You (11) ne s&rsquo;est pas distingu\u00e9e \u00e0 Beaumont-de-Lomagne, mais c&rsquo;\u00e9tait sa premi\u00e8re course offensive apr\u00e8s trois courses de remise en route tr\u00e8s calmes. Je pense qu&rsquo;elle avait besoin de \u00e7a, et ses r\u00e9cents exercices matinaux ont \u00e9t\u00e9 tr\u00e8s encourageants. Elle devrait courir en gros progr\u00e8s ce dimanche. \u00bb<\/p>\n<p id=\"ch_HOKKAIDO JIEL\" style=\"margin-bottom: 1%;\"><a href=\"https:\/\/www.equidia.fr\/chevaux\/hokkaido-jiel?horse_uuid=f7d1d079-973e-43f5-b900-1bb419def13c\" target=\"_blank\" rel=\"noopener\">12 &#8211; \u00a0<img decoding=\"async\" alt=\"casaque_HOKKAIDO JIEL\" src=\"https:\/\/www.europesays.com\/fr\/wp-content\/uploads\/2025\/11\/1763230784_541_20251116-r1c4p12-png.png\" style=\"width: 4.5%; margin :0; vertical-align : middle;\"\/>\u00a0\u00a0HOKKAIDO JIEL<\/a><\/p>\n<p style=\"text-align: justify;\">Apr\u00e8s dix mois d&rsquo;absence, il a eu un tr\u00e8s bon comportement dans le Prix des C\u00e9vennes (6e), en restant chauss\u00e9. Il n&rsquo;a plus \u00e0 faire ses preuves \u00e0 ce niveau et se pr\u00e9sentera cette fois en \u00ab\u00a0mode course\u00a0\u00bb. M\u00eame s&rsquo;il peut manquer d&rsquo;un parcours, il m\u00e9rite le respect.<\/p>\n<p><strong>Jean-Luc Dersoir, entra\u00eeneur : <\/strong><\/p>\n<p style=\"text-align: justify;\">\u00ab Apr\u00e8s dix mois d&rsquo;absence, Hokkaido Jiel (12) m&rsquo;a plu pour sa rentr\u00e9e, le 30 octobre, alors qu&rsquo;il \u00e9tait ferr\u00e9. Il a fait un travail assez pouss\u00e9 lundi et a bien r\u00e9pondu. Il sera d\u00e9ferr\u00e9 et devrait logiquement courir en progr\u00e8s. Avec un bon parcours, il peut int\u00e9grer la combinaison gagnante du Quint\u00e9+. \u00bb<\/p>\n<p id=\"ch_JUSHUA TREE\" style=\"margin-bottom: 1%;\"><a href=\"https:\/\/www.equidia.fr\/chevaux\/jushua-tree?horse_uuid=c18b06c5-835e-42a5-981b-60c2f323241f\" target=\"_blank\" rel=\"noopener\">13 &#8211; \u00a0<img decoding=\"async\" alt=\"casaque_JUSHUA TREE\" src=\"https:\/\/www.europesays.com\/fr\/wp-content\/uploads\/2025\/11\/1763230785_963_20251116-r1c4p13-png.png\" style=\"width: 4.5%; margin :0; vertical-align : middle;\"\/>\u00a0\u00a0JUSHUA TREE<\/a><\/p>\n<p style=\"text-align: justify;\">Ce v\u00e9ritable champion a entam\u00e9 son hiver par un \u00e9poustouflant succ\u00e8s dans le Prix des C\u00e9vennes (Gr.3). Il se pr\u00e9sentera totalement d\u00e9ferr\u00e9 pour la deuxi\u00e8me fois de sa carri\u00e8re seulement, sachant qu&rsquo;il avait remport\u00e9 un Groupe 1 (Prix Bold Eagle) lors de son premier essai. En toute logique, il sera tr\u00e8s appuy\u00e9 au betting.<\/p>\n<p><strong>Nicolas Bazire, entra\u00eeneur : <\/strong><\/p>\n<p style=\"text-align: justify;\">\u00ab Tout va bien pour Jushua Tree (13) depuis sa victoire dans le Prix des C\u00e9vennes. Avec les pr\u00e9visions m\u00e9t\u00e9o, la piste devrait \u00eatre parfaite, c&rsquo;est pourquoi nous allons le d\u00e9ferrer des quatre pieds. Nous visons clairement la qualification pour l&rsquo;Am\u00e9rique d\u00e8s dimanche. Il devrait jouer un premier r\u00f4le. \u00bb<\/p>\n<p id=\"ch_IZOARD VEDAQUAIS\" style=\"margin-bottom: 1%;\"><a href=\"https:\/\/www.equidia.fr\/chevaux\/izoard-vedaquais?horse_uuid=8649da3e-d899-4160-b3ac-85e817d701c1\" target=\"_blank\" rel=\"noopener\">14 &#8211; \u00a0<img decoding=\"async\" alt=\"casaque_IZOARD VEDAQUAIS\" src=\"https:\/\/www.europesays.com\/fr\/wp-content\/uploads\/2025\/11\/1763230785_857_20251116-r1c4p14-png.png\" style=\"width: 4.5%; margin :0; vertical-align : middle;\"\/>\u00a0\u00a0IZOARD VEDAQUAIS<\/a><\/p>\n<p style=\"text-align: justify;\">Apr\u00e8s une longue interruption de carri\u00e8re, ce \u00ab\u00a0rouleau compresseur\u00a0\u00bb monte en puissance et n&rsquo;a pas \u00e0 rougir de sa r\u00e9cente troisi\u00e8me place dans le Prix des C\u00e9vennes (Gr.3). Capable d&rsquo;animer les d\u00e9bats et tr\u00e8s \u00e0 l&rsquo;aise lorsqu&rsquo;il \u00e9volue d\u00e9ferr\u00e9 des ant\u00e9rieurs, il fait logiquement partie des candidats au podium.<\/p>\n<p><strong>L&rsquo;avis du reporter : <\/strong><\/p>\n<p style=\"text-align: justify;\">\u00ab Auteur de deux bonnes courses cet automne, Izoard Vedaquais (14) retrouve peu \u00e0 peu la pl\u00e9nitude de ses moyens. Il aura probablement du mal \u00e0 prendre sa revanche sur Jushua Tree (13), tant celui-ci l&rsquo;a facilement domin\u00e9 derni\u00e8rement, mais un accessit reste envisageable. \u00bb<\/p>\n<p id=\"ch_HIRONDELLE DU RIB\" style=\"margin-bottom: 1%;\"><a href=\"https:\/\/www.equidia.fr\/chevaux\/hirondelle-du-rib?horse_uuid=534fdf39-d65c-4dd4-867f-4f6d76d94fb2\" target=\"_blank\" rel=\"noopener\">15 &#8211; \u00a0<img decoding=\"async\" alt=\"casaque_HIRONDELLE DU RIB\" src=\"https:\/\/www.europesays.com\/fr\/wp-content\/uploads\/2025\/11\/20251116-r1c4p15-png.png\" style=\"width: 4.5%; margin :0; vertical-align : middle;\"\/>\u00a0\u00a0HIRONDELLE DU RIB<\/a><\/p>\n<p style=\"text-align: justify;\">Cette \u00e9l\u00e8ve de Jo\u00ebl Hallais poursuit sa pr\u00e9paration en vue des grands rendez-vous hivernaux sous la selle. Cette sortie lui fera sans doute le plus grand bien avant le Prix Paul Buquet, le 27 novembre. Impasse conseill\u00e9e.<\/p>\n<p><strong>No\u00e9 Perron, driver : <\/strong><\/p>\n<p style=\"text-align: justify;\">\u00ab Hirondelle du Rib (15) vient de retrouver la comp\u00e9tition \u00e0 Argentan. Elle est sur la bonne voie et cette course va lui faire le plus grand bien. Elle reste paresseuse le matin et le rythme de la comp\u00e9tition l&rsquo;aide beaucoup \u00e0 monter en condition. Ce dimanche, elle aura \u00e9videmment du mal \u00e0 se distinguer, mais vous pourrez la suivre prochainement. \u00bb<\/p>\n<p id=\"ch_BORUPS VICTORY\" style=\"margin-bottom: 1%;\"><a href=\"https:\/\/www.equidia.fr\/chevaux\/borups-victory?horse_uuid=c73810ab-335b-4c9c-8bbc-712062662381\" target=\"_blank\" rel=\"noopener\">16 &#8211; \u00a0<img decoding=\"async\" alt=\"casaque_BORUPS VICTORY\" src=\"https:\/\/www.europesays.com\/fr\/wp-content\/uploads\/2025\/11\/1763230787_815_20251116-r1c4p16-png.png\" style=\"width: 4.5%; margin :0; vertical-align : middle;\"\/>\u00a0\u00a0BORUPS VICTORY<\/a><\/p>\n<p style=\"text-align: justify;\">Ce trotteur su\u00e9dois avait jou\u00e9 de malchance lors de son unique essai \u00e0 Vincennes, le 11 octobre 2024 (5e), en terminant tout pr\u00e8s du crack Idao de Tillard. N\u00e9anmoins, il n&rsquo;a pu convaincre en dernier lieu \u00e0 Solvalla (10e) et doit b\u00e9n\u00e9ficier d&rsquo;un parcours limpide pour donner sa pleine mesure. En bout de piste.<\/p>\n<p><strong>L&rsquo;avis du reporter : <\/strong><\/p>\n<p style=\"text-align: justify;\">\u00ab Irr\u00e9prochable depuis le d\u00e9but de l&rsquo;ann\u00e9e 2024, Borups Victory (16) a connu un coup d&rsquo;arr\u00eat dans une \u00e9preuve tr\u00e8s relev\u00e9e \u00e0 Solvalla. \u00c0 sa d\u00e9charge, il effectuait une petite rentr\u00e9e ce jour-l\u00e0 et partait du couloir 12. S&rsquo;il fournit sa meilleure valeur, il peut venir jouer les trouble-f\u00eate. \u00bb<\/p>\n<p id=\"ch_JUST A GIGOLO\" style=\"margin-bottom: 1%;\"><a href=\"https:\/\/www.equidia.fr\/chevaux\/just-a-gigolo-1?horse_uuid=7583b6e1-cc80-43ae-a48e-e13959188f0c\" target=\"_blank\" rel=\"noopener\">17 &#8211; \u00a0<img decoding=\"async\" alt=\"casaque_JUST A GIGOLO\" src=\"https:\/\/www.europesays.com\/fr\/wp-content\/uploads\/2025\/11\/20251116-r1c4p17-png.png\" style=\"width: 4.5%; margin :0; vertical-align : middle;\"\/>\u00a0\u00a0JUST A GIGOLO<\/a><\/p>\n<p style=\"text-align: justify;\">Ce second atout de Philippe Allaire a beaucoup de mal \u00e0 recouvrer ses sensations apr\u00e8s une longue absence. Il a \u00e9t\u00e9 nettement domin\u00e9 en dernier lieu \u00e0 Beaumont (7e) et aura du mal \u00e0 inverser la tendance, m\u00eame s&rsquo;il sera pilot\u00e9 par Yoann Lebourgeois. Sans nous.<\/p>\n<p><strong>L&rsquo;avis du reporter : <\/strong><\/p>\n<p style=\"text-align: justify;\">\u00ab Apr\u00e8s deux courses de remise en route, Just A Gigolo (17) sera cette fois plaqu\u00e9 des ant\u00e9rieurs et d\u00e9ferr\u00e9 des post\u00e9rieurs. Il est devenu assez d\u00e9licat au d\u00e9part et devra se montrer sage dans la phase initiale. Si tel est le cas, il peut compl\u00e9ter la combinaison gagnante en cas de d\u00e9faillances de certains favoris. \u00bb<\/p>\n<p id=\"ch_IDEALE DU CHENE\" style=\"margin-bottom: 1%;\"><a href=\"https:\/\/www.equidia.fr\/chevaux\/ideale-du-chene?horse_uuid=369a7e69-af0d-4f3f-8fb8-9ffe75ee739f\" target=\"_blank\" rel=\"noopener\">18 &#8211; \u00a0<img decoding=\"async\" alt=\"casaque_IDEALE DU CHENE\" src=\"https:\/\/www.europesays.com\/fr\/wp-content\/uploads\/2025\/11\/20251116-r1c4p18-png.png\" style=\"width: 4.5%; margin :0; vertical-align : middle;\"\/>\u00a0\u00a0IDEALE DU CHENE<\/a><\/p>\n<p style=\"text-align: justify;\">Cette repr\u00e9sentante de la casaque Guedj poursuit sa pr\u00e9paration avant le Prix de Cornulier. Elle n&rsquo;a plus fini dans les cinq premiers d&rsquo;une comp\u00e9tition \u00e0 l&rsquo;attel\u00e9 depuis juillet 2021 et peut \u00eatre \u00e9cart\u00e9e sans le moindre risque.<\/p>\n<p><strong>Julien Le Mer, entra\u00eeneur : <\/strong><\/p>\n<p style=\"text-align: justify;\">\u00ab Id\u00e9ale du Ch\u00eane (18) va profiter de cet engagement pour poursuivre sa mont\u00e9e en puissance. Ferr\u00e9e et \u00e0 l&rsquo;attelage, elle peut \u00eatre \u00e9cart\u00e9e de vos jeux. \u00bb<\/p>\n<p><strong>Les favoris de la presse<\/strong><\/p>\n<p class=\"synthese\"><strong>SYNTH\u00c8SE \u00a0\u00a0\u00a0\u00a013\u00a0\u00a0&#8211;\u00a0\u00a07\u00a0\u00a0&#8211;\u00a0\u00a014\u00a0\u00a0&#8211;\u00a0\u00a012\u00a0\u00a0&#8211;\u00a0\u00a05\u00a0\u00a0&#8211;\u00a0\u00a016\u00a0\u00a0&#8211;\u00a0\u00a04\u00a0\u00a0&#8211;\u00a0\u00a03<\/strong><\/p>\n<p><a href=\"https:\/\/servedby.revive-adserver.net\/ck.php?n=aa10a822&amp;cb=1234\" target=\"_blank\" rel=\"noopener\"><img decoding=\"async\" alt=\"\" border=\"0\" src=\"https:\/\/www.europesays.com\/fr\/wp-content\/uploads\/2025\/11\/1763243919_181_avw\"\/><\/a><\/p>\n<p><strong>Les stats du jour<\/strong><\/p>\n<p><img decoding=\"async\" src=\"https:\/\/www.europesays.com\/fr\/wp-content\/uploads\/2025\/11\/1116_stats-web_amerique-races-jpg\"\/><\/p>\n","protected":false},"excerpt":{"rendered":"Les partants du Quint\u00e9+ de ce dimanche 16 novembrePRIX DE BRETAGNE-AMERIQUE RACES Q1DIMANCHE 16 NOVEMBREPARIS-VINCENNES &#8211; 2700 METRES&hellip;\n","protected":false},"author":2,"featured_media":536501,"comment_status":"","ping_status":"","sticky":false,"template":"","format":"standard","meta":{"footnotes":""},"categories":[1888],"tags":[11,7635,1777,674,1011,27,12,626,1821,3015,25,7637],"class_list":{"0":"post-536846","1":"post","2":"type-post","3":"status-publish","4":"format-standard","5":"has-post-thumbnail","7":"category-paris","8":"tag-actualites","9":"tag-attele","10":"tag-eu","11":"tag-europe","12":"tag-fr","13":"tag-france","14":"tag-news","15":"tag-paris","16":"tag-pronostics","17":"tag-qrcode","18":"tag-republique-francaise","19":"tag-trot"},"share_on_mastodon":{"url":"https:\/\/pubeurope.com\/@fr\/115555966910317950","error":""},"_links":{"self":[{"href":"https:\/\/www.europesays.com\/fr\/wp-json\/wp\/v2\/posts\/536846","targetHints":{"allow":["GET"]}}],"collection":[{"href":"https:\/\/www.europesays.com\/fr\/wp-json\/wp\/v2\/posts"}],"about":[{"href":"https:\/\/www.europesays.com\/fr\/wp-json\/wp\/v2\/types\/post"}],"author":[{"embeddable":true,"href":"https:\/\/www.europesays.com\/fr\/wp-json\/wp\/v2\/users\/2"}],"replies":[{"embeddable":true,"href":"https:\/\/www.europesays.com\/fr\/wp-json\/wp\/v2\/comments?post=536846"}],"version-history":[{"count":0,"href":"https:\/\/www.europesays.com\/fr\/wp-json\/wp\/v2\/posts\/536846\/revisions"}],"wp:featuredmedia":[{"embeddable":true,"href":"https:\/\/www.europesays.com\/fr\/wp-json\/wp\/v2\/media\/536501"}],"wp:attachment":[{"href":"https:\/\/www.europesays.com\/fr\/wp-json\/wp\/v2\/media?parent=536846"}],"wp:term":[{"taxonomy":"category","embeddable":true,"href":"https:\/\/www.europesays.com\/fr\/wp-json\/wp\/v2\/categories?post=536846"},{"taxonomy":"post_tag","embeddable":true,"href":"https:\/\/www.europesays.com\/fr\/wp-json\/wp\/v2\/tags?post=536846"}],"curies":[{"name":"wp","href":"https:\/\/api.w.org\/{rel}","templated":true}]}}