{"id":536849,"date":"2025-11-15T22:00:37","date_gmt":"2025-11-15T22:00:37","guid":{"rendered":"https:\/\/www.europesays.com\/fr\/536849\/"},"modified":"2025-11-15T22:00:37","modified_gmt":"2025-11-15T22:00:37","slug":"cyberattaques-sabotage-ingerence-drones-bienvenue-a-lere-de-la-guerre-hybride","status":"publish","type":"post","link":"https:\/\/www.europesays.com\/fr\/536849\/","title":{"rendered":"Cyberattaques, sabotage, ing\u00e9rence, drones\u2026 Bienvenue \u00e0 l&rsquo;\u00e8re de la guerre hybride"},"content":{"rendered":"<p>Le syst\u00e8me international se transforme depuis le d\u00e9but du XXIe\u00a0si\u00e8cle, passant d\u2019un mod\u00e8le bipolaire, en place depuis la fin de la Deuxi\u00e8me Guerre mondiale, \u00e0 un monde multipolaire en formation. C\u2019est ainsi qu\u2019on a vu \u00e9merger une nouvelle forme de conflit\u00a0: la guerre hybride.<\/p>\n<p><a href=\"https:\/\/pur-editions.fr\/product\/10252\/la-guerre-hybride\" rel=\"nofollow noopener\" target=\"_blank\">Cette derni\u00e8re<\/a> combine des actions militaires conventionnelles, mais aussi non militaires, comme les cyberattaques, l\u2019ing\u00e9rence informationnelle, le sabotage des infrastructures sur le terrain de l\u2019ennemi, le survol de drones. Elle n\u2019est jamais officiellement d\u00e9clar\u00e9e, ce qui rend difficiles l\u2019attribution officielle et une r\u00e9ponse cibl\u00e9e.<\/p>\n<p>Professeur titulaire de relations internationales au D\u00e9partement d\u2019histoire de l\u2019Universit\u00e9 Laval, la guerre en Ukraine et la r\u00e9action internationale vis-\u00e0-vis du conflit sont au centre de mes recherches.<\/p>\n<p>La Russie et la guerre hybride<\/p>\n<p>En Russie, la guerre hybride a trouv\u00e9 sa l\u00e9gimit\u00e9 apr\u00e8s le <a href=\"https:\/\/blogs.mediapart.fr\/aleteitelbaum\/blog\/130223\/discours-de-poutine-de-fevrier-2007-la-conference-de-munich-sur-la-securite\" rel=\"nofollow noopener\" target=\"_blank\">discours de Poutine \u00e0 la conf\u00e9rence de Munich en 2007<\/a>. Il y annon\u00e7ait un renforcement de la politique \u00e9trang\u00e8re russe, critiquait le monde unipolaire dirig\u00e9 par les \u00c9tats-Unis et appelait \u00e0 un ordre mondial multipolaire.<\/p>\n<p>L\u2019ann\u00e9e suivante, la Russie <a href=\"https:\/\/fr.wikipedia.org\/wiki\/Guerre_russo-g%C3%A9orgienne\" rel=\"nofollow noopener\" target=\"_blank\">lan\u00e7ait des hostilit\u00e9s en G\u00e9orgie<\/a> et en 2014, <a href=\"https:\/\/fr.wikipedia.org\/wiki\/Annexion_de_la_Crim%C3%A9e_par_la_Russie_en_2014\" rel=\"nofollow noopener\" target=\"_blank\">elle annexait la Crim\u00e9e<\/a>. Puis, en 2022, la Russie a lanc\u00e9 une agression ouverte contre son voisin ukrainien.<\/p>\n<p>Parall\u00e8lement \u00e0 cette guerre conventionnelle, Moscou m\u00e8ne aussi une guerre hybride, non d\u00e9clar\u00e9e contre les alli\u00e9s europ\u00e9ens qui soutiennent l\u2019effort de guerre ukrainien. Ainsi, depuis la mi-septembre, des <a href=\"https:\/\/theconversation.com\/les-provocations-de-la-russie-en-europe-indiquent-elles-un-affaiblissement-de-sa-position-strategique-267512\" rel=\"nofollow noopener\" target=\"_blank\">drones russes survolent l\u2019espace a\u00e9rien de plusieurs pays limitrophes<\/a>, mais <a href=\"https:\/\/www.rtbf.be\/article\/la-belgique-au-centre-de-la-guerre-hybride-cartographie-des-survols-de-drones-en-europe-11628663\" rel=\"nofollow noopener\" target=\"_blank\">aussi de la Belgique<\/a>.<\/p>\n<p>            <img decoding=\"async\" alt=\"\" src=\"https:\/\/www.europesays.com\/fr\/wp-content\/uploads\/2025\/11\/file-20251114-56-csqvqw.jpg\" class=\"native-lazy\" loading=\"lazy\"  \/><\/p>\n<p>              Un garde-fronti\u00e8re estonien patrouille la fronti\u00e8re russe pr\u00e8s de Vinski, en Estonie, le 15\u00a0septembre 2025.<br \/>\n              (AP Photo\/Hendrik Osula)<\/p>\n<p>Des a\u00e9roports europ\u00e9ens, notamment ceux de <a href=\"https:\/\/www.tvanouvelles.ca\/2025\/09\/26\/danemark-un-nouvel-aeroport-ferme-apres-une-alerte-aux-drones\" rel=\"nofollow noopener\" target=\"_blank\">Copenhague<\/a>, de Bruxelles et de <a href=\"https:\/\/ici.radio-canada.ca\/nouvelle\/2196776\/aeroport-munich-survol-drones\" rel=\"nofollow noopener\" target=\"_blank\">Munich<\/a>, ont vu leurs op\u00e9rations perturb\u00e9es par des drones d\u2019origine inconnue.<\/p>\n<p>La guerre hybride appara\u00eet ainsi comme une mutation de la <a href=\"https:\/\/thecanadianencyclopedia.ca\/fr\/article\/guerre-froide\" rel=\"nofollow noopener\" target=\"_blank\">Guerre froide<\/a> et s\u2019inscrit dans la transformation de syst\u00e8me international.<\/p>\n<p>    <strong><br \/>\n      Read more:<br \/>\n      <a href=\"https:\/\/theconversation.com\/les-provocations-de-la-russie-en-europe-indiquent-elles-un-affaiblissement-de-sa-position-strategique-267512\" rel=\"nofollow noopener\" target=\"_blank\">Les provocations de la Russie en Europe indiquent-elles un affaiblissement de sa position strat\u00e9gique ?<\/a><br \/>\n    <\/strong><\/p>\n<p>H\u00e9ritage de la guerre froide<\/p>\n<p>La Guerre froide a marqu\u00e9 durablement les relations internationales entre les d\u00e9mocraties lib\u00e9rales et les \u00c9tats totalitaires et autoritaires, notamment l\u2019Union sovi\u00e9tique, la Chine et leurs alli\u00e9s. La <a href=\"https:\/\/fr.wikipedia.org\/wiki\/Chute_du_mur_de_Berlin\" rel=\"nofollow noopener\" target=\"_blank\">chute du mur de Berlin en 1989<\/a> et la d\u00e9sint\u00e9gration de l\u2019Union sovi\u00e9tique en 1991 y a mis fin.<\/p>\n<p>Apr\u00e8s le <a href=\"https:\/\/fr.wikipedia.org\/wiki\/Manifestations_de_la_place_Tian%27anmen\" rel=\"nofollow noopener\" target=\"_blank\">massacre des \u00e9tudiants \u00e0 la place de Tian\u2019anmen en 1989<\/a>, la Chine est rest\u00e9e dans le collimateur de l\u2019Occident. Une forme de Guerre froide \u00e0 faible intensit\u00e9 a continu\u00e9 jusqu\u2019au milieu des ann\u00e9es\u00a01990.<\/p>\n<p>Durant la p\u00e9riode de la Guerre froide, aucune guerre n\u2019\u00e9tait envisageable entre l\u2019Ouest et l\u2019Est, ni conventionnelle, et encore moins nucl\u00e9aire. Les trait\u00e9s sign\u00e9s limitant le nombre et la port\u00e9e des armes nucl\u00e9aires de deux c\u00f4t\u00e9s \u00e9taient respect\u00e9s.<\/p>\n<p>Apr\u00e8s la <a href=\"https:\/\/thecanadianencyclopedia.ca\/fr\/article\/crise-des-missiles-cubains\" rel=\"nofollow noopener\" target=\"_blank\">crise des missiles \u00e0 Cuba<\/a>, en 1962, ces trait\u00e9s sont devenus la cl\u00e9 de vo\u00fbte de l\u2019architecture de s\u00e9curit\u00e9 de l\u2019OTAN et du Pacte de Varsovie. La dissuasion nucl\u00e9aire adopt\u00e9e des deux c\u00f4t\u00e9s a exclu la guerre comme moyen pour obtenir des gains territoriaux, \u00e9conomiques ou autres. Cependant, la Guerre froide permettait d\u2019autres formes de conflits entre deux camps, notamment une guerre de propagande, une course aux armements et des guerres interpos\u00e9es dans les pays qu\u2019on appelait alors ceux du tiers-monde (Vi\u00eat-nam et Cor\u00e9e) entre autres.<\/p>\n<p>Vers une Russie revancharde<\/p>\n<p>La fin de la Guerre froide a \u00e9t\u00e9 b\u00e9n\u00e9fique pour la Russie et la Chine.<\/p>\n<p>La coop\u00e9ration multiforme avec l\u2019Occident \u00e9tait \u00e9tablie \u00e0 tous les niveaux, politique, \u00e9conomique et culturel. Cependant, la prosp\u00e9rit\u00e9 cr\u00e9\u00e9e par la fin de la Guerre froide n\u2019a pas satisfait les ambitions g\u00e9opolitiques de Vladimir Poutine. En attaquant l\u2019Ukraine en 2022, il a d\u00e9cid\u00e9 de restaurer l\u2019empire russe par l\u2019emploi de la force militaire et en violation flagrante du droit international.<\/p>\n<p>Poutine a qualifi\u00e9 la guerre contre l\u2019Ukraine \u00ab\u00a0d\u2019op\u00e9ration sp\u00e9ciale\u00a0\u00bb visant \u00e0 neutraliser la d\u00e9rive n\u00e9onazie du pays. Il s\u2019agit d\u2019une justification creuse, d\u00e9nou\u00e9e de cr\u00e9dibilit\u00e9 et digne de la rh\u00e9torique orwellienne. Outre d\u2019imposer une souverainet\u00e9 limit\u00e9e \u00e0 l\u2019Ukraine en d\u00e9cembre 2021, deux mois avant le d\u00e9clenchement de la guerre totale, Vladimir Poutine a exig\u00e9 aussi le retrait g\u00e9opolitique de l\u2019OTAN, en lui demandant de revenir \u00ab\u00a0aux fronti\u00e8res de 1991\u00a0\u00bb.<\/p>\n<p>            <img decoding=\"async\" alt=\"\" src=\"https:\/\/www.europesays.com\/fr\/wp-content\/uploads\/2025\/11\/file-20251114-56-7u632c.jpg\" class=\"native-lazy\" loading=\"lazy\"  \/><\/p>\n<p>              Des sauveteurs interviennent sur les lieux d\u2019un b\u00e2timent endommag\u00e9 apr\u00e8s une attaque russe \u00e0 Kiev, en Ukraine, le 14\u00a0novembre 2025. La guerre contre l\u2019Ukraine peut \u00eatre qualifi\u00e9 comme totale, \u00e9tant donn\u00e9 qu\u2019elle englobe la guerre conventionnelle et la guerre hybride.<br \/>\n              (AP Photo\/Efrem Lukatsky)<\/p>\n<p>Ainsi, c\u2019est un nouveau <a href=\"https:\/\/fr.wikipedia.org\/wiki\/Conf%C3%A9rence_de_Yalta\" rel=\"nofollow noopener\" target=\"_blank\">trait\u00e9 de Yalta<\/a> que Poutine a exig\u00e9 pour \u00e9viter la guerre contre l\u2019Ukraine. Devant le refus de l\u2019Occident de battre en retrait strat\u00e9giquement de l\u2019Europe centre-orientale, Poutine a opt\u00e9 pour une guerre hybride, non d\u00e9clar\u00e9e, contre les \u00c9tats membres de l\u2019OTAN, et une guerre totale contre l\u2019Ukraine, aussi non d\u00e9clar\u00e9e. La guerre contre l\u2019Ukraine peut \u00eatre qualifi\u00e9e comme totale, \u00e9tant donn\u00e9 qu\u2019elle englobe la guerre conventionnelle et la guerre hybride.<\/p>\n<p>    <strong><br \/>\n      Read more:<br \/>\n      <a href=\"https:\/\/theconversation.com\/voici-comment-les-drones-modifient-les-manieres-de-faire-la-guerre-259092\" rel=\"nofollow noopener\" target=\"_blank\">Voici comment les drones modifient les mani\u00e8res de faire la guerre<\/a><br \/>\n    <\/strong><\/p>\n<p>L\u2019Europe dans le collimateur<\/p>\n<p>Le champ de bataille de cette guerre hybride lanc\u00e9e par Moscou contre les \u00c9tats membres de l\u2019OTAN et de l\u2019Union europ\u00e9enne est d\u00e9sormais dans le cyberespace.<\/p>\n<p>C\u2019est un nouveau front o\u00f9 se d\u00e9roulent des cyberattaques men\u00e9es par des pirates russes. L\u2019\u00e9ventail de l\u2019ing\u00e9rence informationnelle est large, elle peut cibler les infrastructures civiles, voire manipuler des \u00e9lections, comme on soup\u00e7onne que ce fut le cas lors des pr\u00e9sidentielles en <a href=\"https:\/\/www.portail-ie.fr\/univers\/2025\/elections-roumanie\/\" rel=\"nofollow noopener\" target=\"_blank\">Roumanie<\/a> et en <a href=\"https:\/\/ici.radio-canada.ca\/nouvelle\/2195581\/desinformation-russie-election-moldavie-union-europeenne\" rel=\"nofollow noopener\" target=\"_blank\">Moldavie<\/a> en 2025.<\/p>\n<p>            <img decoding=\"async\" alt=\"\" src=\"https:\/\/www.europesays.com\/fr\/wp-content\/uploads\/2025\/11\/file-20251114-56-ogx3hf.jpg\" class=\"native-lazy\" loading=\"lazy\"  \/><\/p>\n<p>              Des agents de la d\u00e9fense territoriale d\u00e9blayent les d\u00e9bris d\u2019une maison pr\u00e8s de Lublin, en Pologne, apr\u00e8s que des drones russes ont viol\u00e9 l\u2019espace a\u00e9rien polonais le 11\u00a0septembre 2025.<br \/>\n              (AP Photo\/Czarek Sokolowski, File)<\/p>\n<p>Afin de prot\u00e9ger l\u2019organisation de futurs scrutins, la Commission europ\u00e9enne <a href=\"https:\/\/www.rtbf.be\/article\/face-aux-menaces-d-ingerences-russes-l-ue-veut-muscler-ses-aides-aux-medias-11629960\" rel=\"nofollow noopener\" target=\"_blank\">a d\u00e9voil\u00e9 le 12\u00a0novembre son \u00ab\u00a0bouclier d\u00e9mocratique\u00a0\u00bb<\/a>, un ensemble de mesures destin\u00e9es \u00e0 contrer la \u00ab\u00a0guerre d\u2019influence\u00a0\u00bb men\u00e9e par la Russie en Europe.<\/p>\n<p>\u00c0 cela s\u2019ajoute une guerre de drones, jamais reconnue par la Russie. Elle paralyse des a\u00e9roports europ\u00e9ens en perturbant les vols. La <a href=\"https:\/\/www.ladepeche.fr\/2025\/11\/09\/survol-de-drones-en-belgique-la-russie-soupconnee-lotan-sollicitee-pour-proteger-bruxelles-13042880.php\" rel=\"nofollow noopener\" target=\"_blank\">cible privil\u00e9gie de ces attaques est d\u00e9sormais la Belgique<\/a> (nouveau survol au d\u00e9but du mois de novembre), o\u00f9 est le si\u00e8ge de l\u2019OTAN. Le pays semble \u00eatre, avec les \u00c9tats baltes et la Pologne, au centre de la guerre hybride men\u00e9e par Moscou.<\/p>\n<p>            <img decoding=\"async\" alt=\"\" src=\"https:\/\/www.europesays.com\/fr\/wp-content\/uploads\/2025\/11\/file-20251114-56-4wasc.jpg\" class=\"native-lazy\" loading=\"lazy\"  \/><\/p>\n<p>              Un panneau interdisant les drones est aper\u00e7u juste \u00e0 l\u2019ext\u00e9rieur du p\u00e9rim\u00e8tre de l\u2019a\u00e9roport international de Bruxelles, en Belgique. Des drones venaient d\u2019y \u00eatre signal\u00e9s, dans la nuit du 5\u00a0novembre 2025.<br \/>\n              AP Photo\/Virginia Mayo)<\/p>\n<p>Un rh\u00e9torique de menace<\/p>\n<p>Vladimir Poutine envisage aussi la <a href=\"https:\/\/www.rcinet.ca\/regard-sur-arctique\/2025\/11\/05\/poutine-demande-des-propositions-sur-une-eventuelle-reprise-des-essais-nucleaires\/\" rel=\"nofollow noopener\" target=\"_blank\">reprise des essais nucl\u00e9aires<\/a>. La r\u00e9plique du pr\u00e9sident Trump ne s\u2019est pas fait attendre. Les \u00c9tats-Unis vont embo\u00eeter le pas, m\u00eame s\u2019ils <a href=\"https:\/\/lactualite.com\/actualites\/les-essais-nucleaires-prevus-par-trump-nincluront-pas-dexplosions\/\" rel=\"nofollow noopener\" target=\"_blank\">n\u2019incluront pas d\u2019explosions nucl\u00e9aires lors de leurs essais<\/a>.<\/p>\n<p>            <img decoding=\"async\" alt=\"\" src=\"https:\/\/www.europesays.com\/fr\/wp-content\/uploads\/2025\/11\/file-20250423-56-4lp63e.jpg\" class=\"native-lazy\" loading=\"lazy\"  \/><\/p>\n<p>              L\u2019expertise universitaire, l\u2019exigence journalistique.<\/p>\n<p>D\u00e9j\u00e0 des milliers d\u2019abonn\u00e9s \u00e0 l\u2019infolettre de <a href=\"https:\/\/theconversation.com\/ca-fr\" rel=\"nofollow noopener\" target=\"_blank\">La Conversation<\/a>. Et vous\u00a0? Abonnez-vous gratuitement \u00e0 notre <a href=\"https:\/\/theconversation.com\/ca-fr\/newsletters\/linfolettre-de-la-conversation-canada-20\" rel=\"nofollow noopener\" target=\"_blank\">infolettre<\/a> pour mieux comprendre les grands enjeux contemporains.<\/p>\n<p>La remise en question de la dissuasion nucl\u00e9aire par la Russie est accompagn\u00e9e par une rh\u00e9torique toxique orchestr\u00e9e par l\u2019ancien pr\u00e9sident de la Russie, <a href=\"https:\/\/www.france24.com\/fr\/europe\/20250804-dmitri-medvedev-donald-trump-outrances-provocateur-chef-poutine\" rel=\"nofollow noopener\" target=\"_blank\">Dimitri Medvedev<\/a>, proche de Poutine, et le politiste <a href=\"https:\/\/www.lefigaro.fr\/international\/serguei-karaganov-architecte-de-la-politique-etrangere-russe-la-dissuasion-ne-fonctionne-plus-il-faut-reinstaurer-la-peur-20241203\" rel=\"nofollow noopener\" target=\"_blank\">Serguei Karaganov<\/a>, visant \u00e0 intimider l\u2019Occident.<\/p>\n<p>La guerre hybride est la seule arme dont dispose la Russie pour dissuader les alli\u00e9s de l\u2019Ukraine de lui livrer des armes et d\u2019apporter de l\u2019aide \u00e9conomique. Tant que la guerre en Ukraine continue, celle, hybride, contre l\u2019Occident ne s\u2019arr\u00eatera pas.<\/p>\n<p>La guerre conventionnelle entre la Russie et les membres de l\u2019OTAN est improbable. Le risque d\u2019escalade deviendrait incontr\u00f4lable, et le danger d\u2019utilisation d\u2019armes nucl\u00e9aires tactiques est tel que ni la Russie, ni l\u2019OTAN ne veulent faire face \u00e0 ce sc\u00e9nario catastrophe.<\/p>\n","protected":false},"excerpt":{"rendered":"Le syst\u00e8me international se transforme depuis le d\u00e9but du XXIe\u00a0si\u00e8cle, passant d\u2019un mod\u00e8le bipolaire, en place depuis la&hellip;\n","protected":false},"author":2,"featured_media":536850,"comment_status":"","ping_status":"","sticky":false,"template":"","format":"standard","meta":{"footnotes":""},"categories":[1591],"tags":[11,1887,12,1885,1886,132],"class_list":{"0":"post-536849","1":"post","2":"type-post","3":"status-publish","4":"format-standard","5":"has-post-thumbnail","7":"category-russie","8":"tag-actualites","9":"tag-federation-de-russie","10":"tag-news","11":"tag-russia","12":"tag-russian-federation","13":"tag-russie"},"share_on_mastodon":{"url":"https:\/\/pubeurope.com\/@fr\/115555971852257703","error":""},"_links":{"self":[{"href":"https:\/\/www.europesays.com\/fr\/wp-json\/wp\/v2\/posts\/536849","targetHints":{"allow":["GET"]}}],"collection":[{"href":"https:\/\/www.europesays.com\/fr\/wp-json\/wp\/v2\/posts"}],"about":[{"href":"https:\/\/www.europesays.com\/fr\/wp-json\/wp\/v2\/types\/post"}],"author":[{"embeddable":true,"href":"https:\/\/www.europesays.com\/fr\/wp-json\/wp\/v2\/users\/2"}],"replies":[{"embeddable":true,"href":"https:\/\/www.europesays.com\/fr\/wp-json\/wp\/v2\/comments?post=536849"}],"version-history":[{"count":0,"href":"https:\/\/www.europesays.com\/fr\/wp-json\/wp\/v2\/posts\/536849\/revisions"}],"wp:featuredmedia":[{"embeddable":true,"href":"https:\/\/www.europesays.com\/fr\/wp-json\/wp\/v2\/media\/536850"}],"wp:attachment":[{"href":"https:\/\/www.europesays.com\/fr\/wp-json\/wp\/v2\/media?parent=536849"}],"wp:term":[{"taxonomy":"category","embeddable":true,"href":"https:\/\/www.europesays.com\/fr\/wp-json\/wp\/v2\/categories?post=536849"},{"taxonomy":"post_tag","embeddable":true,"href":"https:\/\/www.europesays.com\/fr\/wp-json\/wp\/v2\/tags?post=536849"}],"curies":[{"name":"wp","href":"https:\/\/api.w.org\/{rel}","templated":true}]}}