{"id":536853,"date":"2025-11-15T22:03:14","date_gmt":"2025-11-15T22:03:14","guid":{"rendered":"https:\/\/www.europesays.com\/fr\/536853\/"},"modified":"2025-11-15T22:03:14","modified_gmt":"2025-11-15T22:03:14","slug":"les-milieux-agricoles-se-veulent-rassurants-sur-les-concessions-douanieres-accordees-aux-etats-unis","status":"publish","type":"post","link":"https:\/\/www.europesays.com\/fr\/536853\/","title":{"rendered":"Les milieux agricoles se veulent rassurants sur les concessions douani\u00e8res accord\u00e9es aux Etats-Unis"},"content":{"rendered":"<p>Les concessions douani\u00e8res accord\u00e9es aux \u00c9tats-Unis posent des questions sur les cons\u00e9quences pour le monde agricole. Invit\u00e9 de l&rsquo;\u00e9mission Forum samedi, Michel Darbellay, directeur adjoint de l&rsquo;Union suisse des paysans, a relativis\u00e9 l&rsquo;impact de l&rsquo;accord trouv\u00e9 entre Berne et Washington.<\/p>\n<p>L&rsquo;accord conclu entre la Suisse et les \u00c9tats-Unis pour ramener les droits de douane \u00e0 15% permettra d&rsquo;importer davantage de viande am\u00e9ricaine en Suisse. De quoi faire dire \u00e0 la pr\u00e9sidente des Vert-e-s Lisa Mazzone que \u00ab\u00a0l&rsquo;\u00e9lite \u00e9conomique suisse et le Conseil f\u00e9d\u00e9ral se prosternent devant Donald Trump\u00a0\u00bb et que l&rsquo;agriculture suisse a \u00e9t\u00e9 sacrifi\u00e9e et les int\u00e9r\u00eats des consommateurs avec.<\/p>\n<p>Interrog\u00e9 dans le 19h30, le conseiller national UDC et agriculteur Pierre-Andr\u00e9 Page se veut plus rassurant: \u00ab\u00a0Je ne m&rsquo;inqui\u00e8te pas de ce contrat, c&rsquo;est un contrat important pour la production du Gruy\u00e8re. Dans ma ferme, on produit du Gruy\u00e8re et l&rsquo;exportation est importante. Avec la diminution des taxes de 39 \u00e0 15%, cela reste une taxe, mais c\u2019est d\u00e9j\u00e0 nettement mieux.\u00a0\u00bb<\/p>\n<p>Un soulagement avant tout<\/p>\n<p>Au micro de Forum, Michel Darbellay estime qu&rsquo;il faut tout d&rsquo;abord souligner le soulagement que repr\u00e9sente cet accord. \u00ab\u00a0C&rsquo;est un soulagement d&rsquo;abord pour le march\u00e9 laitier, pour les exportations de fromages, mais aussi pour le chocolat suisse. On sait que le march\u00e9 laitier a aujourd&rsquo;hui des difficult\u00e9s et c&rsquo;est important aussi d&rsquo;avoir ces d\u00e9bouch\u00e9s aux \u00c9tats-Unis. Aujourd&rsquo;hui, la branche laiti\u00e8re a investi pour pouvoir maintenir sa place dans les \u00e9tals aux \u00c9tats-Unis et il faut absolument qu&rsquo;on puisse maintenir ce march\u00e9 et ce potentiel d&rsquo;exportation\u00a0\u00bb, analyse-t-il.<\/p>\n<p>Concernant les viandes am\u00e9ricaines, le directeur adjoint de l\u2019Union suisse des paysans reconna\u00eet certaines craintes, qu&rsquo;il temp\u00e8re toutefois. \u00ab\u00a0Si les choses se font de mani\u00e8re juste, c&rsquo;est-\u00e0-dire dans le cadre des contingents d&rsquo;importation, on peut voir les choses de mani\u00e8re plut\u00f4t sereine\u00a0\u00bb, pr\u00e9cise-t-il.<\/p>\n<p> &gt;&gt; L&rsquo;interview de Michel Darbellay dans Forum\u00a0:    Le monde agricole r\u00e9agit \u00e0 la baisse des droits de douane am\u00e9ricains: interview de Michel Darbellay \/ Forum \/ 5 min. \/ aujourd&rsquo;hui \u00e0 18:03 <\/p>\n<p><strong class=\"inline-title\">&gt;&gt; Le suivi de la d\u00e9cision am\u00e9ricaine sur les droits de douane\u00a0: <\/strong><a href=\"https:\/\/www.rts.ch\/info\/suisse\/2025\/minute-par-minute\/29057977.html\" data-item-id=\"richtext_link\" target=\"_blank\" rel=\"noopener\">Les nouveaux droits de douane pourraient entrer en vigueur dans une dizaine de jours<\/a><\/p>\n<p>Pas d&rsquo;\u00e9tals envahis, ni de poulet chlor\u00e9<\/p>\n<p>Les concessions portent sur 3000 tonnes de viande, soit 500 tonnes de b\u0153uf, 1000 tonnes de bison et 1500 tonnes de volaille. Des volumes \u00ab\u00a0bien inf\u00e9rieurs aux quantit\u00e9s qu\u2019on importe annuellement\u00a0\u00bb, rappelle Michel Darbellay. A titre de comparaison, en 2024, la Suisse avait import\u00e9 un peu plus de 100&rsquo;000 tonnes de viande, principalement en provenance d&rsquo;Allemagne et d&rsquo;Autriche. Et le pays a produit en parall\u00e8le 450&rsquo;000 tonnes de viande.<\/p>\n<p>Pour l\u2019Union suisse des paysans, l\u2019essentiel est que ces importations restent strictement encadr\u00e9es: \u00ab\u00a0Si \u00e7a peut s\u2019int\u00e9grer dans le cadre du contingent tarifaire, il n\u2019y aura pas de pression suppl\u00e9mentaire sur l\u2019agriculture suisse\u00a0\u00bb, ajoute-t-il.<\/p>\n<p>Interrog\u00e9 sur la pr\u00e9sence potentielle de produits am\u00e9ricains controvers\u00e9s, Michel Darbellay rappelle par exemple que \u00ab\u00a0le poulet trait\u00e9 au chlore est interdit\u00a0\u00bb en Suisse et que la fili\u00e8re veillera au respect des mesures non tarifaires. Le b\u0153uf aux hormones, lui, doit faire l\u2019objet d\u2019une d\u00e9claration obligatoire.<\/p>\n<p>Selon lui, l\u2019id\u00e9e de voir les supermarch\u00e9s submerg\u00e9s par de la viande am\u00e9ricaine est exag\u00e9r\u00e9e: la majorit\u00e9 du poulet import\u00e9 provient aujourd\u2019hui du Br\u00e9sil ou de Hongrie et la pr\u00e9f\u00e9rence des consommateurs reste clairement suisse. \u00ab\u00a0Nous avons les r\u00e8gles de d\u00e9tention des animaux les plus strictes au monde, la tra\u00e7abilit\u00e9 et cette confiance entre producteur et consommateur\u00a0\u00bb, juge-t-il.<\/p>\n<p>Interrog\u00e9 dans le 19h30, l&rsquo;agriculteur Daniel Schwager va dans le m\u00eame sens: \u00ab\u00a0Aujourd\u2019hui, on produit environ 60% de la volaille qui est consomm\u00e9e en Suisse et les autres 40% sont import\u00e9s. Et apr\u00e8s, dans les grandes surfaces, c&rsquo;est le consommateur qui fait son choix entre le produit suisse et celui qui est import\u00e9.\u00a0\u00bb<\/p>\n<p>Une pression internationale croissante<\/p>\n<p>Si l\u2019accord avec Washington reste jug\u00e9 g\u00e9rable, le contexte global inqui\u00e8te davantage. \u00ab\u00a0Il faut voir l\u2019image globale: l&rsquo;accord avec le Mercosur, d\u2019autres accords de libre-\u00e9change\u2026 L\u2019agriculture suisse est soumise \u00e0 une forte pression internationale\u00a0\u00bb, explique Michel Darbellay.<\/p>\n<p>Dans ce cadre, le directeur adjoint de l&rsquo;USP juge \u00ab\u00a0incompr\u00e9hensible\u00a0\u00bb que le Conseil f\u00e9d\u00e9ral envisage des \u00e9conomies dans le secteur agricole, notamment via le programme d\u2019all\u00e9gement 2027. L\u2019Union suisse des paysans demande que l\u2019agriculture en soit exempt\u00e9e, au moment m\u00eame o\u00f9 de nouvelles concessions commerciales s\u2019accumulent.<\/p>\n<p> &gt;&gt; Voir aussi l&rsquo;interview de l&rsquo;\u00e9conomiste St\u00e9phane Garelli dans le 19h30\u00a0:   <img decoding=\"async\" class=\"embed-responsive-item\" loading=\"lazy\" src=\"https:\/\/www.europesays.com\/fr\/wp-content\/uploads\/2025\/11\/v0geis-29060021.image\" alt=\"St\u00e9phane Garelli, \u00e9conomiste et professeur, sur les nouveaux droits de douane\"\/>    St\u00e9phane Garelli, \u00e9conomiste et professeur, sur les nouveaux droits de douane \/ 19h30 \/ 2 min. \/ aujourd&rsquo;hui \u00e0 19:30 <\/p>\n<p><strong class=\"inline-title\">&gt;&gt; Lire aussi\u00a0: <\/strong><a href=\"https:\/\/www.rts.ch\/info\/suisse\/2025\/article\/accord-suisse-usa-droits-de-douane-reduits-a-15-mais-a-quel-prix-29059585.html\" data-item-id=\"richtext_link\" target=\"_blank\" rel=\"noopener\">La presse romande souligne le co\u00fbt \u00e9lev\u00e9 du deal sur les droits de douane am\u00e9ricains<\/a><\/p>\n<p class=\"sources\">Sujets radio et TV: Coralie Claude et Guillaume Carel<\/p>\n<p class=\"credit\">Adaptation web: Tristan Hertig<\/p>\n","protected":false},"excerpt":{"rendered":"Les concessions douani\u00e8res accord\u00e9es aux \u00c9tats-Unis posent des questions sur les cons\u00e9quences pour le monde agricole. Invit\u00e9 de&hellip;\n","protected":false},"author":2,"featured_media":536854,"comment_status":"","ping_status":"","sticky":false,"template":"","format":"standard","meta":{"footnotes":""},"categories":[1589],"tags":[46825,11,327,2160,6907,7889,2092,33,6359,73,1866,5798,65607,12,316,3067,65608,1864,1865,1863,308,11994],"class_list":{"0":"post-536853","1":"post","2":"type-post","3":"status-publish","4":"format-standard","5":"has-post-thumbnail","7":"category-etats-unis","8":"tag-accord-pacte-convention","9":"tag-actualites","10":"tag-agriculture","11":"tag-commerce-international","12":"tag-consommateur","13":"tag-directeur","14":"tag-droit-de-douane","15":"tag-economie","16":"tag-economie-et-finances","17":"tag-etats-unis","18":"tag-etats-unis-damerique","19":"tag-exportation","20":"tag-michel-darbellay","21":"tag-news","22":"tag-politique","23":"tag-suisse","24":"tag-union-suisse-des-paysans","25":"tag-united-states","26":"tag-united-states-of-america","27":"tag-us","28":"tag-usa","29":"tag-viande"},"share_on_mastodon":{"url":"https:\/\/pubeurope.com\/@fr\/115555980054354011","error":""},"_links":{"self":[{"href":"https:\/\/www.europesays.com\/fr\/wp-json\/wp\/v2\/posts\/536853","targetHints":{"allow":["GET"]}}],"collection":[{"href":"https:\/\/www.europesays.com\/fr\/wp-json\/wp\/v2\/posts"}],"about":[{"href":"https:\/\/www.europesays.com\/fr\/wp-json\/wp\/v2\/types\/post"}],"author":[{"embeddable":true,"href":"https:\/\/www.europesays.com\/fr\/wp-json\/wp\/v2\/users\/2"}],"replies":[{"embeddable":true,"href":"https:\/\/www.europesays.com\/fr\/wp-json\/wp\/v2\/comments?post=536853"}],"version-history":[{"count":0,"href":"https:\/\/www.europesays.com\/fr\/wp-json\/wp\/v2\/posts\/536853\/revisions"}],"wp:featuredmedia":[{"embeddable":true,"href":"https:\/\/www.europesays.com\/fr\/wp-json\/wp\/v2\/media\/536854"}],"wp:attachment":[{"href":"https:\/\/www.europesays.com\/fr\/wp-json\/wp\/v2\/media?parent=536853"}],"wp:term":[{"taxonomy":"category","embeddable":true,"href":"https:\/\/www.europesays.com\/fr\/wp-json\/wp\/v2\/categories?post=536853"},{"taxonomy":"post_tag","embeddable":true,"href":"https:\/\/www.europesays.com\/fr\/wp-json\/wp\/v2\/tags?post=536853"}],"curies":[{"name":"wp","href":"https:\/\/api.w.org\/{rel}","templated":true}]}}