{"id":536855,"date":"2025-11-15T22:04:23","date_gmt":"2025-11-15T22:04:23","guid":{"rendered":"https:\/\/www.europesays.com\/fr\/536855\/"},"modified":"2025-11-15T22:04:23","modified_gmt":"2025-11-15T22:04:23","slug":"royaume-uni-charles-iii-est-determine-a-assumer-ses-fonctions-de-roi-malgre-son-cancer","status":"publish","type":"post","link":"https:\/\/www.europesays.com\/fr\/536855\/","title":{"rendered":"Royaume-Uni : Charles III est d\u00e9termin\u00e9 \u00e0 assumer ses fonctions de roi malgr\u00e9 son cancer"},"content":{"rendered":"<p class=\"mb-4 text-lg md:leading-8 break-words\"><strong>anniversaire &#8211; A 77 ans, le roi Charles III poursuit un rythme soutenu malgr\u00e9 son cancer, encha\u00eenant engagements officiels et missions diplomatiques. Toutefois, la monarchie pr\u00e9pare d\u00e9j\u00e0 l\u2019ascension du prince William<\/strong><\/p>\n<p class=\"mb-4 text-lg md:leading-8 break-words\"><a href=\"https:\/\/www.20minutes.fr\/dossier\/prince_charles?at_medium=RSS%20feed&amp;at_campaign=ynews&amp;utm_source=yahoo&amp;utm_medium=rss&amp;utm_campaign=news_feed&amp;utm_content=in_article_link\" rel=\"nofollow noopener\" target=\"_blank\" data-ylk=\"slk:Charles III;elm:context_link;itc:0;sec:content-canvas\" class=\"link \">Charles III<\/a> a f\u00eat\u00e9 son 77e anniversaire au pays de Galles, sous la pluie, en inaugurant un d\u00e9p\u00f4t ferroviaire et en c\u00e9l\u00e9brant le bicentenaire du ch\u00e2teau de Cyfarthfa. Une nouvelle journ\u00e9e charg\u00e9e dans un calendrier qui n\u2019a cess\u00e9 de se densifier depuis l\u2019annonce de sa maladie en f\u00e9vrier\u00a02024. Selon le Daily Express, Charles III a m\u00eame enregistr\u00e9 cette ann\u00e9e un nombre record d\u2019engagements depuis son accession au tr\u00f4ne en\u00a02022, d\u00e9jouant les rumeurs persistantes sur un affaiblissement.<\/p>\n<p class=\"mb-4 text-lg md:leading-8 break-words\">Malgr\u00e9 les soins, le roi maintient une diplomatie active\u00a0: r\u00e9ception de <a href=\"https:\/\/www.20minutes.fr\/dossier\/donald_trump?at_medium=RSS%20feed&amp;at_campaign=ynews&amp;utm_source=yahoo&amp;utm_medium=rss&amp;utm_campaign=news_feed&amp;utm_content=in_article_link\" rel=\"nofollow noopener\" target=\"_blank\" data-ylk=\"slk:Donald Trump;elm:context_link;itc:0;sec:content-canvas\" class=\"link \">Donald Trump<\/a> en septembre \u00e0 Windsor sur recommandation de <a href=\"https:\/\/www.20minutes.fr\/monde\/keir-starmer\/?at_medium=RSS%20feed&amp;at_campaign=ynews&amp;utm_source=yahoo&amp;utm_medium=rss&amp;utm_campaign=news_feed&amp;utm_content=in_article_link\" rel=\"nofollow noopener\" target=\"_blank\" data-ylk=\"slk:Keir Starmer;elm:context_link;itc:0;sec:content-canvas\" class=\"link \">Keir Starmer<\/a>, d\u00e9placements au Canada, puis au Vatican pour une pri\u00e8re in\u00e9dite avec le pape L\u00e9on XIV. Pour tenir le rythme, Charles III a toutefois ajust\u00e9 son quotidien, conc\u00e9dant \u00ab\u00a0essayer de faire de la gymnastique \u2013 deux fois par jour\u00a0\u00bb et s\u2019autoriser d\u00e9sormais \u00ab\u00a0la sieste l\u2019apr\u00e8s-midi\u00a0\u00bb.<\/p>\n<p>La monarchie pr\u00e9pare tout de m\u00eame la transition<\/p>\n<p class=\"mb-4 text-lg md:leading-8 break-words\">Ces derniers mois ont aussi \u00e9t\u00e9 marqu\u00e9s par la gestion des crises familiales. Le souverain a notamment tranch\u00e9 dans l\u2019affaire Andrew, li\u00e9e au scandale Epstein, en lui retirant son titre de prince et sa r\u00e9sidence de Windsor, une d\u00e9cision in\u00e9dite depuis des d\u00e9cennies.<\/p>\n<p><a href=\"https:\/\/www.20minutes.fr\/dossier\/monarchie\" rel=\"nofollow noopener\" target=\"_blank\" data-ylk=\"slk:Notre dossier sur la monarchie;elm:context_link;itc:0;sec:content-canvas\" class=\"link \">Notre dossier sur la monarchie<\/a><\/p>\n<p class=\"mb-4 text-lg md:leading-8 break-words\">Si Charles III reste tr\u00e8s pr\u00e9sent, la transition se pr\u00e9pare d\u00e9j\u00e0. Le prince William, 43 ans, largement pl\u00e9biscit\u00e9 par les Britanniques, veut \u00ab\u00a0apporter un peu de changement\u00a0\u00bb \u00e0 la monarchie. Sa r\u00e9cente visite au Br\u00e9sil pour la COP30 illustre son ambition d\u2019endosser progres(&#8230;)<\/p>\n<p class=\"mb-4 text-lg md:leading-8 break-words\"><a href=\"https:\/\/www.20minutes.fr\/monde\/royaume-uni\/4185779-20251114-royaume-uni-charles-iii-determine-assumer-fonctions-roi-malgre-cancer?at_medium=RSS%20feed&amp;at_campaign=ynews&amp;utm_source=yahoo&amp;utm_medium=rss&amp;utm_campaign=news_feed&amp;utm_content=read_more_link&quot;\" rel=\"nofollow noopener\" target=\"_blank\" data-ylk=\"slk:Lire la suite sur 20minutes;elm:context_link;itc:0;sec:content-canvas\" class=\"link \">Lire la suite sur 20minutes<\/a><\/p>\n<p>\u00c0 lire aussi :<br \/><a href=\"https:\/\/www.20minutes.fr\/monde\/royaume-uni\/4182689-20251030-royaume-uni-charles-iii-ordonne-retirer-titre-prince-frere-andrew-pousse-demenager?at_medium=RSS%20feed&amp;at_campaign=ynews&amp;utm_source=yahoo&amp;utm_medium=rss&amp;utm_campaign=news_feed&amp;utm_content=related_content_link\" rel=\"nofollow noopener\" target=\"_blank\" data-ylk=\"slk:Royaume-Uni\u00a0: Charles III ordonne de retirer le titre de prince \u00e0 son fr\u00e8re Andrew et le pousse \u00e0 d\u00e9m\u00e9nager;elm:context_link;itc:0;sec:content-canvas\" class=\"link \">Royaume-Uni\u00a0: Charles III ordonne de retirer le titre de prince \u00e0 son fr\u00e8re Andrew et le pousse \u00e0 d\u00e9m\u00e9nager<\/a><br \/><a href=\"https:\/\/www.20minutes.fr\/monde\/4151291-20250430-royaume-uni-roi-charles-iii-evoque-caractere-effrayant-tout-diagnostic-cancer?at_medium=RSS%20feed&amp;at_campaign=ynews&amp;utm_source=yahoo&amp;utm_medium=rss&amp;utm_campaign=news_feed&amp;utm_content=related_content_link\" rel=\"nofollow noopener\" target=\"_blank\" data-ylk=\"slk:Royaume-Uni\u00a0: Le roi Charles III \u00e9voque le \u00ab\u00a0caract\u00e8re effrayant\u00a0\u00bb de tout diagnostic de cancer;elm:context_link;itc:0;sec:content-canvas\" class=\"link \">Royaume-Uni\u00a0: Le roi Charles III \u00e9voque le \u00ab\u00a0caract\u00e8re effrayant\u00a0\u00bb de tout diagnostic de cancer<\/a><\/p>\n","protected":false},"excerpt":{"rendered":"anniversaire &#8211; A 77 ans, le roi Charles III poursuit un rythme soutenu malgr\u00e9 son cancer, encha\u00eenant engagements&hellip;\n","protected":false},"author":2,"featured_media":536856,"comment_status":"","ping_status":"","sticky":false,"template":"","format":"standard","meta":{"footnotes":""},"categories":[1588],"tags":[11,581,75,1777,674,2581,25768,12,12044,3936,473,1853,1851,1850,1852],"class_list":{"0":"post-536855","1":"post","2":"type-post","3":"status-publish","4":"format-standard","5":"has-post-thumbnail","7":"category-royaume-uni","8":"tag-actualites","9":"tag-charles-iii","10":"tag-donald-trump","11":"tag-eu","12":"tag-europe","13":"tag-keir-starmer","14":"tag-missions-diplomatiques","15":"tag-news","16":"tag-pays-de-galles","17":"tag-prince-william","18":"tag-royaume-uni","19":"tag-royaume-uni-de-grande-bretagne-et-dirlande-du-nord","20":"tag-uk","21":"tag-united-kingdom","22":"tag-united-kingdom-of-great-britain-and-northern-ireland"},"share_on_mastodon":{"url":"https:\/\/pubeurope.com\/@fr\/115555982628518083","error":""},"_links":{"self":[{"href":"https:\/\/www.europesays.com\/fr\/wp-json\/wp\/v2\/posts\/536855","targetHints":{"allow":["GET"]}}],"collection":[{"href":"https:\/\/www.europesays.com\/fr\/wp-json\/wp\/v2\/posts"}],"about":[{"href":"https:\/\/www.europesays.com\/fr\/wp-json\/wp\/v2\/types\/post"}],"author":[{"embeddable":true,"href":"https:\/\/www.europesays.com\/fr\/wp-json\/wp\/v2\/users\/2"}],"replies":[{"embeddable":true,"href":"https:\/\/www.europesays.com\/fr\/wp-json\/wp\/v2\/comments?post=536855"}],"version-history":[{"count":0,"href":"https:\/\/www.europesays.com\/fr\/wp-json\/wp\/v2\/posts\/536855\/revisions"}],"wp:featuredmedia":[{"embeddable":true,"href":"https:\/\/www.europesays.com\/fr\/wp-json\/wp\/v2\/media\/536856"}],"wp:attachment":[{"href":"https:\/\/www.europesays.com\/fr\/wp-json\/wp\/v2\/media?parent=536855"}],"wp:term":[{"taxonomy":"category","embeddable":true,"href":"https:\/\/www.europesays.com\/fr\/wp-json\/wp\/v2\/categories?post=536855"},{"taxonomy":"post_tag","embeddable":true,"href":"https:\/\/www.europesays.com\/fr\/wp-json\/wp\/v2\/tags?post=536855"}],"curies":[{"name":"wp","href":"https:\/\/api.w.org\/{rel}","templated":true}]}}