{"id":536857,"date":"2025-11-15T22:05:43","date_gmt":"2025-11-15T22:05:43","guid":{"rendered":"https:\/\/www.europesays.com\/fr\/536857\/"},"modified":"2025-11-15T22:05:43","modified_gmt":"2025-11-15T22:05:43","slug":"julian-nagelsmann-tacle-ses-joueurs-malgre-la-victoire-au-luxembourg","status":"publish","type":"post","link":"https:\/\/www.europesays.com\/fr\/536857\/","title":{"rendered":"Julian Nagelsmann tacle ses joueurs malgr\u00e9 la victoire au Luxembourg"},"content":{"rendered":"<p>Malgr\u00e9 <a href=\"https:\/\/www.footmercato.net\/a3916519770262967906-qualifs-cdm-2026-la-croatie-assure-la-qualification-la-pologne-retarde-les-pays-bas-la-slovaquie-ne-lache-pas-lallemagne\" rel=\"nofollow noopener\" target=\"_blank\">la victoire de l\u2019Allemagne contre le Luxembourg vendredi soir (2-0)<\/a>, \u00e0 l\u2019occasion des \u00e9liminatoires de la Coupe du monde 2026, le s\u00e9lectionneur <a href=\"https:\/\/www.footmercato.net\/entraineur\/julian-nagelsmann\" rel=\"nofollow noopener\" target=\"_blank\">Julian Nagelsmann<\/a> n\u2019a pas aim\u00e9 la prestation de son \u00e9quipe, du moins en premi\u00e8re p\u00e9riode, et l\u2019a fait savoir en conf\u00e9rence de presse.<\/p>\n<p>            La suite apr\u00e8s cette publicit\u00e9<\/p>\n<p>\u00ab Les trois points sont la chose la plus importante aujourd\u2019hui. Au final, le football est un sport de r\u00e9sultats. Mais en premi\u00e8re mi-temps, nous ne sommes pas bien entr\u00e9s dans le match. Il nous a fallu du temps pour trouver notre rythme. Le Luxembourg a eu des occasions et aurait m\u00eame d\u00fb ouvrir le score. En seconde mi-temps, nous avons \u00e9t\u00e9 bien meilleurs, nous avons eu plus de contr\u00f4le, marqu\u00e9 deux buts et gagn\u00e9 le match de mani\u00e8re m\u00e9rit\u00e9e. Nous prenons les trois points \u00bb, a-t-il d\u00e9clar\u00e9. <a href=\"https:\/\/www.footmercato.net\/live\/6540099071910048600-allemagne-vs-slovaquie\" rel=\"nofollow noopener\" target=\"_blank\">L\u2019Allemagne affrontera la Slovaquie (toutes deux \u00e0 12 points) lundi soir<\/a> pour une place au prochain Mondial.<\/p>\n<p>\n    Pub. le 15\/11\/2025 09:00<br \/>\n            &#8211; MAJ le 15\/11\/2025 12:26\n    <\/p>\n","protected":false},"excerpt":{"rendered":"Malgr\u00e9 la victoire de l\u2019Allemagne contre le Luxembourg vendredi soir (2-0), \u00e0 l\u2019occasion des \u00e9liminatoires de la Coupe&hellip;\n","protected":false},"author":2,"featured_media":536858,"comment_status":"","ping_status":"","sticky":false,"template":"","format":"standard","meta":{"footnotes":""},"categories":[1587],"tags":[11,672,1804,1805,1803,1777,674,1801,12,1802],"class_list":{"0":"post-536857","1":"post","2":"type-post","3":"status-publish","4":"format-standard","5":"has-post-thumbnail","7":"category-allemagne","8":"tag-actualites","9":"tag-allemagne","10":"tag-bundesrepublik-deutschland","11":"tag-de","12":"tag-deutschland","13":"tag-eu","14":"tag-europe","15":"tag-germany","16":"tag-news","17":"tag-republique-federale-dallemagne"},"share_on_mastodon":{"url":"https:\/\/pubeurope.com\/@fr\/115555986599113470","error":""},"_links":{"self":[{"href":"https:\/\/www.europesays.com\/fr\/wp-json\/wp\/v2\/posts\/536857","targetHints":{"allow":["GET"]}}],"collection":[{"href":"https:\/\/www.europesays.com\/fr\/wp-json\/wp\/v2\/posts"}],"about":[{"href":"https:\/\/www.europesays.com\/fr\/wp-json\/wp\/v2\/types\/post"}],"author":[{"embeddable":true,"href":"https:\/\/www.europesays.com\/fr\/wp-json\/wp\/v2\/users\/2"}],"replies":[{"embeddable":true,"href":"https:\/\/www.europesays.com\/fr\/wp-json\/wp\/v2\/comments?post=536857"}],"version-history":[{"count":0,"href":"https:\/\/www.europesays.com\/fr\/wp-json\/wp\/v2\/posts\/536857\/revisions"}],"wp:featuredmedia":[{"embeddable":true,"href":"https:\/\/www.europesays.com\/fr\/wp-json\/wp\/v2\/media\/536858"}],"wp:attachment":[{"href":"https:\/\/www.europesays.com\/fr\/wp-json\/wp\/v2\/media?parent=536857"}],"wp:term":[{"taxonomy":"category","embeddable":true,"href":"https:\/\/www.europesays.com\/fr\/wp-json\/wp\/v2\/categories?post=536857"},{"taxonomy":"post_tag","embeddable":true,"href":"https:\/\/www.europesays.com\/fr\/wp-json\/wp\/v2\/tags?post=536857"}],"curies":[{"name":"wp","href":"https:\/\/api.w.org\/{rel}","templated":true}]}}