{"id":536875,"date":"2025-11-15T22:14:09","date_gmt":"2025-11-15T22:14:09","guid":{"rendered":"https:\/\/www.europesays.com\/fr\/536875\/"},"modified":"2025-11-15T22:14:09","modified_gmt":"2025-11-15T22:14:09","slug":"carlos-alcaraz-bat-felix-auger-aliassime-lors-des-finales-atp-et-rejoint-jannik-sinner-en-finale-pour-un-nouveau-choc-lequipe","status":"publish","type":"post","link":"https:\/\/www.europesays.com\/fr\/536875\/","title":{"rendered":"Carlos Alcaraz bat F\u00e9lix Auger-Aliassime lors des Finales ATP et rejoint Jannik Sinner en finale pour un nouveau choc &#8211; L&#039;\u00c9quipe"},"content":{"rendered":"<ol>\n<li><a href=\"https:\/\/news.google.com\/rss\/articles\/CBMi_gFBVV95cUxNbE5nX3ZwU2NGNjFLMEdoZkFMdGRvTEJJWXMyeFpIV3lERm42cEVXeFhIOEtxeTRiTFRmWEs1ZkRobE1wZVYxc1UzTS1ublprM3oyTjVmWDNobzlzSlNSaGxuajhmSy0wbndIU2xTUTNUR2hCWUFwLVluWkFyck9ZTXRrelZCTm9tOHlPTzJKNjhtcG5DUnhMUWJQZktUaGw5R2RTT2xwcDkwWVVFWmF2R21YY0h3amY0YlVCM3hkYlJfamYyVWdUWXNlLXIxU3FFVnY0U25sMk4zcDZGSWRSajV2YXg0LXY3clk1a0NOa2xrZ2RRM1c0NmgzeTlhQQ?oc=5\" target=\"_blank\" rel=\"nofollow noopener\">Carlos Alcaraz bat F\u00e9lix Auger-Aliassime lors des Finales ATP et rejoint Jannik Sinner en finale pour un nouveau choc<\/a>&nbsp;&nbsp;L&rsquo;\u00c9quipe<\/li>\n<li><a href=\"https:\/\/news.google.com\/rss\/articles\/CBMi2AFBVV95cUxNbExYMDZFc1h4aHRjMFFibkNGR3RqV0pZRVp4Yk1jWUp1aW9oZlVCc0tfYkUtY19ONWV4WmFwZ2JYU0tPQVAtQ2EtVm5QQTdJcEtpZ2V3LTVHeEYxV3BzcE5Ec1FOd3pCMDlhZGJxUGZhU1FVZmJRMklwX3RJbjkwbFluQjIwVnZOSkItQTlFcnNIaG9OdGloZlByRFN2RTdQMDVyelV3QkpjU0pzb2hmUmI0ZnA0SUlMYnpPdnV5d2hXRG84WHhyWXhFT1owN2V0NmlCTjI2Tkg?oc=5\" target=\"_blank\" rel=\"nofollow noopener\">R\u00e9sultat et r\u00e9sum\u00e9 : Carlos Alcaraz &#8211; F\u00e9lix Auger-Aliassime<\/a>&nbsp;&nbsp;L&rsquo;\u00c9quipe<\/li>\n<li><a href=\"https:\/\/news.google.com\/rss\/articles\/CBMikgJBVV95cUxQcEEzWlJPVHBjVVViWnhxSzFpb1ZZbEhOTzdrdXdydC02MU43eFlzRm54NUpaWlB1a1hwci1HTUdGUzFaMXMtOG5NTUhHejItNUgtRlQ5Nk5vSG5tc05wX0FldHJWVGcyUzA1bVd3NkhJakg1MkpUemNWSEVSZzhjeXV2NEtWck5WZ0F4MjBOMUg5dFl3YlVwLU9jZV9ZZWlEdVNLTkRYbVlpYTE0dDB6YlhRNl9JdHNtdGVRODBfdE44Q3JDRGxfS2xrdFZKX1JMeEFhSkNnM2x0NDVUYTJPZmI2bzB3dXJYT0R6aHA2VlpneGdWMXRGNnVsQjZqMUdkOXBwYm5RV0thVm5FTHBVdXFR?oc=5\" target=\"_blank\" rel=\"nofollow noopener\">ATP Finals | Carlos Alcaraz rejoint Jannik Sinner en finale du Masters apr\u00e8s sa victoire sur F\u00e9lix Auger-Aliassime<\/a>&nbsp;&nbsp;Eurosport<\/li>\n<li><a href=\"https:\/\/news.google.com\/rss\/articles\/CBMizgFBVV95cUxPYkI5MWNfY0p6N3ppUkZYR0xYRExpT2NRLUx5VUc3SVBzTUhvM0FQbVdXdXF3UTJmNTJpam5YdDBNVkpUSW1VZ2Y4QkVzZGlIYmRFb2ZpMnNpQmNsTmNNbGktbFhVRmVzdlRXTHdFRUV2ZktVbzZBT3ZKbzFMTGhiRFEwMXJrMHUzWkZBdTBkUGxXcFN2S3FJd2Zub1JzUXpvYTcyZDFEeTJkVUJnbmtvVERyeVNGb0J5MlBjY2YtV2cxaXY0dVpqM0pMNERGZ9IBzAFBVV95cUxPWFFaT25ublZRaUxKQTl3ZFBaOUFuV2lnVVJqR3ZicEJJNTFMLU9HMGExTEVXb01xM1JlRW4yZ1l4U3FZY3kwR1JYM19ybF95eThIWkhfRXU3eFRwcW1MME9iOFl0NlEtUkRuLUxNOUhKY2pLUkFlZElYVmJCSkwtXzhralZTNHVTRDFMSS1BckdmSmkxb29hNks1M0EtVldkbTUzMnFyWnp0WS10U1B2Y0JaYVpXQlQ4b0VBYk93OUlQNVJURThvVVdDbXU?oc=5\" target=\"_blank\" rel=\"nofollow noopener\">ATP Finals : Alcaraz \u00e9carte Auger-Aliassime et d\u00e9fiera Sinner en finale : Sports &#8211; Orange<\/a>&nbsp;&nbsp;Sports &#8211; Orange<\/li>\n<li><a href=\"https:\/\/news.google.com\/rss\/articles\/CBMiigJBVV95cUxQOENSLTY4VFBrcWNENnhGOFpZMEZ6OG9EbnhIRVRqeXpSbzhGOG5IV2U2d0lGeXh2aEVHbDlZeW9tSlZrTjJJcFRKTXcxa01wMk9qYzd0allxbEY0a3liTDRNakQtR1NlczF5Q2xITWdHV2FWOG5NcWlSY0QwM1JocHJUWFdlU2xWckxFdnZ6Wk5XdElnaVN1QnlBcUV3cWV6YlJoVHY5T0tCU1dCTURnWTdidTdicEExbkhtT21wQV9KbE9TZzA5cC02TVhZMHUwT1QyNzBCclJhTzB6V0lKT1dUTzlUa2gyNmZkMUZpUmlmT3Bham5tcjJOanRkUUx0WGRPX0FiOWhQUQ?oc=5\" target=\"_blank\" rel=\"nofollow noopener\">Et rebelote : les deux monstres du tennis, Sinner et Alcaraz, vont se retrouver en finale du Masters<\/a>&nbsp;&nbsp;Le Parisien<\/li>\n<\/ol>\n","protected":false},"excerpt":{"rendered":"Carlos Alcaraz bat F\u00e9lix Auger-Aliassime lors des Finales ATP et rejoint Jannik Sinner en finale pour un nouveau&hellip;\n","protected":false},"author":2,"featured_media":395849,"comment_status":"","ping_status":"","sticky":false,"template":"","format":"standard","meta":{"footnotes":""},"categories":[1415],"tags":[1011,27,60,1467],"class_list":{"0":"post-536875","1":"post","2":"type-post","3":"status-publish","4":"format-standard","5":"has-post-thumbnail","7":"category-tennis","8":"tag-fr","9":"tag-france","10":"tag-sports","11":"tag-tennis"},"share_on_mastodon":{"url":"https:\/\/pubeurope.com\/@fr\/115556021922138316","error":""},"_links":{"self":[{"href":"https:\/\/www.europesays.com\/fr\/wp-json\/wp\/v2\/posts\/536875","targetHints":{"allow":["GET"]}}],"collection":[{"href":"https:\/\/www.europesays.com\/fr\/wp-json\/wp\/v2\/posts"}],"about":[{"href":"https:\/\/www.europesays.com\/fr\/wp-json\/wp\/v2\/types\/post"}],"author":[{"embeddable":true,"href":"https:\/\/www.europesays.com\/fr\/wp-json\/wp\/v2\/users\/2"}],"replies":[{"embeddable":true,"href":"https:\/\/www.europesays.com\/fr\/wp-json\/wp\/v2\/comments?post=536875"}],"version-history":[{"count":0,"href":"https:\/\/www.europesays.com\/fr\/wp-json\/wp\/v2\/posts\/536875\/revisions"}],"wp:featuredmedia":[{"embeddable":true,"href":"https:\/\/www.europesays.com\/fr\/wp-json\/wp\/v2\/media\/395849"}],"wp:attachment":[{"href":"https:\/\/www.europesays.com\/fr\/wp-json\/wp\/v2\/media?parent=536875"}],"wp:term":[{"taxonomy":"category","embeddable":true,"href":"https:\/\/www.europesays.com\/fr\/wp-json\/wp\/v2\/categories?post=536875"},{"taxonomy":"post_tag","embeddable":true,"href":"https:\/\/www.europesays.com\/fr\/wp-json\/wp\/v2\/tags?post=536875"}],"curies":[{"name":"wp","href":"https:\/\/api.w.org\/{rel}","templated":true}]}}