{"id":536878,"date":"2025-11-15T22:19:13","date_gmt":"2025-11-15T22:19:13","guid":{"rendered":"https:\/\/www.europesays.com\/fr\/536878\/"},"modified":"2025-11-15T22:19:13","modified_gmt":"2025-11-15T22:19:13","slug":"le-sm-de-caen-de-mbappe-sorti-par-un-club-de-6e-division","status":"publish","type":"post","link":"https:\/\/www.europesays.com\/fr\/536878\/","title":{"rendered":"le SM de Caen de Mbapp\u00e9 sorti par un club de 6e division"},"content":{"rendered":"<p>\n    Pensionnaire de R\u00e9gional 1 (6e division), le Bayeux FC a \u00e9cart\u00e9 le Stade Malherbe de Caen, club de National 1 (3e div.), ce samedi, au septi\u00e8me tour de la Coupe de France.<\/p>\n<p class=\"fig-paragraph\">Le Stade Malherbe de Caen n\u2019a pas besoin de\u00a0<a href=\"http:\/\/www.lefigaro.fr\/sports\/football\/ligue-1\/il-a-pas-un-rond-mbappe-orelsan-le-clash-20251107\" data-fig-type=\"NewsFlash\" data-gtm-custom-categorie=\"navigation\" data-gtm-custom-action=\"crossclick\" data-gtm-custom-label=\"Contextuel\" data-gtm-event=\"customEventSPE\" data-fig-domain=\"LEFIGARO\" target=\"_blank\" rel=\"noopener\">Kylian Mbapp\u00e9 pour \u00abcouler\u00bb<\/a>. Actuel 10e au classement de National 1 (3e division), le club normand a chut\u00e9 face \u00e0 ses voisins de Bayeux (3-2) ce samedi, sur la pelouse du stade Henry-Jeanne, au septi\u00e8me tour de la Coupe de France. Une sacr\u00e9e d\u00e9convenue pour le club cher au rappeur\u00a0<a href=\"http:\/\/www.lefigaro.fr\/sports\/football\/equipe-de-france\/clash-mbappe-orelsan-ca-ne-m-interesse-pas-elude-le-capitaine-des-bleus-20251112\" data-fig-type=\"NewsFlash\" data-gtm-custom-categorie=\"navigation\" data-gtm-custom-action=\"crossclick\" data-gtm-custom-label=\"Contextuel\" data-gtm-event=\"customEventSPE\" data-fig-domain=\"LEFIGARO\" target=\"_blank\" rel=\"noopener\">Orelsan, ce dernier ayant eu maille \u00e0 partir avec \u00abKM\u00bb, actionnaire majoritaire, ces derniers jours<\/a>. C\u2019est donc le Bayeux FC, club de R\u00e9gional 1 (6e division) qui affrontera Yvetot, tombeur de l\u2019ASPTT Caen (2-1), en fin d\u2019ann\u00e9e, \u00e0 l\u2019occasion du huiti\u00e8me tour.<\/p>\n<p class=\"fig-paragraph\">\u00c0 noter que ce sont les Caennais qui ont pourtant ouvert la marque par l\u2019interm\u00e9diaire de Botella (23e), trois minutes avant l\u2019\u00e9galisation sign\u00e9e Renaux (26e). Le d\u00e9nomm\u00e9 Guillotte s\u2019est fendu d\u2019un doubl\u00e9, un but juste avant la pause et un autre peu apr\u00e8s la reprise, (45e, 51e) pour les amateurs, avant la r\u00e9duction de l\u2019\u00e9cart de Gomes (68e). Magie de la Coupe de France.<\/p>\n","protected":false},"excerpt":{"rendered":"Pensionnaire de R\u00e9gional 1 (6e division), le Bayeux FC a \u00e9cart\u00e9 le Stade Malherbe de Caen, club de&hellip;\n","protected":false},"author":2,"featured_media":536879,"comment_status":"","ping_status":"","sticky":false,"template":"","format":"standard","meta":{"footnotes":""},"categories":[1410],"tags":[5492,63,1011,27,6477,60],"class_list":{"0":"post-536878","1":"post","2":"type-post","3":"status-publish","4":"format-standard","5":"has-post-thumbnail","7":"category-football","8":"tag-caen","9":"tag-football","10":"tag-fr","11":"tag-france","12":"tag-kylian-mbappe","13":"tag-sports"},"share_on_mastodon":{"url":"https:\/\/pubeurope.com\/@fr\/115556041704100493","error":""},"_links":{"self":[{"href":"https:\/\/www.europesays.com\/fr\/wp-json\/wp\/v2\/posts\/536878","targetHints":{"allow":["GET"]}}],"collection":[{"href":"https:\/\/www.europesays.com\/fr\/wp-json\/wp\/v2\/posts"}],"about":[{"href":"https:\/\/www.europesays.com\/fr\/wp-json\/wp\/v2\/types\/post"}],"author":[{"embeddable":true,"href":"https:\/\/www.europesays.com\/fr\/wp-json\/wp\/v2\/users\/2"}],"replies":[{"embeddable":true,"href":"https:\/\/www.europesays.com\/fr\/wp-json\/wp\/v2\/comments?post=536878"}],"version-history":[{"count":0,"href":"https:\/\/www.europesays.com\/fr\/wp-json\/wp\/v2\/posts\/536878\/revisions"}],"wp:featuredmedia":[{"embeddable":true,"href":"https:\/\/www.europesays.com\/fr\/wp-json\/wp\/v2\/media\/536879"}],"wp:attachment":[{"href":"https:\/\/www.europesays.com\/fr\/wp-json\/wp\/v2\/media?parent=536878"}],"wp:term":[{"taxonomy":"category","embeddable":true,"href":"https:\/\/www.europesays.com\/fr\/wp-json\/wp\/v2\/categories?post=536878"},{"taxonomy":"post_tag","embeddable":true,"href":"https:\/\/www.europesays.com\/fr\/wp-json\/wp\/v2\/tags?post=536878"}],"curies":[{"name":"wp","href":"https:\/\/api.w.org\/{rel}","templated":true}]}}