{"id":536886,"date":"2025-11-15T22:24:13","date_gmt":"2025-11-15T22:24:13","guid":{"rendered":"https:\/\/www.europesays.com\/fr\/536886\/"},"modified":"2025-11-15T22:24:13","modified_gmt":"2025-11-15T22:24:13","slug":"de-lady-gaga-a-taylor-swift-les-super-fans-ces-groupies-nouvelle-generation-devenues-la-mine-dor-de-lindustrie-musicale","status":"publish","type":"post","link":"https:\/\/www.europesays.com\/fr\/536886\/","title":{"rendered":"De Lady Gaga \u00e0 Taylor Swift, les \u00absuper fans\u00bb, ces groupies nouvelle g\u00e9n\u00e9ration devenues la mine d\u2019or de l\u2019industrie musicale"},"content":{"rendered":"<p>\n    <strong>R\u00c9CIT &#8211;<\/strong> Packs VIP, \u00e9v\u00e9nements exclusifs, produits d\u00e9riv\u00e9s &#8230; Ces fans pr\u00eats \u00e0 d\u00e9penser sans limite se voient d\u00e9rouler le tapis rouge.<\/p>\n<p class=\"fig-paragraph\">Les fans de\u00a0<a href=\"https:\/\/www.lefigaro.fr\/tag\/lady-gaga\" target=\"_blank\" rel=\"sponsored noopener\" data-gtm-custom-categorie=\"navigation\" data-gtm-custom-action=\"crossclick\" data-gtm-custom-label=\"Contextuel\" data-gtm-event=\"customEventSPE\">Lady Gaga<\/a>\u00a0sont dans les starting-blocks. Habill\u00e9s de rouge, d\u2019accessoires gothiques ou de tenues futuristes en hommage aux derni\u00e8res chansons de la star, certains vont se masser d\u00e8s dimanche soir devant l\u2019Accor Arena pour pouvoir acc\u00e9der les premiers \u00e0 la salle et \u00eatre au plus pr\u00e8s de la chanteuse. Ces \u00ab super fans\u00a0\u00bb sont \u00e9galement impatients de mettre la main sur les \u00ab goodies\u00a0\u00bb du concert. Apr\u00e8s Lyon, la tourn\u00e9e mondiale de Lady Gaga, \u00ab The Mayhem Ball\u00a0\u00bb, fait escale du 17 au 20 novembre \u00e0 Paris. C\u2019est le grand retour de la star dans l\u2019Hexagone, apr\u00e8s le Stade de France il y a trois ans et\u00a0<a href=\"http:\/\/www.lefigaro.fr\/musique\/lady-gaga-l-autre-surprise-de-la-ceremonie-d-ouverture-des-jeux-olympiques-de-paris-20240726\" data-fig-type=\"Article\" data-gtm-custom-categorie=\"navigation\" data-gtm-custom-action=\"crossclick\" data-gtm-custom-label=\"Contextuel\" data-gtm-event=\"customEventSPE\" data-fig-domain=\"LEFIGARO\" target=\"_blank\" rel=\"noopener\">sa performance lors de la c\u00e9r\u00e9monie d\u2019ouverture des JO<\/a>.<\/p>\n<p class=\"fig-paragraph\">\u00ab Avec ses \u2019Little Monsters\u2019, c\u2019est Lady Gaga qui a invent\u00e9 en 2009 la notion de \u2019super fans\u2019. Elle a \u00e9t\u00e9 la premi\u00e8re \u00e0 les nommer, \u00e0 cr\u00e9er un site sur lequel ils \u00e9changent, et \u00e0 entretenir le dialogue avec eux au-del\u00e0 de la musique sur tous les sujets qui lui tiennent \u00e0 c\u0153ur (droits des LGBT, harc\u00e8lement, sant\u00e9 mentale&#8230;)<\/p>\n<p class=\"fig-premium-paywall__infos\">\n        Cet article est r\u00e9serv\u00e9 aux abonn\u00e9s.        Il vous reste 91% \u00e0 d\u00e9couvrir.\n    <\/p>\n<p>                <img  data- alt=\"Le Figaro\" class=\"fig-img--complete fig-img\"\/><\/p>\n<p class=\"fig-premium-paywall__title\">Black Friday<\/p>\n<p class=\"fig-premium-paywall__subtitle\">-70% sur l&rsquo;abonnement num\u00e9rique<\/p>\n<p class=\"fig-premium-paywall__connect\">\n                D\u00e9j\u00e0 abonn\u00e9\u00a0?                <a class=\"fig-premium-paywall__connect-link\" href=\"https:\/\/connect.lefigaro.fr\/login?client=horizon_web&amp;type=main&amp;redirect_uri=https%3A%2F%2Fwww.lefigaro.fr%2Fmedias%2Fde-lady-gaga-a-taylor-swift-les-super-fans-ces-groupies-nouvelle-generation-devenues-la-mine-d-or-de-l-industrie-musicale-20251115\" data-js-gtm=\"{&quot;customCategorie&quot;: &quot;conversion&quot;, &quot;customAction&quot;: &quot;before_Landing_Connexion_paywall_auto&quot;, &quot;customLabel&quot;: &quot;bGVmaWdhcm8uZnJfXzFmMGJmZTBmLWUxOGUtNmQ2OC04MTQwLWZiOWJkODI0YjZlMl9fQXJ0aWNsZQ==_De Lady Gaga \u00e0 Taylor Swift, les \u00absuper fans\u00bb, ces groupies nouvelle g\u00e9n\u00e9ration devenues la mine d\u2019or de l\u2019industrie musicale_319&quot;, &quot;customIDSPE&quot;: &quot;bGVmaWdhcm8uZnJfXzFmMGJmZTBmLWUxOGUtNmQ2OC04MTQwLWZiOWJkODI0YjZlMl9fQXJ0aWNsZQ==&quot;, &quot;event&quot;: &quot;customEventSPE&quot;}\" target=\"_blank\" rel=\"noopener\"><br \/>\n                    Connectez-vous<br \/>\n                <\/a>\n            <\/p>\n","protected":false},"excerpt":{"rendered":"R\u00c9CIT &#8211; Packs VIP, \u00e9v\u00e9nements exclusifs, produits d\u00e9riv\u00e9s &#8230; Ces fans pr\u00eats \u00e0 d\u00e9penser sans limite se voient&hellip;\n","protected":false},"author":2,"featured_media":536887,"comment_status":"","ping_status":"","sticky":false,"template":"","format":"standard","meta":{"footnotes":""},"categories":[1355],"tags":[4156,58,59,1011,27,7594,65610,1361,873],"class_list":{"0":"post-536886","1":"post","2":"type-post","3":"status-publish","4":"format-standard","5":"has-post-thumbnail","7":"category-musique","8":"tag-concerts","9":"tag-divertissement","10":"tag-entertainment","11":"tag-fr","12":"tag-france","13":"tag-k-pop","14":"tag-live-nation","15":"tag-music","16":"tag-musique"},"share_on_mastodon":{"url":"https:\/\/pubeurope.com\/@fr\/115556061439216387","error":""},"_links":{"self":[{"href":"https:\/\/www.europesays.com\/fr\/wp-json\/wp\/v2\/posts\/536886","targetHints":{"allow":["GET"]}}],"collection":[{"href":"https:\/\/www.europesays.com\/fr\/wp-json\/wp\/v2\/posts"}],"about":[{"href":"https:\/\/www.europesays.com\/fr\/wp-json\/wp\/v2\/types\/post"}],"author":[{"embeddable":true,"href":"https:\/\/www.europesays.com\/fr\/wp-json\/wp\/v2\/users\/2"}],"replies":[{"embeddable":true,"href":"https:\/\/www.europesays.com\/fr\/wp-json\/wp\/v2\/comments?post=536886"}],"version-history":[{"count":0,"href":"https:\/\/www.europesays.com\/fr\/wp-json\/wp\/v2\/posts\/536886\/revisions"}],"wp:featuredmedia":[{"embeddable":true,"href":"https:\/\/www.europesays.com\/fr\/wp-json\/wp\/v2\/media\/536887"}],"wp:attachment":[{"href":"https:\/\/www.europesays.com\/fr\/wp-json\/wp\/v2\/media?parent=536886"}],"wp:term":[{"taxonomy":"category","embeddable":true,"href":"https:\/\/www.europesays.com\/fr\/wp-json\/wp\/v2\/categories?post=536886"},{"taxonomy":"post_tag","embeddable":true,"href":"https:\/\/www.europesays.com\/fr\/wp-json\/wp\/v2\/tags?post=536886"}],"curies":[{"name":"wp","href":"https:\/\/api.w.org\/{rel}","templated":true}]}}