{"id":536888,"date":"2025-11-15T22:25:15","date_gmt":"2025-11-15T22:25:15","guid":{"rendered":"https:\/\/www.europesays.com\/fr\/536888\/"},"modified":"2025-11-15T22:25:15","modified_gmt":"2025-11-15T22:25:15","slug":"avec-le-gang-des-amazones-lyna-khoudri-reveille-le-souvenir-oublie-dune-bande-de-braqueuses","status":"publish","type":"post","link":"https:\/\/www.europesays.com\/fr\/536888\/","title":{"rendered":"Avec \u00ab\u00a0Le Gang des Amazones\u00a0\u00bb, Lyna Khoudri r\u00e9veille le souvenir oubli\u00e9 d\u2019une bande de braqueuses"},"content":{"rendered":"<p>        <img decoding=\"async\" loading=\"lazy\" src=\"https:\/\/www.europesays.com\/fr\/wp-content\/uploads\/2025\/11\/d1a01df_upload-1-6ubjjrdebl1r-le-gang-des-amazones.jpg\"  width=\"728\" height=\"409\" alt=\"Laura Felpin, Lyna Khoudri, Iz\u00efa Higelin et Mallory Wanecque, ici dans \u00ab\u00a0Le Gang des Amazones\u00a0\u00bb.\"\/>  <\/p>\n<p>CHEYENNE FEDERATION &#8211; FRANCE 2\u00a0CINEMA &#8211; BENUTS &#8211; FEDERATION PICTURES<\/p>\n<p>Laura Felpin, Lyna Khoudri, Iz\u00efa Higelin et Mallory Wanecque, ici dans \u00ab\u00a0Le Gang des Amazones\u00a0\u00bb.<\/p>\n<p>      <strong>EN BREF<\/strong> <strong>\u2022 <\/strong>Le film \u00ab\u00a0Le Gang des Amazones\u00a0\u00bb de Melissa Drigeard retrace sans sensationnalisme l\u2019histoire vraie d\u2019un groupe de braqueuses des ann\u00e9es 1990 dans le Vaucluse.<br \/><strong>\u2022 <\/strong>Les protagonistes confront\u00e9es \u00e0 des difficult\u00e9s financi\u00e8res, ont r\u00e9alis\u00e9 plusieurs braquages avant d\u2019\u00eatre jug\u00e9es\u00a0puis de se r\u00e9ins\u00e9rer dans la soci\u00e9t\u00e9.<br \/><strong>\u2022 <\/strong>Le film avec Iz\u00efa Higelin et Laura Felpin aborde la \u00ab\u00a0misogynie\u00a0incroyable\u00a0\u00bb de la presse de l\u2019\u00e9poque.                         <\/p>\n<p class=\"asset asset-text\">CIN\u00c9MA &#8211; Le casse du si\u00e8cle de <a href=\"https:\/\/www.huffingtonpost.fr\/people\/article\/face-a-lena-situations-rihanna-avait-une-bonne-raison-de-ne-pas-s-asseoir-sur-le-canape-rose_256394.html\" rel=\"nofollow noopener\" target=\"_blank\">Rihanna<\/a> et Sandra Bullock dans <a href=\"https:\/\/www.huffingtonpost.fr\/culture\/article\/ocean-s-8-ghostbusters-y-a-t-il-vraiment-un-effet-de-mode-des-remakes-feminins_125198.html\" rel=\"nofollow noopener\" target=\"_blank\">Ocean\u2019s 8<\/a>\u00a0est sur le point de prendre un sacr\u00e9 un coup de vieux. Et pour cause, une trentaine d\u2019ann\u00e9es apr\u00e8s les faits, un polar renoue au <a href=\"https:\/\/www.huffingtonpost.fr\/culture\/article\/les-gremlins-vont-faire-leur-retour-pour-un-3e-film-35-ans-apres-le-dernier_256891.html\" rel=\"nofollow noopener\" target=\"_blank\">cin\u00e9ma<\/a>, depuis ce mercredi 12\u00a0novembre, avec l\u2019histoire vraie, mais m\u00e9connue d\u2019un groupe de braqueuses fran\u00e7aises hors pair, Le Gang des Amazones.<\/p>\n<p class=\"asset asset-text\">Retour en arri\u00e8re. Nous sommes au tournant des ann\u00e9es 1990\u00a0dans la petite commune de l\u2019Isle-sur-la-Sorgue dans le Vaucluse, quand H\u00e9l\u00e8ne re\u00e7oit un courrier de la CAF. Une erreur a \u00e9t\u00e9 commise. Elle aurait per\u00e7u \u00ab\u00a0trop\u00a0\u00bb d\u2019allocations. Pour rembourser, seuls 31\u00a0francs lui seront d\u00e9sormais vers\u00e9s par mois, soit un peu moins de 5\u00a0euros.<\/p>\n<p class=\"asset asset-text\">Ce n\u2019est pas gr\u00e2ce \u00e0 sa maigre paye de vendeuse en boulangerie qu\u2019H\u00e9l\u00e8ne va pouvoir continuer \u00e0 nourrir ses trois enfants qu\u2019elle \u00e9l\u00e8ve seule en compagnie de sa m\u00e8re, ni \u00e0 payer le pr\u00eat de la maison. Il lui faut vite une solution. Impossible de demander de l\u2019argent autour d\u2019elle\u00a0: ses trois meilleures copines sont tout aussi pr\u00e9caires. Katy \u00e9met une id\u00e9e. Et si elles braquaient Le Cr\u00e9dit Agricole du coin. C\u2019est une blague\u00a0? Non, elle est tr\u00e8s s\u00e9rieuse. Carole approuve. H\u00e9l\u00e8ne h\u00e9site, puis accepte. Seule Laurence se montre vraiment r\u00e9ticente, avant de les rejoindre.<\/p>\n<p class=\"asset asset-text\"><strong>D\u00e9couvrez ci-dessous la bande-annonce\u00a0:<\/strong><\/p>\n<p> La lecture de ce contenu est susceptible d\u2019entra\u00eener un d\u00e9p\u00f4t de cookies de la part de l\u2019op\u00e9rateur tiers qui l\u2019h\u00e9berge. Compte-tenu des choix que vous avez exprim\u00e9s en mati\u00e8re de d\u00e9p\u00f4t de cookies, nous avons bloqu\u00e9 l\u2019affichage de ce contenu. Si vous souhaitez y acc\u00e9der, vous devez accepter la cat\u00e9gorie de cookies \u201cContenus tiers\u201d en cliquant sur le bouton ci-dessous. <\/p>\n<p> Lire la Vid\u00e9o              <\/p>\n<p class=\"asset asset-text\">Le premier hold-up, o\u00f9 se trouvait par hasard Malika, la s\u0153ur de Katy venue faire un retrait, se passe sans heurt. Cagoul\u00e9es, elles mettent la main sans se faire choper sur un butin de 116\u00a0000\u00a0francs. Elles r\u00e9cidivent donc non pas une, ni deux ou trois, mais bien six autres fois.<\/p>\n<p>    L\u2019arrestation des \u00ab\u00a0Amazones\u00a0\u00bb    <\/p>\n<p class=\"asset asset-text\">Leur mode op\u00e9ratoire est le m\u00eame \u00e0 chaque fois. Maquill\u00e9es et coiff\u00e9es de postiches, elles agissent par paire en plein jour. Une troisi\u00e8me complice les attend dans une voiture vol\u00e9e, dont la plaque d\u2019immatriculation est toujours visible. L\u2019argent qu\u2019elles en tirent\u00a0? Elles le d\u00e9pensent en sorties, pleins de course et jouets pour enfants.<\/p>\n<p class=\"asset asset-text\">Un beau jour, H\u00e9l\u00e8ne, partie avec sa m\u00e8re chez Auchan, est arr\u00eat\u00e9e. On la retient une journ\u00e9e, puis la lib\u00e8re. Premier coup de chaud. Les quatre femmes tirent un trait sur les casses pendant un an jusqu\u2019au jour o\u00f9 Katy, apr\u00e8s s\u2019\u00eatre exil\u00e9e en Corse, se fait prendre apr\u00e8s un cambriolage rat\u00e9. Les unes apr\u00e8s les autres, elles se font coincer, et reconnaissent les faits.<\/p>\n<p class=\"asset asset-text\">Sans sensationnalisme, ni mis\u00e9rabilisme\u2026 Le Gang des Amazones revient sur le fait divers marquant avec sinc\u00e9rit\u00e9 et justesse. Pas question d\u2019esth\u00e9tiser la violence, ni de faire l\u2019apologie du braquage\u00a0: ses h\u00e9ro\u00efnes ne sont pas \u00e9rig\u00e9es en figures de l\u2019anticapitalisme, mais comme un groupe de copines dans le besoin, qui se sont laiss\u00e9es d\u00e9passer par les \u00e9v\u00e9nements.<\/p>\n<p>    Les mots d\u2019H\u00e9l\u00e8ne et Katy    <\/p>\n<p class=\"asset asset-text\">\u00ab\u00a0C\u2019\u00e9tait beaucoup de souffrance, mais aussi beaucoup d\u2019amour, t\u00e9moigne la vraie H\u00e9l\u00e8ne Trinidad, interrog\u00e9e en amont de la sortie du film par nos confr\u00e8res d\u2019<a href=\"https:\/\/www.herault-tribune.com\/articles\/helene-trinidad-lex-braqueuse-du-gang-des-amazones-renait-sur-grand-ecran\/\" target=\"_blank\" rel=\"noopener nofollow\" title=\"Nouvelle fen\u00eatre\">H\u00e9rault Tribune<\/a>. Katy, mes copines, je les ai beaucoup aim\u00e9es.\u00a0\u00bb Loin de ses com\u00e9dies, la cin\u00e9aste Melissa Drigeard dit avoir voulu montrer, ici, \u00ab\u00a0la complexit\u00e9 humaine, pas seulement la faute\u00a0\u00bb.<\/p>\n<p class=\"asset asset-text\">C\u2019est en tombant sur un num\u00e9ro d\u2019Affaires sensibles sur France Inter qu\u2019est n\u00e9 le projet. \u00ab\u00a0Elle nous a contact\u00e9es, tout simplement. Et moi, j\u2019ai tout de suite dit \u201coui\u201d. Ma copine H\u00e9l\u00e8ne \u00e9tait un peu r\u00e9ticente. Mais \u00e7a s\u2019est super bien pass\u00e9. [\u2026] Elle nous a laiss\u00e9es nous exprimer, sans jamais nous couper\u00a0\u00bb, se souvient Katy chez <a href=\"https:\/\/www.corsenetinfos.corsica\/Elle-etait-en-cavale-a-Porto-Vecchio-en-1990-Katy--ex-braqueuse-du-Gang-des-Amazones-revient-pour-du-cinema_a86795.html\" target=\"_blank\" rel=\"noopener nofollow\" title=\"Nouvelle fen\u00eatre\">Corse Net Infos<\/a>.<\/p>\n<p>                          <img decoding=\"async\" loading=\"lazy\" src=\"https:\/\/www.europesays.com\/fr\/wp-content\/uploads\/2025\/11\/1e20e75_upload-1-whxwvosmunpa-le-gang-des-amazones-1.jpg\"  width=\"728\" height=\"415\" alt=\"Iz\u00efa Higelin, Lyna Khoudri et Kenza Fortas, ici, dans \u00ab\u00a0Le Gang des Amazones\u00a0\u00bb.\"\/>  <\/p>\n<p>CHEYENNE FEDERATION &#8211; FRANCE 2\u00a0CINEMA &#8211; BENUTS &#8211; FEDERATION PICTURES<\/p>\n<p>Iz\u00efa Higelin, Lyna Khoudri et Kenza Fortas, ici, dans \u00ab\u00a0Le Gang des Amazones\u00a0\u00bb.<\/p>\n<p class=\"asset asset-text\">La confiance s\u2019est install\u00e9e. Les langues se sont d\u00e9li\u00e9es, et les anecdotes ont fleuri. \u00ab\u00a0Les gendarmes d\u2019Avignon sont venus me chercher \u00e0 Porto-Vecchio, poursuit, par exemple, la cheffe de file dans les colonnes du site d\u2019infos corse. J\u2019allais me cacher \u00e0 la plage. \u00c0 l\u2019\u00e9poque, j\u2019\u00e9tais jeune, belle et bronz\u00e9e. Du coup, j\u2019allais au milieu des touristes.\u00a0\u00bb<\/p>\n<p class=\"asset asset-text\">La rencontre avec son interpr\u00e8te Lyna Khoudri n\u2019a eu lieu que trois semaines apr\u00e8s le d\u00e9but du tournage, pour la sc\u00e8ne du proc\u00e8s. Pareil pour Iz\u00efa Higelin, Laura Felpin, Mallory Wanecque et Kenza Fortas, et celles qu\u2019elles incarnent. Melissa Drigeard a refus\u00e9 que cela se fasse plus t\u00f4t. \u00ab\u00a0Elle m\u2019a parl\u00e9 des filles de fa\u00e7on si pr\u00e9cise, presque intime, qu\u2019avant m\u00eame de faire leur connaissance, j\u2019avais d\u00e9j\u00e0 l\u2019impression d\u2019\u00eatre dans leur t\u00eate\u00a0\u00bb, conc\u00e8de toutefois Lyna Khoudri.<\/p>\n<p>    La presse de l\u2019\u00e9poque, \u00ab\u00a0d\u2019une misogynie incroyable\u00a0\u00bb    <\/p>\n<p class=\"asset asset-text\">Articles de journaux, documentaires, vid\u00e9os\u2026 La r\u00e9alisatrice leur a fourni une somme importante de r\u00e9f\u00e9rences. Il fallait non seulement rester au plus pr\u00e8s de l\u2019histoire vraie de ces femmes qui, pendant plus d\u2019un an, ont bern\u00e9 les gendarmes qui pensaient qu\u2019elles \u00e9taient des hommes, mais aussi comprendre le traitement qui leur a \u00e9t\u00e9 r\u00e9serv\u00e9.<\/p>\n<p class=\"asset asset-text\">\u00ab\u00a0Une fois d\u00e9masqu\u00e9es, raconte Melissa Drigeard dans les notes de production, c\u2019est pire. Les titres de presse sont d\u2019une misogynie incroyable.\u00a0\u00bb \u00ab\u00a0Quand les m\u00e9nag\u00e8res se transforment en m\u00e9g\u00e8res\u00a0\u00bb, cite-t-elle, d\u2019abord. \u00ab\u00a0Elles ont troqu\u00e9 leur baguette de pain contre des fusils \u00e0 canon sci\u00e9\u00a0\u00bb, glisse-t-elle ensuite.<\/p>\n<p class=\"asset asset-text\">La suite, le film la raconte. Emprisonn\u00e9es quatre mois par mesure pr\u00e9ventive, les cinq accus\u00e9es (H\u00e9l\u00e8ne, Katy, Carole, Laurence et Malika) ont \u00e9t\u00e9 lib\u00e9r\u00e9es \u00e0 cause d\u2019un vice de proc\u00e9dure avant la tenue de leur proc\u00e8s, pr\u00e9vu quatre ans plus tard. Pendant cette p\u00e9riode, et sous l\u2019impulsion de la juge d\u2019instruction de l\u2019\u00e9poque, elles en toutes profit\u00e9 pour se racheter une conduite.<\/p>\n<p class=\"asset asset-text\">Elles ont \u00e9t\u00e9 jug\u00e9es en septembre\u00a01996. Sur le banc des accus\u00e9es, quatre d\u2019entre elles ont reconnu les faits. La cinqui\u00e8me, non. Elle sera la seule \u00e0 purger une peine d\u2019un an de prison, les quatre autres \u00e9copant de peines avec sursis.<\/p>\n<p>                     Une dette \u00e0 vie    <\/p>\n<p class=\"asset asset-text\">Pour certains, la plaidoirie d\u2019un des avocats a jou\u00e9 un r\u00f4le cl\u00e9. Dans celle-ci, Me. Guenoun faisait allusion \u00e0 La soci\u00e9t\u00e9 criminog\u00e8ne, un livre de Jean Pinatel paru en 1971\u00a0dans lequel le criminologue fran\u00e7ais pointe du doigt les in\u00e9galit\u00e9s dans la soci\u00e9t\u00e9 et la violence de classe pour expliquer en partie la d\u00e9linquance dans les milieux d\u00e9favoris\u00e9s.<\/p>\n<p>         <img decoding=\"async\" loading=\"lazy\" src=\"https:\/\/www.europesays.com\/fr\/wp-content\/uploads\/2025\/11\/ec15ce7_upload-1-y4ikkbeiuetp-le-gang-des-amazones-2.jpg\"  width=\"728\" height=\"415\" alt=\"Laura Felpin, ici dans le personnage de Laurence.\"\/>  <\/p>\n<p>CHEYENNE FEDERATION &#8211; FRANCE 2\u00a0CINEMA &#8211; BENUTS &#8211; FEDERATION PICTURES<\/p>\n<p>Laura Felpin, ici dans le personnage de Laurence.<\/p>\n<p class=\"asset asset-text\">D\u2019autres ont une seconde hypoth\u00e8se, absente du film. \u00ab\u00a0Trois jours avant leur proc\u00e8s, les m\u00eames jur\u00e9s avaient d\u00fb travailler sur une affaire absolument \u00e9pouvantable de viol d\u2019enfant\u00a0\u00bb, pr\u00e9cise \u00e0 son tour la r\u00e9alisatrice, selon qui en comparaison les Amazones \u00ab\u00a0paraissaient bien sympathiques et leurs fautes pas si graves que \u00e7a\u00a0\u00bb.<\/p>\n<p class=\"asset asset-text\">Reste qu\u2019elles ont \u00e9t\u00e9 condamn\u00e9es \u00e0 rembourser ce qu\u2019elles ont vol\u00e9. Une dette \u00e0 vie, que Laurence a, par exemple, fini de payer il y a seulement deux ans. Depuis, toutes se sont r\u00e9ins\u00e9r\u00e9es dans la soci\u00e9t\u00e9, et personne n\u2019a r\u00e9cidiv\u00e9, m\u00eame si Katy raconte avoir \u00e9t\u00e9 contact\u00e9e \u00e0 bien des reprises pour commettre d\u2019autres magouilles.<\/p>\n<p class=\"asset asset-text\">Aujourd\u2019hui, les amies se sont \u00e9loign\u00e9es. Seules Carole, H\u00e9l\u00e8ne et Katy sont toujours en contact, m\u00eame cette derni\u00e8re et sa s\u0153ur Malika ne se parlent plus. \u00ab\u00a0Il faut dire que je ne me suis jamais tr\u00e8s bien entendue avec elle. Et surtout, elle m\u2019en veut parce qu\u2019elle a morfl\u00e9 pour rien\u00a0\u00bb, estime-t-elle. Ce mercredi, la fiction les r\u00e9unit.<\/p>\n","protected":false},"excerpt":{"rendered":"CHEYENNE FEDERATION &#8211; FRANCE 2\u00a0CINEMA &#8211; BENUTS &#8211; FEDERATION PICTURES Laura Felpin, Lyna Khoudri, Iz\u00efa Higelin et Mallory&hellip;\n","protected":false},"author":2,"featured_media":536889,"comment_status":"","ping_status":"","sticky":false,"template":"","format":"standard","meta":{"footnotes":""},"categories":[1354],"tags":[650,251,58,59,118,1346,1011,27,65611,1360],"class_list":{"0":"post-536888","1":"post","2":"type-post","3":"status-publish","4":"format-standard","5":"has-post-thumbnail","7":"category-films","8":"tag-cinema","9":"tag-culture","10":"tag-divertissement","11":"tag-entertainment","12":"tag-faits-divers","13":"tag-films","14":"tag-fr","15":"tag-france","16":"tag-izia-higelin","17":"tag-movies"},"share_on_mastodon":{"url":"https:\/\/pubeurope.com\/@fr\/115556066877439362","error":""},"_links":{"self":[{"href":"https:\/\/www.europesays.com\/fr\/wp-json\/wp\/v2\/posts\/536888","targetHints":{"allow":["GET"]}}],"collection":[{"href":"https:\/\/www.europesays.com\/fr\/wp-json\/wp\/v2\/posts"}],"about":[{"href":"https:\/\/www.europesays.com\/fr\/wp-json\/wp\/v2\/types\/post"}],"author":[{"embeddable":true,"href":"https:\/\/www.europesays.com\/fr\/wp-json\/wp\/v2\/users\/2"}],"replies":[{"embeddable":true,"href":"https:\/\/www.europesays.com\/fr\/wp-json\/wp\/v2\/comments?post=536888"}],"version-history":[{"count":0,"href":"https:\/\/www.europesays.com\/fr\/wp-json\/wp\/v2\/posts\/536888\/revisions"}],"wp:featuredmedia":[{"embeddable":true,"href":"https:\/\/www.europesays.com\/fr\/wp-json\/wp\/v2\/media\/536889"}],"wp:attachment":[{"href":"https:\/\/www.europesays.com\/fr\/wp-json\/wp\/v2\/media?parent=536888"}],"wp:term":[{"taxonomy":"category","embeddable":true,"href":"https:\/\/www.europesays.com\/fr\/wp-json\/wp\/v2\/categories?post=536888"},{"taxonomy":"post_tag","embeddable":true,"href":"https:\/\/www.europesays.com\/fr\/wp-json\/wp\/v2\/tags?post=536888"}],"curies":[{"name":"wp","href":"https:\/\/api.w.org\/{rel}","templated":true}]}}