{"id":536890,"date":"2025-11-15T22:26:12","date_gmt":"2025-11-15T22:26:12","guid":{"rendered":"https:\/\/www.europesays.com\/fr\/536890\/"},"modified":"2025-11-15T22:26:12","modified_gmt":"2025-11-15T22:26:12","slug":"lethiopie-confirme-lapparition-dune-epidemie-du-virus-de-marburg","status":"publish","type":"post","link":"https:\/\/www.europesays.com\/fr\/536890\/","title":{"rendered":"L\u2019Ethiopie confirme l\u2019apparition d\u2019une \u00e9pid\u00e9mie du virus de Marburg"},"content":{"rendered":"<p>Ce samedi, les <a href=\"https:\/\/www.20minutes.fr\/monde\/ethiopie\/\" class=\"c-link c-link--is-underlined\" target=\"_blank\" rel=\"noopener\">autorit\u00e9s \u00e9thiopiennes<\/a> ont confirm\u00e9 l\u2019apparition d\u2019une \u00e9pid\u00e9mie du virus de Marburg dans le sud du pays, a indiqu\u00e9 l\u2019agence sanitaire de l\u2019Union africaine (Africa CDC).<\/p>\n<p>Le virus de Marburg, qui provoque une fi\u00e8vre h\u00e9morragique hautement infectieuse, est transmis par certaines esp\u00e8ces de chauves-souris et appartient \u00e0 la m\u00eame famille qu\u2019<a href=\"https:\/\/www.20minutes.fr\/monde\/ebola\/\" class=\"c-link c-link--is-underlined\" target=\"_blank\" rel=\"noopener\">Ebola<\/a>. Son taux de mortalit\u00e9 peut monter jusqu\u2019\u00e0 pr\u00e8s de 90\u00a0%.<\/p>\n<p>Neuf cas recens\u00e9s dans le sud du pays<\/p>\n<p>Au moins neuf cas de personnes infect\u00e9es par le virus de Marburg ont \u00e9t\u00e9 recens\u00e9s dans le sud de l\u2019Ethiopie, a indiqu\u00e9 vendredi le directeur de l\u2019OMS Tedros Adhanom Ghebreyesus.<\/p>\n<\/p>\n<p>L\u2019<a href=\"https:\/\/www.20minutes.fr\/dossier\/oms\" class=\"c-link c-link--is-underlined\" target=\"_blank\" rel=\"noopener\">OMS<\/a> \u00ab\u00a0soutient activement l\u2019Ethiopie dans ses efforts pour contenir l\u2019\u00e9pid\u00e9mie et soigner les personnes infect\u00e9es, et appuie tous les efforts visant \u00e0 pr\u00e9venir une \u00e9ventuelle propagation transfrontali\u00e8re\u00a0\u00bb, a-t-il soulign\u00e9 sur X.<\/p>\n<p>Une alerte concernant \u00ab\u00a0une suspicion de fi\u00e8vre h\u00e9morragique virale\u00a0\u00bb a \u00e9t\u00e9 transmise \u00e0 l\u2019Africa CDC le 12\u00a0novembre, qui a pris \u00ab\u00a0acte de la confirmation\u00a0\u00bb, vendredi \u00ab\u00a0par le minist\u00e8re f\u00e9d\u00e9ral de la Sant\u00e9 d\u2019\u00c9thiopie et l\u2019Institut \u00e9thiopien de sant\u00e9 publique, d\u2019une \u00e9pid\u00e9mie de maladie \u00e0 virus Marburg \u00e0 Jinka, dans la r\u00e9gion Sud.\u00a0\u00bb<\/p>\n<p>Des pays voisins touch\u00e9s<\/p>\n<p>\u00ab\u00a0Le virus pr\u00e9sent en Ethiopie est d\u2019une souche similaire \u00e0 celles responsables d\u2019\u00e9pid\u00e9mies dans d\u2019autres pays d\u2019Afrique de l\u2019Est\u00a0\u00bb, a pr\u00e9cis\u00e9 le minist\u00e8re de la Sant\u00e9 \u00e9thiopien vendredi sur X.<\/p>\n<p>Le minist\u00e8re a aussi indiqu\u00e9 mener avec d\u2019autres organisations sanitaires des actions de pr\u00e9vention, ainsi que des activit\u00e9s coordonn\u00e9es de d\u00e9pistage.<\/p>\n<p>La <a href=\"https:\/\/www.20minutes.fr\/monde\/tanzanie\/\" class=\"c-link c-link--is-underlined\" target=\"_blank\" rel=\"noopener\">Tanzanie<\/a> a d\u00e9clar\u00e9 mi-mars la fin d\u2019une \u00e9pid\u00e9mie du virus qui avait fait 10 morts depuis janvier. <a href=\"https:\/\/www.20minutes.fr\/monde\/rwanda\/\" class=\"c-link c-link--is-underlined\" target=\"_blank\" rel=\"noopener\">Kigali<\/a> a de son c\u00f4t\u00e9 d\u00e9clar\u00e9 fin d\u00e9cembre\u00a02024 la fin de la premi\u00e8re \u00e9pid\u00e9mie du genre \u00e0 avoir frapp\u00e9 son territoire, qui avait caus\u00e9 15 d\u00e9c\u00e8s.<\/p>\n<p>Aucun vaccin ni traitement \u00e0 l\u2019heure actuelle<\/p>\n<p>Il n\u2019existe actuellement aucun vaccin ou traitement antiviral approuv\u00e9 pour combattre le virus. Cependant, les soins de soutien &#8211; r\u00e9hydratation par voie orale ou intraveineuse &#8211; et le traitement des sympt\u00f4mes sp\u00e9cifiques augmentent les chances de survie.<\/p>\n<p>Le Rwanda avait test\u00e9 l\u2019ann\u00e9e derni\u00e8re un vaccin exp\u00e9rimental fourni par le Sabin Vaccine Institute, bas\u00e9 aux Etats-Unis.<\/p>\n","protected":false},"excerpt":{"rendered":"Ce samedi, les autorit\u00e9s \u00e9thiopiennes ont confirm\u00e9 l\u2019apparition d\u2019une \u00e9pid\u00e9mie du virus de Marburg dans le sud du&hellip;\n","protected":false},"author":2,"featured_media":536891,"comment_status":"","ping_status":"","sticky":false,"template":"","format":"standard","meta":{"footnotes":""},"categories":[10],"tags":[47,8558,1011,27,72,74,2570,15568,71,65612,5336],"class_list":{"0":"post-536890","1":"post","2":"type-post","3":"status-publish","4":"format-standard","5":"has-post-thumbnail","7":"category-sante","8":"tag-actualite","9":"tag-ethiopie","10":"tag-fr","11":"tag-france","12":"tag-health","13":"tag-monde","14":"tag-oms","15":"tag-rwanda","16":"tag-sante","17":"tag-tanzanie","18":"tag-virus"},"share_on_mastodon":{"url":"https:\/\/pubeurope.com\/@fr\/115556069220147876","error":""},"_links":{"self":[{"href":"https:\/\/www.europesays.com\/fr\/wp-json\/wp\/v2\/posts\/536890","targetHints":{"allow":["GET"]}}],"collection":[{"href":"https:\/\/www.europesays.com\/fr\/wp-json\/wp\/v2\/posts"}],"about":[{"href":"https:\/\/www.europesays.com\/fr\/wp-json\/wp\/v2\/types\/post"}],"author":[{"embeddable":true,"href":"https:\/\/www.europesays.com\/fr\/wp-json\/wp\/v2\/users\/2"}],"replies":[{"embeddable":true,"href":"https:\/\/www.europesays.com\/fr\/wp-json\/wp\/v2\/comments?post=536890"}],"version-history":[{"count":0,"href":"https:\/\/www.europesays.com\/fr\/wp-json\/wp\/v2\/posts\/536890\/revisions"}],"wp:featuredmedia":[{"embeddable":true,"href":"https:\/\/www.europesays.com\/fr\/wp-json\/wp\/v2\/media\/536891"}],"wp:attachment":[{"href":"https:\/\/www.europesays.com\/fr\/wp-json\/wp\/v2\/media?parent=536890"}],"wp:term":[{"taxonomy":"category","embeddable":true,"href":"https:\/\/www.europesays.com\/fr\/wp-json\/wp\/v2\/categories?post=536890"},{"taxonomy":"post_tag","embeddable":true,"href":"https:\/\/www.europesays.com\/fr\/wp-json\/wp\/v2\/tags?post=536890"}],"curies":[{"name":"wp","href":"https:\/\/api.w.org\/{rel}","templated":true}]}}