{"id":536898,"date":"2025-11-15T22:31:21","date_gmt":"2025-11-15T22:31:21","guid":{"rendered":"https:\/\/www.europesays.com\/fr\/536898\/"},"modified":"2025-11-15T22:31:21","modified_gmt":"2025-11-15T22:31:21","slug":"la-tempete-claudia-fait-un-mort-et-plusieurs-blesses-dans-le-sud-du-pays","status":"publish","type":"post","link":"https:\/\/www.europesays.com\/fr\/536898\/","title":{"rendered":"la temp\u00eate Claudia fait un mort et plusieurs bless\u00e9s dans le sud du pays"},"content":{"rendered":"<p>\n    Le \u00abph\u00e9nom\u00e8ne venteux extr\u00eame\u00bb qui a touch\u00e9 un camping d\u2019Albufeira y a provoqu\u00e9 la mort d\u2019une femme \u00abde nationalit\u00e9 britannique\u00bb \u00e2g\u00e9e de 85 ans.<\/p>\n<p class=\"fig-paragraph\">Une femme britannique de 85 ans est morte et une vingtaine de personnes ont \u00e9t\u00e9 bless\u00e9es samedi \u00e0 Albufeira et dans ses environs, au sud du\u00a0<a href=\"http:\/\/www.lefigaro.fr\/conjoncture\/comment-le-portugal-montre-le-chemin-a-une-france-ecrasee-par-la-dette-20251027\" target=\"_blank\" data-fig-type=\"Article\" rel=\"noopener nofollow\" data-gtm-custom-categorie=\"navigation\" data-gtm-custom-action=\"crossclick\" data-gtm-custom-label=\"Contextuel\" data-gtm-event=\"customEventSPE\" data-fig-domain=\"LEFIGARO\">Portugal<\/a>, a indiqu\u00e9 la Protection civile, du fait des vents violents qui balaient la r\u00e9gion de l&rsquo;Algarve, plac\u00e9e en alerte orange au\u00a0<a href=\"http:\/\/sante.lefigaro.fr\/social\/sante-publique\/faut-il-s-inquieter-du-sable-radioactif-du-sahara-apporte-en-france-par-la-tempete-claudia-20251114\" target=\"_blank\" data-fig-type=\"Article\" rel=\"noopener nofollow\" data-gtm-custom-categorie=\"navigation\" data-gtm-custom-action=\"crossclick\" data-gtm-custom-label=\"Contextuel\" data-gtm-event=\"customEventSPE\" data-fig-domain=\"SANTE\">passage de la temp\u00eate Claudia<\/a>.<\/p>\n<p class=\"fig-paragraph\">Le \u00abph\u00e9nom\u00e8ne venteux extr\u00eame\u00bb qui a touch\u00e9 un camping de cette ville touristique y a provoqu\u00e9 la mort d&rsquo;une femme \u00abde nationalit\u00e9 britannique\u00bb de 85 ans, a annonc\u00e9 le commandant r\u00e9gional de la Protection civile, Vitor Vaz Pinto, lors d&rsquo;un point de presse.<\/p>\n<p>                                    <a class=\"fig-a11y-skip a11y-hidden\" href=\"#fig-a11y-skip-main-inarticle\"><br \/>\n        Passer la publicit\u00e9<br \/>\n    <\/a><\/p>\n<p>Deux personnes \u00abgri\u00e8vement\u00bb bless\u00e9es<\/p>\n<p class=\"fig-paragraph\">Cinq personnes ont \u00e9galement \u00e9t\u00e9 bless\u00e9es, dont deux \u00abgri\u00e8vement\u00bb, et les d\u00e9g\u00e2ts y sont importants, a-t-il ajout\u00e9. \u00ab\u00c0 notre connaissance, il n&rsquo;y a aucun disparu\u00bb, a-t-il encore pr\u00e9cis\u00e9 en d\u00e9but de soir\u00e9e, alors qu&rsquo;un pr\u00e9c\u00e9dent bilan faisait \u00e9tat d&rsquo;une personne disparue.<\/p>\n<p class=\"fig-paragraph\">Les vents, qui ont d\u00e9pass\u00e9 100 km\/h dans la zone, ont aussi fait une vingtaine de bless\u00e9s dans \u00abl&rsquo;effondrement partiel\u00bb du toit d&rsquo;un restaurant d&rsquo;une station baln\u00e9aire voisine, selon la Protection civile.<\/p>\n<p class=\"fig-paragraph\">Dans un communiqu\u00e9, le pr\u00e9sident portugais Marcelo Rebelo de Sousa a exprim\u00e9 sa \u00absolidarit\u00e9 avec les proches de la victime d\u00e9c\u00e9d\u00e9e, \u00e0 la suite du passage de la d\u00e9pression Claudia\u00bb, et souhait\u00e9 aux personnes bless\u00e9es \u00abun prompt r\u00e9tablissement\u00bb.<\/p>\n<p>Plus de 3300 incidents recens\u00e9s dans le pays<\/p>\n<p class=\"fig-paragraph\">Plusieurs districts du sud du Portugal, dont celui de Faro, sont plac\u00e9s en alerte orange ce samedi en raison des intemp\u00e9ries qui frappent le pays depuis plusieurs jours.<\/p>\n<p class=\"fig-paragraph\">Un couple d&rsquo;octog\u00e9naires a d\u00e9j\u00e0 \u00e9t\u00e9 retrouv\u00e9 mort jeudi \u00e0 son domicile pr\u00e8s de Lisbonne, en raison des inondations provoqu\u00e9es par les fortes pluies de la nuit pr\u00e9c\u00e9dente.<\/p>\n<p>                                    <a class=\"fig-a11y-skip a11y-hidden\" href=\"#fig-a11y-skip-main-inarticle_mtf\"><br \/>\n        Passer la publicit\u00e9<br \/>\n    <\/a><\/p>\n<p class=\"fig-paragraph\">La Protection civile a indiqu\u00e9 samedi matin avoir recens\u00e9 plus de 3300 incidents depuis mercredi dans l&rsquo;ensemble du pays, principalement des inondations et des chutes d&rsquo;arbres, en raison des effets de la temp\u00eate Claudia.<\/p>\n<p class=\"fig-paragraph\">En Espagne voisine, certaines zones du sud-ouest et du centre-ouest du pays ont \u00e9t\u00e9 \u00e9galement \u00e9t\u00e9 plac\u00e9es ce samedi en alerte orange.<\/p>\n","protected":false},"excerpt":{"rendered":"Le \u00abph\u00e9nom\u00e8ne venteux extr\u00eame\u00bb qui a touch\u00e9 un camping d\u2019Albufeira y a provoqu\u00e9 la mort d\u2019une femme \u00abde&hellip;\n","protected":false},"author":2,"featured_media":536899,"comment_status":"","ping_status":"","sticky":false,"template":"","format":"standard","meta":{"footnotes":""},"categories":[5],"tags":[11,1011,27,14,12,6996,7747,28],"class_list":{"0":"post-536898","1":"post","2":"type-post","3":"status-publish","4":"format-standard","5":"has-post-thumbnail","7":"category-international","8":"tag-actualites","9":"tag-fr","10":"tag-france","11":"tag-international","12":"tag-news","13":"tag-portugal","14":"tag-tempete","15":"tag-world"},"share_on_mastodon":{"url":"https:\/\/pubeurope.com\/@fr\/115556088891938965","error":""},"_links":{"self":[{"href":"https:\/\/www.europesays.com\/fr\/wp-json\/wp\/v2\/posts\/536898","targetHints":{"allow":["GET"]}}],"collection":[{"href":"https:\/\/www.europesays.com\/fr\/wp-json\/wp\/v2\/posts"}],"about":[{"href":"https:\/\/www.europesays.com\/fr\/wp-json\/wp\/v2\/types\/post"}],"author":[{"embeddable":true,"href":"https:\/\/www.europesays.com\/fr\/wp-json\/wp\/v2\/users\/2"}],"replies":[{"embeddable":true,"href":"https:\/\/www.europesays.com\/fr\/wp-json\/wp\/v2\/comments?post=536898"}],"version-history":[{"count":0,"href":"https:\/\/www.europesays.com\/fr\/wp-json\/wp\/v2\/posts\/536898\/revisions"}],"wp:featuredmedia":[{"embeddable":true,"href":"https:\/\/www.europesays.com\/fr\/wp-json\/wp\/v2\/media\/536899"}],"wp:attachment":[{"href":"https:\/\/www.europesays.com\/fr\/wp-json\/wp\/v2\/media?parent=536898"}],"wp:term":[{"taxonomy":"category","embeddable":true,"href":"https:\/\/www.europesays.com\/fr\/wp-json\/wp\/v2\/categories?post=536898"},{"taxonomy":"post_tag","embeddable":true,"href":"https:\/\/www.europesays.com\/fr\/wp-json\/wp\/v2\/tags?post=536898"}],"curies":[{"name":"wp","href":"https:\/\/api.w.org\/{rel}","templated":true}]}}