{"id":536900,"date":"2025-11-15T22:32:14","date_gmt":"2025-11-15T22:32:14","guid":{"rendered":"https:\/\/www.europesays.com\/fr\/536900\/"},"modified":"2025-11-15T22:32:14","modified_gmt":"2025-11-15T22:32:14","slug":"le-crif-denonce-une-injure-aux-deportes","status":"publish","type":"post","link":"https:\/\/www.europesays.com\/fr\/536900\/","title":{"rendered":"le Crif d\u00e9nonce une \u00abinjure\u00bb aux d\u00e9port\u00e9s"},"content":{"rendered":"<p>\n    \u00abC\u00e9l\u00e9brer une messe pour P\u00e9tain, c\u2019est faire l\u2019apologie de la collaboration et r\u00e9habiliter un tra\u00eetre \u00e0 la patrie\u00bb, a jug\u00e9 sur X Yonathan Arfi.<\/p>\n<p class=\"fig-paragraph\">L&rsquo;<a href=\"https:\/\/video.lefigaro.fr\/figaro\/actualite-france\/messe-en-hommage-a-petain-les-participants-hues-a-la-sortie-de-l-eglise-a-verdun-20251115\" target=\"_blank\" data-fig-type=\"Video\" rel=\"noopener\" data-gtm-custom-categorie=\"navigation\" data-gtm-custom-action=\"crossclick\" data-gtm-custom-label=\"Contextuel\" data-gtm-event=\"customEventSPE\" data-fig-domain=\"LEFIGARO\">hommage samedi au mar\u00e9chal P\u00e9tain<\/a>\u00a0dans une \u00e9glise de Verdun est une \u00abinjure \u00e0 la m\u00e9moire\u00bb des d\u00e9port\u00e9s, a jug\u00e9 sur X le pr\u00e9sident du Crif\u00a0<a href=\"http:\/\/www.lefigaro.fr\/actualite-france\/yonathan-arfi-les-universites-doivent-resister-face-a-la-terreur-intellectuelle-20240506\" target=\"_blank\" data-fig-type=\"Article\" rel=\"noopener\" data-gtm-custom-categorie=\"navigation\" data-gtm-custom-action=\"crossclick\" data-gtm-custom-label=\"Contextuel\" data-gtm-event=\"customEventSPE\" data-fig-domain=\"LEFIGARO\">Yonathan Arfi<\/a>, fustigeant une \u00abapologie de la collaboration\u00bb.<\/p>\n<p class=\"fig-paragraph\">\u00abLe 15 ao\u00fbt 1945, Philippe P\u00e9tain \u00e9tait jug\u00e9 coupable d&rsquo;intelligence avec l&rsquo;ennemi, de haute trahison et frapp\u00e9 d&rsquo;indignit\u00e9 nationale\u00a0: lui rendre aujourd&rsquo;hui hommage dans une messe, c&rsquo;est trahir la R\u00e9publique\u00bb, \u00e9crit le pr\u00e9sident du Conseil repr\u00e9sentatif des institutions juives de France.<\/p>\n<p>                                    <a class=\"fig-a11y-skip a11y-hidden\" href=\"#fig-a11y-skip-main-inarticle\"><br \/>\n        Passer la publicit\u00e9<br \/>\n    <\/a><\/p>\n<p class=\"fig-paragraph\">\u00abCet hommage ind\u00e9cent au responsable de lois antis\u00e9mites criminelles est une injure \u00e0 la m\u00e9moire des 76\u00a0000 d\u00e9port\u00e9s juifs de France, que les collaborateurs z\u00e9l\u00e9s du r\u00e9gime de Vichy ont livr\u00e9s aux nazis\u00bb, juge-t-il.<\/p>\n<p class=\"fig-paragraph\">\u00abC\u00e9l\u00e9brer une messe pour P\u00e9tain, c&rsquo;est faire l&rsquo;apologie de la collaboration et r\u00e9habiliter un tra\u00eetre \u00e0 la patrie\u00bb, poursuit-il.<\/p>\n<p>Le pr\u00e9fet de la Meuse a signal\u00e9 \u00e0 la justice des propos r\u00e9visionnistes<\/p>\n<p class=\"fig-paragraph\">Cet hommage a attir\u00e9 environ une vingtaine de personnes en l&rsquo;\u00e9glise Saint Jean-Baptiste face \u00e0 une centaine de manifestants, et avait \u00e9t\u00e9 autoris\u00e9 par la justice administrative malgr\u00e9 la volont\u00e9 du maire de l&rsquo;interdire.<\/p>\n<p class=\"fig-paragraph\">Le pr\u00e9fet de la Meuse a annonc\u00e9 signaler \u00e0 la justice des propos r\u00e9visionnistes tenus en marge de l&rsquo;hommage.<\/p>\n<p class=\"fig-paragraph\">\u00c0 la sortie de l&rsquo;office religieux, le pr\u00e9sident de l&rsquo;Association pour d\u00e9fendre la m\u00e9moire du mar\u00e9chal P\u00e9tain (ADMP), Jacques Boncompain, a soutenu devant des journalistes que le chef du r\u00e9gime de Vichy, condamn\u00e9 \u00e0 mort en 1945, avait \u00e9t\u00e9 \u00able premier r\u00e9sistant de France\u00bb.<\/p>\n","protected":false},"excerpt":{"rendered":"\u00abC\u00e9l\u00e9brer une messe pour P\u00e9tain, c\u2019est faire l\u2019apologie de la collaboration et r\u00e9habiliter un tra\u00eetre \u00e0 la patrie\u00bb,&hellip;\n","protected":false},"author":2,"featured_media":536901,"comment_status":"","ping_status":"","sticky":false,"template":"","format":"standard","meta":{"footnotes":""},"categories":[4],"tags":[11,26121,1011,27,12,25],"class_list":{"0":"post-536900","1":"post","2":"type-post","3":"status-publish","4":"format-standard","5":"has-post-thumbnail","7":"category-france","8":"tag-actualites","9":"tag-crif","10":"tag-fr","11":"tag-france","12":"tag-news","13":"tag-republique-francaise"},"share_on_mastodon":{"url":"https:\/\/pubeurope.com\/@fr\/115556092830302224","error":""},"_links":{"self":[{"href":"https:\/\/www.europesays.com\/fr\/wp-json\/wp\/v2\/posts\/536900","targetHints":{"allow":["GET"]}}],"collection":[{"href":"https:\/\/www.europesays.com\/fr\/wp-json\/wp\/v2\/posts"}],"about":[{"href":"https:\/\/www.europesays.com\/fr\/wp-json\/wp\/v2\/types\/post"}],"author":[{"embeddable":true,"href":"https:\/\/www.europesays.com\/fr\/wp-json\/wp\/v2\/users\/2"}],"replies":[{"embeddable":true,"href":"https:\/\/www.europesays.com\/fr\/wp-json\/wp\/v2\/comments?post=536900"}],"version-history":[{"count":0,"href":"https:\/\/www.europesays.com\/fr\/wp-json\/wp\/v2\/posts\/536900\/revisions"}],"wp:featuredmedia":[{"embeddable":true,"href":"https:\/\/www.europesays.com\/fr\/wp-json\/wp\/v2\/media\/536901"}],"wp:attachment":[{"href":"https:\/\/www.europesays.com\/fr\/wp-json\/wp\/v2\/media?parent=536900"}],"wp:term":[{"taxonomy":"category","embeddable":true,"href":"https:\/\/www.europesays.com\/fr\/wp-json\/wp\/v2\/categories?post=536900"},{"taxonomy":"post_tag","embeddable":true,"href":"https:\/\/www.europesays.com\/fr\/wp-json\/wp\/v2\/tags?post=536900"}],"curies":[{"name":"wp","href":"https:\/\/api.w.org\/{rel}","templated":true}]}}