{"id":536910,"date":"2025-11-15T22:40:15","date_gmt":"2025-11-15T22:40:15","guid":{"rendered":"https:\/\/www.europesays.com\/fr\/536910\/"},"modified":"2025-11-15T22:40:15","modified_gmt":"2025-11-15T22:40:15","slug":"football-u19-nantes-simpose-logiquement-contre-lorient-sport","status":"publish","type":"post","link":"https:\/\/www.europesays.com\/fr\/536910\/","title":{"rendered":"Football. U19\u00a0: Nantes s\u2019impose logiquement contre Lorient . Sport"},"content":{"rendered":"<p>Nouveau test pour les jeunes Canaris, ce samedi 15\u00a0novembre. Solides leaders de leur poule et toujours invaincus cette saison, les hommes de St\u00e9phane Moreau recevaient le FC Lorient, troisi\u00e8me au classement \u00e0 seulement trois points.<\/p>\n<p>\u00ab\u00a0On a beaucoup travaill\u00e9 sur l\u2019intensit\u00e9\u00a0\u00bb<\/p>\n<p>D\u00e8s le d\u00e9but de la rencontre, les Nantais assumaient pleinement leur statut de favoris. Ce sont eux qui se procuraient les &#8230;<\/p>\n<p>\u00a0<\/p>\n","protected":false},"excerpt":{"rendered":"Nouveau test pour les jeunes Canaris, ce samedi 15\u00a0novembre. Solides leaders de leur poule et toujours invaincus cette&hellip;\n","protected":false},"author":2,"featured_media":536911,"comment_status":"","ping_status":"","sticky":false,"template":"","format":"standard","meta":{"footnotes":""},"categories":[9619],"tags":[1111,11,3809,1465,1777,674,63,1011,27,1792,1922,12,882,25,479,517,2310,1470],"class_list":{"0":"post-536910","1":"post","2":"type-post","3":"status-publish","4":"format-standard","5":"has-post-thumbnail","7":"category-toulon","8":"tag-actu","9":"tag-actualites","10":"tag-ball","11":"tag-basket","12":"tag-eu","13":"tag-europe","14":"tag-football","15":"tag-fr","16":"tag-france","17":"tag-handball","18":"tag-info","19":"tag-news","20":"tag-provence-alpes-cote-dazur","21":"tag-republique-francaise","22":"tag-rugby","23":"tag-sport","24":"tag-toulon","25":"tag-volley"},"share_on_mastodon":{"url":"https:\/\/pubeurope.com\/@fr\/115556124307314792","error":""},"_links":{"self":[{"href":"https:\/\/www.europesays.com\/fr\/wp-json\/wp\/v2\/posts\/536910","targetHints":{"allow":["GET"]}}],"collection":[{"href":"https:\/\/www.europesays.com\/fr\/wp-json\/wp\/v2\/posts"}],"about":[{"href":"https:\/\/www.europesays.com\/fr\/wp-json\/wp\/v2\/types\/post"}],"author":[{"embeddable":true,"href":"https:\/\/www.europesays.com\/fr\/wp-json\/wp\/v2\/users\/2"}],"replies":[{"embeddable":true,"href":"https:\/\/www.europesays.com\/fr\/wp-json\/wp\/v2\/comments?post=536910"}],"version-history":[{"count":0,"href":"https:\/\/www.europesays.com\/fr\/wp-json\/wp\/v2\/posts\/536910\/revisions"}],"wp:featuredmedia":[{"embeddable":true,"href":"https:\/\/www.europesays.com\/fr\/wp-json\/wp\/v2\/media\/536911"}],"wp:attachment":[{"href":"https:\/\/www.europesays.com\/fr\/wp-json\/wp\/v2\/media?parent=536910"}],"wp:term":[{"taxonomy":"category","embeddable":true,"href":"https:\/\/www.europesays.com\/fr\/wp-json\/wp\/v2\/categories?post=536910"},{"taxonomy":"post_tag","embeddable":true,"href":"https:\/\/www.europesays.com\/fr\/wp-json\/wp\/v2\/tags?post=536910"}],"curies":[{"name":"wp","href":"https:\/\/api.w.org\/{rel}","templated":true}]}}