{"id":536912,"date":"2025-11-15T22:41:16","date_gmt":"2025-11-15T22:41:16","guid":{"rendered":"https:\/\/www.europesays.com\/fr\/536912\/"},"modified":"2025-11-15T22:41:16","modified_gmt":"2025-11-15T22:41:16","slug":"pourquoi-le-choix-de-castelnau-le-lez-pour-la-journee-de-la-parentalite","status":"publish","type":"post","link":"https:\/\/www.europesays.com\/fr\/536912\/","title":{"rendered":"pourquoi le choix de Castelnau-le-Lez pour la journ\u00e9e de la parentalit\u00e9\u00a0?"},"content":{"rendered":"<p>                    Par<br \/>\n        <strong><br \/>\n            <a href=\"https:\/\/actu.fr\/auteur\/jm-aubert\" title=\"Consulter tous les articles de Jean-Marc Aubert\" target=\"_blank\" rel=\"noopener\">Jean-Marc Aubert<\/a><br \/>\n                    <\/strong><\/p>\n<p>        Publi\u00e9 le<\/p>\n<p>            15 nov. 2025 \u00e0 16h53        <\/p>\n<p>La 9\u00e8me journ\u00e9e d\u00e9partementale de la <strong>parentalit\u00e9<\/strong> qui a accueilli pr\u00e8s de 500 personnes s\u2019est d\u00e9roul\u00e9e ce vendredi 14 novembre 2025 \u00e0 l\u2019Espace Kiasma, \u00e0 <strong>Castelnau-le-Lez,<\/strong> o\u00f9 le maire, Fr\u00e9d\u00e9ric Lafforgue a dit sa fiert\u00e9 de ce choix par les organisateurs. Sur le th\u00e8me de \u00ab\u00a0\u00c9ducation et libert\u00e9, c\u2019est tout un \u00e9quilibre \u00e0 trouver\u00a0\u00bb, un programme riche a rythm\u00e9 cette journ\u00e9e, ouverte aux parents comme aux professionnels engag\u00e9s dans les questions \u00e9ducatives, avec des r\u00e9flexions, des inspirations et des \u00e9changes, notamment devant les stands d\u2019associations.<\/p>\n<p>    <a href=\"https:\/\/www.google.com\/maps\/embed?pb=!1m18!1m12!1m3!1d3375.153094459824!2d3.8979948913511815!3d43.63226381141609!2m3!1f0!2f0!3f0!3m2!1i1024!2i768!4f13.1!3m3!1m2!1s0x12b6af5c6aa56803%3A0xca9f482f106c1d02!2sEspace%20le%20Kiasma%20-%20Castelnau!5e0!3m2!1sfr!2sfr!4v1763128104993!5m2!1sfr!2sfr\" title=\"Ouvrie le lien\" target=\"_blank\" rel=\"noopener\">Cliquez ici pour visualiser le contenu<\/a><\/p>\n<p class=\" wall-content\">Parmi les <strong>conf\u00e9rences<\/strong> figuraient par exemple \u00ab\u00a0comprendre son adolescent \u00e0 l\u2019\u00e8re du num\u00e9rique pour mieux agir\u00a0\u00bb et \u00ab\u00a0renforcer la place des parents dans lke parcours scolaires de leurs enfants\u00a0\u00bb. <strong>Quatre ateliers<\/strong> ont r\u00e9uni de nombreux participants, apr\u00e8s les discours prononc\u00e9s dans l\u2019auditorium et dans la salle voisine Lagoya gr\u00e2ce \u00e0 la visio.<\/p>\n<p class=\" wall-content\">\n    <img   decoding=\"async\" loading=\"lazy\" src=\"https:\/\/www.europesays.com\/fr\/wp-content\/uploads\/2025\/11\/0-3-2-960x640.jpeg\" alt=\"Un des stands lors de cette 9\u00e8me journ\u00e9e de la parentalit\u00e9 au Kiasma\" width=\"960\" height=\"640\"\/><br \/>\n    Fr\u00e9d\u00e9ric Lafforgue et ses deux adjointes lors de l\u2019ouverture de cette journ\u00e9e (\u00a9JMA \/ M\u00e9tropolitain)<br \/>\n    <img   decoding=\"async\" loading=\"lazy\" src=\"https:\/\/www.europesays.com\/fr\/wp-content\/uploads\/2025\/11\/0-1-6-960x640.jpeg\" alt=\"Un des stands de cette journ\u00e9e de la parentalit\u00e9 au Kiasma\" width=\"960\" height=\"640\"\/><br \/>\n    Un des stands de cette journ\u00e9e de la parentalit\u00e9 au Kiasma (\u00a9JMA \/ M\u00e9tropolitain)<\/p>\n<p class=\" wall-content\">Il a \u00e9t\u00e9 question du r\u00f4le que joue le <strong>D\u00e9partement de l\u2019H\u00e9rault<\/strong> qui a mis en place le comit\u00e9 de soutien \u00ab\u00a0Parentalit\u00e9 34\u00a0\u00bb, dont le r\u00f4le est d\u2019animer et de coordonner les acteurs de ce comit\u00e9 de soutien dans le respect de la charte nationale de 2010. Cette mission est r\u00e9alis\u00e9e par l\u2019Epe 34 et coordonn\u00e9e par la Caisse d\u2019allocations familiales, la Caf 34, elle compte seize r\u00e9seaux. En 2024, dans le cadre de la convention d\u00e9partementale, les partenaires ont vers\u00e9 116 850\u20ac : 85 000\u20ac par la Caf, 20 000\u20ac par le Conseil d\u00e9partemental et 11 850\u20ac par la Caisse MSA du Languedoc-Roussillon.<\/p>\n<p class=\" wall-content\">Le choix d\u2019organiser cette 9\u00e8me journ\u00e9e \u00e0 Castelnau-le-Lez n\u2019est pas hasardeux : depuis plusieurs ann\u00e9es, cette commune et la Caf de l\u2019H\u00e9rault collaborent \u00e9troitement pour d\u00e9velopper des r\u00e9ponses adapt\u00e9es aux besoins des familles, des enfants et des jeunes du territoire. Cette convention repose sur un diagnostic partag\u00e9 et permet de structurer les actions autour de quatre axes majeurs : petite enfance, enfance-jeunesse, parentalit\u00e9 et animation de la vie sociale. Elle vise \u00e0 am\u00e9liorer la lisibilit\u00e9 des dispositifs, \u00e0 renforcer leur compl\u00e9mentarit\u00e9 et \u00e0 favoriser une approche transversale des enjeux sociaux.<\/p>\n<p>Vid\u00e9os : en ce moment sur Actu<br \/>\n    <img   decoding=\"async\" loading=\"lazy\" src=\"https:\/\/www.europesays.com\/fr\/wp-content\/uploads\/2025\/11\/0-4-960x640.jpeg\" alt=\"L'auditorium de l'Espace du Kiasma a fait le plein ce vendredi \" width=\"960\" height=\"640\"\/><br \/>\n    L\u2019auditorium de l\u2019Espace du Kiasma a fait le plein ce vendredi (\u00a9JMA \/ M\u00e9tropolitain)<\/p>\n<p class=\" wall-content\">Castelnau-le-Lez, premi\u00e8re ville de la M\u00e9tropole apr\u00e8s Montpellier conna\u00eet une croissance d\u00e9mographique soutenue, avec une population pass\u00e9e de 4 000 habitants en 1962 \u00e0 plus de 24 000 cette ann\u00e9e. Cette \u00e9volution s\u2019inscrit dans un contexte de transformation urbaine qui appelle une adaptation continue des services aux familles. Et les Castelnauviens sont servis avec notamment des micro-cr\u00e8ches, un relais \u00a0petite enfance, un r\u00e9seau parentalit\u00e9 lanc\u00e9 en mars dernier, une permanence de m\u00e9diation familiale, dix accueils de loisirs et p\u00e9riscolaires et cinq maisons de proximit\u00e9.<\/p>\n<p class=\" wall-content\">Personnalisez votre actualit\u00e9 en ajoutant vos villes et m\u00e9dias en favori avec <a href=\"https:\/\/moncompte.actu.fr\" title=\"D\u00e9couvez Mon Actu\" rel=\"nofollow noopener\" data-trk=\"{&quot;cta&quot;:{&quot;action&quot;:&quot;https:\\\/\\\/moncompte.actu.fr&quot;,&quot;category&quot;:&quot;mon compte&quot;,&quot;from&quot;:&quot;article footer&quot;,&quot;name&quot;:&quot;Mon actu&quot;,&quot;type&quot;:&quot;cta&quot;}}\" target=\"_blank\">Mon Actu<\/a>.<\/p>\n","protected":false},"excerpt":{"rendered":"Par Jean-Marc Aubert Publi\u00e9 le 15 nov. 2025 \u00e0 16h53 La 9\u00e8me journ\u00e9e d\u00e9partementale de la parentalit\u00e9 qui&hellip;\n","protected":false},"author":2,"featured_media":536913,"comment_status":"","ping_status":"","sticky":false,"template":"","format":"standard","meta":{"footnotes":""},"categories":[9599],"tags":[1111,11,1057,1777,674,652,1011,27,2208,12,2680,10585,25,104],"class_list":{"0":"post-536912","1":"post","2":"type-post","3":"status-publish","4":"format-standard","5":"has-post-thumbnail","7":"category-montpellier","8":"tag-actu","9":"tag-actualites","10":"tag-education","11":"tag-eu","12":"tag-europe","13":"tag-famille","14":"tag-fr","15":"tag-france","16":"tag-montpellier","17":"tag-news","18":"tag-occitanie","19":"tag-petite-enfance","20":"tag-republique-francaise","21":"tag-societe"},"share_on_mastodon":{"url":"https:\/\/pubeurope.com\/@fr\/115556128886758073","error":""},"_links":{"self":[{"href":"https:\/\/www.europesays.com\/fr\/wp-json\/wp\/v2\/posts\/536912","targetHints":{"allow":["GET"]}}],"collection":[{"href":"https:\/\/www.europesays.com\/fr\/wp-json\/wp\/v2\/posts"}],"about":[{"href":"https:\/\/www.europesays.com\/fr\/wp-json\/wp\/v2\/types\/post"}],"author":[{"embeddable":true,"href":"https:\/\/www.europesays.com\/fr\/wp-json\/wp\/v2\/users\/2"}],"replies":[{"embeddable":true,"href":"https:\/\/www.europesays.com\/fr\/wp-json\/wp\/v2\/comments?post=536912"}],"version-history":[{"count":0,"href":"https:\/\/www.europesays.com\/fr\/wp-json\/wp\/v2\/posts\/536912\/revisions"}],"wp:featuredmedia":[{"embeddable":true,"href":"https:\/\/www.europesays.com\/fr\/wp-json\/wp\/v2\/media\/536913"}],"wp:attachment":[{"href":"https:\/\/www.europesays.com\/fr\/wp-json\/wp\/v2\/media?parent=536912"}],"wp:term":[{"taxonomy":"category","embeddable":true,"href":"https:\/\/www.europesays.com\/fr\/wp-json\/wp\/v2\/categories?post=536912"},{"taxonomy":"post_tag","embeddable":true,"href":"https:\/\/www.europesays.com\/fr\/wp-json\/wp\/v2\/tags?post=536912"}],"curies":[{"name":"wp","href":"https:\/\/api.w.org\/{rel}","templated":true}]}}