{"id":536914,"date":"2025-11-15T22:42:19","date_gmt":"2025-11-15T22:42:19","guid":{"rendered":"https:\/\/www.europesays.com\/fr\/536914\/"},"modified":"2025-11-15T22:42:19","modified_gmt":"2025-11-15T22:42:19","slug":"le-fbbp-01-assure-lessentiel-a-montpellier-face-a-latlas-paillade","status":"publish","type":"post","link":"https:\/\/www.europesays.com\/fr\/536914\/","title":{"rendered":"le FBBP 01 assure l\u2019essentiel \u00e0 Montpellier\u00a0face \u00e0 l\u2019Atlas Paillade"},"content":{"rendered":"<p>La Paillade (R1) &#8211; FBBP 01 (N)<\/p>\n<p>0-2<\/p>\n<p>La qualification et c\u2019est tout. En sup\u00e9riorit\u00e9 num\u00e9rique durant la majorit\u00e9 de la rencontre, le FBBP 01 l\u2019a emport\u00e9 face \u00e0 l\u2019Atlas Paillade (R1) \u00e0 Montpellier, sans pour autant se montrer tr\u00e8s au-dessus de son adversaire du soir malgr\u00e9 les trois niveaux d\u2019\u00e9cart entre les deux \u00e9quipes. Il aura donc fallu le carton rouge d\u2019Arim apr\u00e8s un tacle tr\u00e8s dangereux sur Slimani pour voir les visiteurs prendre le contr\u00f4le de la possession (20e). \u00c0 l\u2019exp\u00e9rience et sur sa premi\u00e8re occasion, Bourg-en-Bresse ouvrait le score sur une belle t\u00eate de Boumaaoui, bien servi par Vitr\u00e9 (0-1, 39e).<\/p>\n<p>Un break apr\u00e8s&#8230;                        <\/p>\n","protected":false},"excerpt":{"rendered":"La Paillade (R1) &#8211; FBBP 01 (N) 0-2 La qualification et c\u2019est tout. En sup\u00e9riorit\u00e9 num\u00e9rique durant la&hellip;\n","protected":false},"author":2,"featured_media":536915,"comment_status":"","ping_status":"","sticky":false,"template":"","format":"standard","meta":{"footnotes":""},"categories":[9599],"tags":[1111,11,2738,6749,6750,15922,6751,1777,674,53597,63,1011,27,2208,12,2680,25,517],"class_list":{"0":"post-536914","1":"post","2":"type-post","3":"status-publish","4":"format-standard","5":"has-post-thumbnail","7":"category-montpellier","8":"tag-actu","9":"tag-actualites","10":"tag-ain","11":"tag-bourg-en-bresse","12":"tag-bourg-en-bresse-ville","13":"tag-coupe-de-france-de-football","14":"tag-edition-ain-ouest","15":"tag-eu","16":"tag-europe","17":"tag-fbbp-01-football-bourg-en-bresse-peronnas-01","18":"tag-football","19":"tag-fr","20":"tag-france","21":"tag-montpellier","22":"tag-news","23":"tag-occitanie","24":"tag-republique-francaise","25":"tag-sport"},"share_on_mastodon":{"url":"https:\/\/pubeurope.com\/@fr\/115556131977963629","error":""},"_links":{"self":[{"href":"https:\/\/www.europesays.com\/fr\/wp-json\/wp\/v2\/posts\/536914","targetHints":{"allow":["GET"]}}],"collection":[{"href":"https:\/\/www.europesays.com\/fr\/wp-json\/wp\/v2\/posts"}],"about":[{"href":"https:\/\/www.europesays.com\/fr\/wp-json\/wp\/v2\/types\/post"}],"author":[{"embeddable":true,"href":"https:\/\/www.europesays.com\/fr\/wp-json\/wp\/v2\/users\/2"}],"replies":[{"embeddable":true,"href":"https:\/\/www.europesays.com\/fr\/wp-json\/wp\/v2\/comments?post=536914"}],"version-history":[{"count":0,"href":"https:\/\/www.europesays.com\/fr\/wp-json\/wp\/v2\/posts\/536914\/revisions"}],"wp:featuredmedia":[{"embeddable":true,"href":"https:\/\/www.europesays.com\/fr\/wp-json\/wp\/v2\/media\/536915"}],"wp:attachment":[{"href":"https:\/\/www.europesays.com\/fr\/wp-json\/wp\/v2\/media?parent=536914"}],"wp:term":[{"taxonomy":"category","embeddable":true,"href":"https:\/\/www.europesays.com\/fr\/wp-json\/wp\/v2\/categories?post=536914"},{"taxonomy":"post_tag","embeddable":true,"href":"https:\/\/www.europesays.com\/fr\/wp-json\/wp\/v2\/tags?post=536914"}],"curies":[{"name":"wp","href":"https:\/\/api.w.org\/{rel}","templated":true}]}}