{"id":53692,"date":"2025-04-26T06:18:10","date_gmt":"2025-04-26T06:18:10","guid":{"rendered":"https:\/\/www.europesays.com\/fr\/53692\/"},"modified":"2025-04-26T06:18:10","modified_gmt":"2025-04-26T06:18:10","slug":"quelles-lignes-de-bus-et-de-tram-vont-etre-perturbees","status":"publish","type":"post","link":"https:\/\/www.europesays.com\/fr\/53692\/","title":{"rendered":"quelles lignes de bus et de tram vont \u00eatre perturb\u00e9es\u00a0?"},"content":{"rendered":"<p>            Par<br \/>\n        <strong><br \/>\n            <a href=\"https:\/\/actu.fr\/auteur\/clemence-pays02-actu-fr\" title=\"Consulter tous les articles de Cl\u00e9mence Pays\" target=\"_blank\" rel=\"noopener\">Cl\u00e9mence Pays<\/a><br \/>\n        <\/strong><\/p>\n<p>        Publi\u00e9 le<\/p>\n<p>            26 avr. 2025 \u00e0 7h46        <\/p>\n<p>Le<strong> marathon de Nantes<\/strong> fait son grand retour en 2025, avec <a href=\"https:\/\/actu.fr\/pays-de-la-loire\/nantes_44109\/marathon-de-nantes-premiere-mondiale-et-parcours-inedit-pour-l-edition-2025_62118950.html\" target=\"_blank\" rel=\"noopener\">un nouveau parcours et une premi\u00e8re mondiale\u2009: une course sur l\u2019eau<\/a>. \u00c0 cette occasion, une partie de la cit\u00e9 des ducs va \u00eatre boucl\u00e9e pour permettre aux participants de courir en toute s\u00e9curit\u00e9.<\/p>\n<p class=\" wall-content\">Plusieurs rues seront interdites \u00e0 la circulation et les acc\u00e8s aux parkings seront modifi\u00e9s voire impossibles temporairement.<\/p>\n<p class=\" wall-content\">Les <strong>transports en commun<\/strong> vont \u00e9galement devoir s\u2019adapter. La r\u00e9daction d\u2019<a href=\"https:\/\/actu.fr\/nantes\/\" target=\"_blank\" rel=\"noopener\">actu Nantes<\/a> fait le point sur <strong>les perturbations<\/strong> annonc\u00e9es par Naolib.<\/p>\n<p>Les perturbations samedi 26\u00a0avril<\/p>\n<p class=\" wall-content\"><strong>Samedi 26\u00a0avril au soir,<\/strong> ce sera les 10\u00a0km en nocturne avec Les Foul\u00e9es de l\u2019\u00c9l\u00e9phant, dont le d\u00e9part s\u2019effectuera sur l\u2019\u00eele de Nantes, aux Nefs.<\/p>\n<p class=\" wall-content\">Certaines lignes de tramway et de bus seront coup\u00e9es dans ce secteur, <strong>de 21\u2009h \u00e0 23\u2009h.<\/strong><\/p>\n<p>Vid\u00e9os : en ce moment sur Actu<\/p>\n<p class=\" wall-content\"><strong>Tramway et busway impact\u00e9s\u2009:<\/strong><\/p>\n<ul class=\" wall-content\">\n<li>ligne 1, coup\u00e9e entre Duchesse Anne et M\u00e9diath\u00e8que, station Jamet non desservie\u2009;<\/li>\n<li>ligne 2, ne circule pas entre Gare de Pont Rousseau et Motte Rouge, entre Pont Rousseau Martyrs et H\u00f4tel-Dieu prendre la ligne 3\u2009;<\/li>\n<li>ligne 3, coup\u00e9e entre commerce et H\u00f4tel-Dieu\u2009;<\/li>\n<li>ligne 4, effectue un terminus \u00e0 Duchesse Anne, le terminus Foch-Cath\u00e9drale n\u2019est pas desservi\u2009;<\/li>\n<li>ligne 5, circule uniquement entre Gare Sud et Vincent G\u00e2che, les arr\u00eats entre Hangar \u00e0 Bananes et Nizan ne sont pas desservis.<\/li>\n<\/ul>\n<p class=\" wall-content\"><strong>Chronobus impact\u00e9s\u2009:<\/strong><\/p>\n<ul class=\" wall-content\">\n<li>ligne C1, coup\u00e9e entre Copernic-Mus\u00e9es et Chanzy\u2009;<\/li>\n<li>ligne C2, terminus \u00e0 Talensac (ne circule pas entre Talensac et Gare Sud)\u2009;<\/li>\n<li>ligne C3, coup\u00e9e entre Copernic-Mus\u00e9es et Gare Sud\u2009;<\/li>\n<li>ligne C6, coup\u00e9e entre Delorme et Lalli\u00e9.<\/li>\n<\/ul>\n<p class=\" wall-content\"><strong>Bus impact\u00e9s\u2009:<\/strong><\/p>\n<ul class=\" wall-content\">\n<li>ligne 11, coup\u00e9e entre Copernic-Mus\u00e9es et Bouteillerie\u2009;<\/li>\n<li>ligne 12, coup\u00e9e entre Talensac et Bouteillerie\u2009;<\/li>\n<li>ligne 23, coup\u00e9e entre Talensac et Copernic-Mus\u00e9es\u2009;<\/li>\n<li>ligne 54, terminus Delorme, ne circule pas entre Delorme et Saupin\u2009;<\/li>\n<li>navette A\u00e9roport, terminus \u00e0 Gare Sud, H\u00f4tel-Dieu non desservi.<\/li>\n<\/ul>\n<p>Les perturbations dimanche 27\u00a0avril<\/p>\n<p class=\" wall-content\">Dimanche 27\u00a0avril, place au semi-marathon et au marathon pour les plus t\u00e9m\u00e9raires. Le r\u00e9seau de transport en commun sera perturb\u00e9 jusque dans l\u2019apr\u00e8s-midi pour certaines lignes.<\/p>\n<p class=\" wall-content\"><strong>Tramway et busway impact\u00e9s\u2009:<\/strong><\/p>\n<ul class=\" wall-content\">\n<li>ligne 1, de 7\u2009h\u200945 \u00e0 13\u2009h\u200930, coup\u00e9e entre Gare Maritime et Duchesse Anne, station Jamet non desservie\u2009;<\/li>\n<li>ligne 2, de 7\u2009h\u200945 \u00e0 15\u2009h, coup\u00e9e entre Bourgeonni\u00e8re et Gare de Pont Rousseau, prendre la ligne 3 entre Commerce et Wattignies de 7\u2009h\u200945 \u00e0 10\u2009h\u200930, prendre la ligne 3 entre Commerce et Pont Rousseau Martyrs de 10\u2009h\u200930 \u00e0 15\u2009h\u2009;<\/li>\n<li>ligne 3, de 7\u2009h\u200945 \u00e0 10\u2009h\u200930, coup\u00e9e entre Wattignies et Pirmil\u2009;<\/li>\n<li>ligne 4, de 7\u2009h\u200945 \u00e0 13\u2009h\u200930, terminus \u00e0 Duchesse Anne (station Foch-Cath\u00e9drale non desservie)\u2009;<\/li>\n<li>ligne 5, de 7\u2009h\u200930 \u00e0 10\u2009h\u200930, ne circule pas.<\/li>\n<\/ul>\n<p class=\" wall-content\"><strong>Chronobus impact\u00e9s\u2009:<\/strong><\/p>\n<ul class=\" wall-content\">\n<li>ligne C1, de 7\u2009h\u200945 \u00e0 14\u2009h\u200915, coup\u00e9e entre Mellinet et Rond-point de Paris\u2009;<\/li>\n<li>ligne C2, de 7\u2009h\u200945 \u00e0 14\u2009h\u200915, terminus \u00e0 Talensac (ne circule pas entre Talensac et Gare Sud)\u2009;<\/li>\n<li>ligne C3, de 7\u2009h\u200945 \u00e0 14\u2009h\u200915, coup\u00e9e entre Poincar\u00e9 et Gare Sud\u2009;<\/li>\n<li>ligne C4, de 7\u2009h\u200945 \u00e0 10\u2009h\u200945, terminus Pirmil (Greneraie non desservi)\u2009;<\/li>\n<li>ligne C6, de 7\u2009h\u200945 \u00e0 14\u2009h\u200915, coup\u00e9e entre Poincar\u00e9 et Belges Montbazon\u2009;<\/li>\n<li>ligne C9, de 7\u2009h\u200945 \u00e0 10\u2009h\u200930, terminus Greneraie (Pirmil non desservi)\u2009;<\/li>\n<li>ligne C20, de 7\u2009h\u200945 \u00e0 15\u2009h, terminus \u00e0 Chauvini\u00e8re (ne circule pas entre Chauvini\u00e8re et Ecole Centrale).<\/li>\n<\/ul>\n<p class=\" wall-content\"><strong>Bus impact\u00e9s\u2009:<\/strong><\/p>\n<ul class=\" wall-content\">\n<li>ligne 11, de 7\u2009h\u200945 \u00e0 14\u2009h\u200915, coup\u00e9e entre Mellinet et Pipay\u2009;<\/li>\n<li>ligne 12, de 7\u2009h\u200945 \u00e0 14\u2009h\u200915, coup\u00e9e entre Talensac et Pipay\u2009;<\/li>\n<li>ligne 23, de 7\u2009h\u200945 \u00e0 14\u2009h\u200915, coup\u00e9e entre Mellinet et Talensac\u2009;<\/li>\n<li>ligne 26, du d\u00e9but de service \u00e0 10\u2009h\u200930, ne circule pas\u2009; de 10\u2009h\u200930 \u00e0 14\u2009h\u200915, circule uniquement entre R\u00e9publique et H\u00f4tel de R\u00e9gion\u2009; de 14\u2009h\u200915 \u00e0 15\u2009h, circule uniquement entre Rond-Point de Rennes et H\u00f4tel de R\u00e9gion\u2009;<\/li>\n<li>ligne 27, de 7\u2009h\u200945 \u00e0 10\u2009h\u200930, terminus Greneraie (Pirmil non desservi)\u2009;<\/li>\n<li>ligne 28, de 7\u2009h\u200945 \u00e0 10\u2009h\u200930, terminus Greneraie (Pirmil non desservi)\u2009;<\/li>\n<li>ligne 36, de 7\u2009h\u200945 \u00e0 10\u2009h\u200945, terminus Pirmil (Greneraie non desservi)\u2009;<\/li>\n<li>ligne 38, de 7\u2009h\u200945 \u00e0 10\u2009h\u200945, terminus Pirmil (Greneraie non desservi)\u2009;<\/li>\n<li>ligne 54, de 7\u2009h\u200945 \u00e0 14\u2009h\u200915, terminus \u00e0 Falli\u00e8res (ne circule pas entre Falli\u00e8res et Saupin)\u2009;<\/li>\n<li>ligne 75, de 7\u2009h\u200945 \u00e0 15\u2009h, d\u00e9vi\u00e9e entre Porte de la Chapelle et Facult\u00e9s\u2009;<\/li>\n<li>navette a\u00e9roport, de 7\u2009h\u200945 \u00e0 14\u2009h\u200915, terminus \u00e0 Gare Sud, H\u00f4tel-Dieu et Lieu Unique non desservis.<\/li>\n<\/ul>\n<p class=\" wall-content\">Naolib pr\u00e9cise que, durant ces deux journ\u00e9es,<strong> \u00ab\u2009les horaires des lignes impact\u00e9es ne pourront pas \u00eatre respect\u00e9s<\/strong> pendant la dur\u00e9e des perturbations\u2009\u00bb.<\/p>\n<p class=\" wall-content\">Suivez toute l\u2019actualit\u00e9 de vos villes et m\u00e9dias favoris en vous inscrivant \u00e0 <a href=\"https:\/\/moncompte.actu.fr\" title=\"D\u00e9couvez Mon Actu\" rel=\"nofollow noopener\" data-trk=\"{&quot;cta&quot;:{&quot;action&quot;:&quot;https:\\\/\\\/moncompte.actu.fr&quot;,&quot;category&quot;:&quot;mon compte&quot;,&quot;from&quot;:&quot;article footer&quot;,&quot;name&quot;:&quot;Mon actu&quot;,&quot;type&quot;:&quot;cta&quot;}}\" target=\"_blank\">Mon Actu<\/a>.<\/p>\n","protected":false},"excerpt":{"rendered":"Par Cl\u00e9mence Pays Publi\u00e9 le 26 avr. 2025 \u00e0 7h46 Le marathon de Nantes fait son grand retour&hellip;\n","protected":false},"author":2,"featured_media":53693,"comment_status":"","ping_status":"","sticky":false,"template":"","format":"standard","meta":{"footnotes":""},"categories":[2818],"tags":[1111,11,1777,674,1011,27,803,766,12,2636,25,104],"class_list":{"0":"post-53692","1":"post","2":"type-post","3":"status-publish","4":"format-standard","5":"has-post-thumbnail","7":"category-nantes","8":"tag-actu","9":"tag-actualites","10":"tag-eu","11":"tag-europe","12":"tag-fr","13":"tag-france","14":"tag-info-trafic","15":"tag-nantes","16":"tag-news","17":"tag-pays-de-la-loire","18":"tag-republique-francaise","19":"tag-societe"},"share_on_mastodon":{"url":"https:\/\/pubeurope.com\/@fr\/114402813811818048","error":""},"_links":{"self":[{"href":"https:\/\/www.europesays.com\/fr\/wp-json\/wp\/v2\/posts\/53692","targetHints":{"allow":["GET"]}}],"collection":[{"href":"https:\/\/www.europesays.com\/fr\/wp-json\/wp\/v2\/posts"}],"about":[{"href":"https:\/\/www.europesays.com\/fr\/wp-json\/wp\/v2\/types\/post"}],"author":[{"embeddable":true,"href":"https:\/\/www.europesays.com\/fr\/wp-json\/wp\/v2\/users\/2"}],"replies":[{"embeddable":true,"href":"https:\/\/www.europesays.com\/fr\/wp-json\/wp\/v2\/comments?post=53692"}],"version-history":[{"count":0,"href":"https:\/\/www.europesays.com\/fr\/wp-json\/wp\/v2\/posts\/53692\/revisions"}],"wp:featuredmedia":[{"embeddable":true,"href":"https:\/\/www.europesays.com\/fr\/wp-json\/wp\/v2\/media\/53693"}],"wp:attachment":[{"href":"https:\/\/www.europesays.com\/fr\/wp-json\/wp\/v2\/media?parent=53692"}],"wp:term":[{"taxonomy":"category","embeddable":true,"href":"https:\/\/www.europesays.com\/fr\/wp-json\/wp\/v2\/categories?post=53692"},{"taxonomy":"post_tag","embeddable":true,"href":"https:\/\/www.europesays.com\/fr\/wp-json\/wp\/v2\/tags?post=53692"}],"curies":[{"name":"wp","href":"https:\/\/api.w.org\/{rel}","templated":true}]}}