{"id":536922,"date":"2025-11-15T22:49:11","date_gmt":"2025-11-15T22:49:11","guid":{"rendered":"https:\/\/www.europesays.com\/fr\/536922\/"},"modified":"2025-11-15T22:49:11","modified_gmt":"2025-11-15T22:49:11","slug":"n2f-lanester-simpose-face-a-rennes-au-bout-du-suspense","status":"publish","type":"post","link":"https:\/\/www.europesays.com\/fr\/536922\/","title":{"rendered":"N2F\u00a0: Lanester s\u2019impose face \u00e0 Rennes au bout du suspense"},"content":{"rendered":"<p>N2F. Lanester HB &#8211; Rennes M\u00e9tropole HB\u00a0: 30-29<\/p>\n<p>\u00ab\u00a0C\u2019\u00e9tait notre dernier match de l\u2019ann\u00e9e, nous reprendrons le 11 janvier \u00e0 Caen-Venoix qui occupe comme nous le milieu de tableau. Gagner ce soir \u00e9tait dans nos objectifs. Il fallait au minimum une victoire sur nos trois derniers matchs disput\u00e9s face \u00e0 des grosses cylindr\u00e9es du championnat. C\u2019est chose faite avec notre performance de ce soir face \u00e0 une belle \u00e9quipe de Rennes M\u00e9tropole. Mes joueuses ont fait le boulot\u00a0\u00bb, analysait l\u2019entra\u00eeneur lanest\u00e9rien Vincent Lestang.<\/p>\n<p>Lanester s\u2019impose \u00e0 quelques secondes du buzzer<\/p>\n<p>Apr\u00e8s avoir domin\u00e9 la premi\u00e8re mi-temps avec une diff\u00e9rence de +6 au bout de 20\u2019, sur un but de Michard (12-6), Lanester atteignait la pause avec un avantage de quatre unit\u00e9s (15-11). Un actif contest\u00e9 par les Rennaises qui r\u00e9agissaient dans la seconde moiti\u00e9 de la partie, avec notamment leur attaquante Pajoul (22-21). Pas de quoi inqui\u00e9ter les Lanest\u00e9riennes qui restaient dans la partie et atteignaient le money-time avec un avantage d\u2019un but sur un jet de Rieux (29-28).<\/p>\n<p>De quoi rendre la fin de match palpitante, surtout apr\u00e8s l\u2019\u00e9galisation de la Rennaise Tessier (29-29, 59\u2019). Mais dans les derni\u00e8res secondes du match, la Lanest\u00e9rienne Jourdain parvenait \u00e0 prendre en d\u00e9faut la d\u00e9fense bretillienne et marquait le but victorieux \u00e0 quelques secondes du buzzer (30-29).<\/p>\n<p class=\"titre-tech\">La fiche technique<\/p>\n<p class=\"tech\"><strong class=\"tech\">Arbitre\u00a0:<\/strong> M. Julien Foucher.<\/p>\n<p class=\"tech\"><strong class=\"tech\">LANESTER HB\u00a0:<\/strong> Le Goulias (cap)\u00a0; Le Ricousse- Jourdain (7)\u00a0; Garnier (1)\u00a0; Lecossier\u00a0; Gr\u00e9goire (8)\u00a0; Charlotton\u00a0; Elain (2)\u00a0; Qu\u00e9ven\u00a0; Michard (5)\u00a0; Le Bert (2)\u00a0; Cerfon\u00a0; Rieux (1)\u00a0; Croajou (4). Entra\u00eeneur\u00a0: Vincent Lestang.<\/p>\n<p class=\"tech\"><strong class=\"tech\">RENNES M\u00c9TROPOLE HB\u00a0: <\/strong>Baptiste-G\u00e9ran\u00a0; Boukaka &#8211; Duport (2)\u00a0; Baladie (-)\u00a0; Pajoul (7)\u00a0; Dulong\u00a0; Lebert (2)\u00a0; Roux (4)\u00a0; Geffroy (1)\u00a0; Coste (cap) (2)\u00a0; Neveu\u00a0; Pennaneac\u2019h (1)\u00a0; Tessier (5)\u00a0; B\u00e9nachou (5). Entra\u00eeneur\u00a0: Ga\u00ebl Leroy.<\/p>\n","protected":false},"excerpt":{"rendered":"N2F. Lanester HB &#8211; Rennes M\u00e9tropole HB\u00a0: 30-29 \u00ab\u00a0C\u2019\u00e9tait notre dernier match de l\u2019ann\u00e9e, nous reprendrons le 11&hellip;\n","protected":false},"author":2,"featured_media":536923,"comment_status":"","ping_status":"","sticky":false,"template":"","format":"standard","meta":{"footnotes":""},"categories":[2821],"tags":[1111,11,829,1777,674,1011,27,1792,6349,12,584,25,60],"class_list":{"0":"post-536922","1":"post","2":"type-post","3":"status-publish","4":"format-standard","5":"has-post-thumbnail","7":"category-rennes","8":"tag-actu","9":"tag-actualites","10":"tag-bretagne","11":"tag-eu","12":"tag-europe","13":"tag-fr","14":"tag-france","15":"tag-handball","16":"tag-lanester","17":"tag-news","18":"tag-rennes","19":"tag-republique-francaise","20":"tag-sports"},"share_on_mastodon":{"url":"https:\/\/pubeurope.com\/@fr\/115556159704515999","error":""},"_links":{"self":[{"href":"https:\/\/www.europesays.com\/fr\/wp-json\/wp\/v2\/posts\/536922","targetHints":{"allow":["GET"]}}],"collection":[{"href":"https:\/\/www.europesays.com\/fr\/wp-json\/wp\/v2\/posts"}],"about":[{"href":"https:\/\/www.europesays.com\/fr\/wp-json\/wp\/v2\/types\/post"}],"author":[{"embeddable":true,"href":"https:\/\/www.europesays.com\/fr\/wp-json\/wp\/v2\/users\/2"}],"replies":[{"embeddable":true,"href":"https:\/\/www.europesays.com\/fr\/wp-json\/wp\/v2\/comments?post=536922"}],"version-history":[{"count":0,"href":"https:\/\/www.europesays.com\/fr\/wp-json\/wp\/v2\/posts\/536922\/revisions"}],"wp:featuredmedia":[{"embeddable":true,"href":"https:\/\/www.europesays.com\/fr\/wp-json\/wp\/v2\/media\/536923"}],"wp:attachment":[{"href":"https:\/\/www.europesays.com\/fr\/wp-json\/wp\/v2\/media?parent=536922"}],"wp:term":[{"taxonomy":"category","embeddable":true,"href":"https:\/\/www.europesays.com\/fr\/wp-json\/wp\/v2\/categories?post=536922"},{"taxonomy":"post_tag","embeddable":true,"href":"https:\/\/www.europesays.com\/fr\/wp-json\/wp\/v2\/tags?post=536922"}],"curies":[{"name":"wp","href":"https:\/\/api.w.org\/{rel}","templated":true}]}}