{"id":536924,"date":"2025-11-15T22:50:30","date_gmt":"2025-11-15T22:50:30","guid":{"rendered":"https:\/\/www.europesays.com\/fr\/536924\/"},"modified":"2025-11-15T22:50:30","modified_gmt":"2025-11-15T22:50:30","slug":"les-aed-et-aesh-percevront-leurs-primes","status":"publish","type":"post","link":"https:\/\/www.europesays.com\/fr\/536924\/","title":{"rendered":"les AED et AESH percevront leurs primes"},"content":{"rendered":"<p class=\"wp-block-post-excerpt__excerpt\">Les organisations syndicales de l\u2019\u00c9ducation nationale ont obtenu de leur minist\u00e8re des instructions pour que les assistants d\u2019\u00e9ducation (AED) et les accompagnants d\u2019\u00e9l\u00e8ves handicap\u00e9s (AESH) re\u00e7oivent les primes qu\u2019ils auraient d\u00fb percevoir depuis 2015. \u00c0 Strasbourg, pr\u00e8s de 500 professionnels seraient concern\u00e9s. <\/p>\n<p class=\"font-sans\">\n\t\t\tCet article est en acc\u00e8s libre. Pour soutenir Rue89 Strasbourg,<br \/>\n\t\t\t<a class=\"underline\" href=\"https:\/\/www.rue89strasbourg.com\/abonnement\" target=\"_blank\" rel=\"noopener\">abonnez-vous<\/a>.\n\t\t<\/p>\n<p>Margaux Delanys<\/p>\n<p>Publi\u00e9 le 15 novembre 2025\u00a0\u00a0\u00b7\u00a0\u00a0<\/p>\n<p>Imprim\u00e9 le 15 novembre 2025 \u00e0 23h50\u00a0\u00a0\u00b7\u00a0\u00a0<\/p>\n<p>Modifi\u00e9 le 15 novembre 2025\u00a0\u00a0\u00b7\u00a0\u00a0<\/p>\n<p>\t\t\t\t\t2\u00a0minutes\n<\/p>\n<p class=\"has-drop-cap\">Le 5 novembre, le minist\u00e8re de l\u2019\u00c9ducation nationale a publi\u00e9 ses instructions pour le versement r\u00e9troactif des primes aux assistants d\u2019\u00e9ducation (AED) et aux accompagnants d\u2019\u00e9l\u00e8ves en situation de handicap (AESH) affect\u00e9s dans des \u00e9tablissements des r\u00e9seaux d\u2019\u00e9ducation prioritaire (REP).<\/p>\n<p>\u00ab\u00a0Ces primes auraient d\u00fb \u00eatre vers\u00e9es d\u00e8s ao\u00fbt 2015. Selon nos \u00e9l\u00e9ments aupr\u00e8s des 139 \u00e9tablissements concern\u00e9s dans l\u2019acad\u00e9mie de Strasbourg, nous avons pu estimer qu\u2019il y a facilement 500 coll\u00e8gues qui pourraient \u00eatre concern\u00e9s. Pour l\u2019instant, une quarantaine nous a d\u2019ores et d\u00e9j\u00e0 contact\u00e9s\u00a0\u00bb, indique Octave Walzer, assistant d\u2019\u00e9ducation au coll\u00e8ge Lezay-Marn\u00e9sia de la Meinau et syndiqu\u00e9 \u00e0 Sud \u00e9ducation Alsace.<\/p>\n<p>En ao\u00fbt 2015, <a href=\"https:\/\/www.legifrance.gouv.fr\/jorf\/id\/JORFTEXT000031113279#:~:text=des%20personnels%20...-,D%C3%A9cret%20n%C2%B0%202015%2D1087%20du%2028%20ao%C3%BBt%202015%20portant,%C2%AB%20R%C3%A9seau%20d&#039;%C3%A9ducation%20prioritaire%20%C2%BB\" target=\"_blank\" rel=\"noreferrer noopener\">un d\u00e9cret gouvernemental<\/a> avait octroy\u00e9 des indemnit\u00e9s annuelles aux enseignants, aux conseillers principaux d\u2019\u00e9ducation (CPE) ou encore aux personnels administratifs et techniques. Exclus de cette prime, les AED et les AESH avaient enjoint le gouvernement \u00e0 revoir la liste des b\u00e9n\u00e9ficiaires.<\/p>\n<p>Jusqu\u2019\u00e0 5 500 euros<\/p>\n<p>Apr\u00e8s un <a href=\"https:\/\/www.conseil-etat.fr\/fr\/arianeweb\/CE\/decision\/2022-04-12\/452547\" target=\"_blank\" rel=\"noreferrer noopener\">premier recours devant le Conseil d\u2019\u00c9tat <\/a>d\u00e9pos\u00e9 par Sud \u00e9ducation, le minist\u00e8re avait int\u00e9gr\u00e9 les AED et les AESH dans la liste des b\u00e9n\u00e9ficiaires, au nom de l\u2019\u00e9galit\u00e9 de traitement. Par <a href=\"https:\/\/www.legifrance.gouv.fr\/jorf\/id\/JORFTEXT000046711260\" target=\"_blank\" rel=\"noreferrer noopener\">un nouveau d\u00e9cret, publi\u00e9 en d\u00e9cembre 2022<\/a>, les primes annuelles avaient \u00e9t\u00e9 \u00e9tendues. \u00ab\u00a0Or celles avant janvier 2023 pour les AED et les AESH n\u2019ont pas \u00e9t\u00e9 vers\u00e9es, soupire Octave Walzer. On a donc continu\u00e9 \u00e0 se mobiliser pour obtenir la r\u00e9troactivit\u00e9 de ces indemnit\u00e9s.\u00a0\u00bb En mai 2025, le militant et son syndicat ont ainsi soutenu une dizaine de dossiers de demandes de r\u00e9troactivit\u00e9 des primes devant le tribunal administratif de Strasbourg.<\/p>\n<p>La note minist\u00e9rielle ne pr\u00e9voit pas de versement automatique. Il revient aux personnels d\u2019en faire la demande. \u00ab\u00a0On invite nos coll\u00e8gues, adh\u00e9rents ou pas, \u00e0 contacter le syndicat. Il y a un courrier type \u00e0 remplir. On se chargera de le relire puis il faudra l\u2019envoyer en recommand\u00e9\u00a0\u00bb, d\u00e9taille-t-il.<\/p>\n<p>Le montant des primes que le syndicaliste aurait d\u00fb toucher s\u2019\u00e9l\u00e8ve \u00e0 pr\u00e8s de 4\u00a0000 euros. \u00ab\u00a0Pour une AESH, \u00e7a commence \u00e0 1\u00a0100 euros nets. Pour un AED \u00e0 temps plein, la somme peut atteindre jusqu\u2019\u00e0 5\u00a0500 euros\u00a0\u00bb, appuie Octave Walzer, incitant les professionnels \u00e0 d\u00e9fendre leurs droits.<\/p>\n<p>\u00ab\u00a0Pour b\u00e9n\u00e9ficier de l\u2019ann\u00e9e calendaire 2021, il faut que la demande soit faite et id\u00e9alement r\u00e9ceptionn\u00e9e avant les cong\u00e9s de No\u00ebl, appuie le syndicaliste. C\u2019est urgent que des coll\u00e8gues s\u2019en emparent.\u00a0\u00bb<\/p>\n<p>Plus d\u2019<strong>infos<\/strong><\/p>\n<p>Pour \u00eatre accompagn\u00e9s dans leur dossier de demande indemnitaire, les AESH et les AED sont invit\u00e9s \u00e0 contacter Sud \u00e9ducation Alsace \u00e0 <a href=\"https:\/\/www.rue89strasbourg.com\/mailto:contact@sudeducalsace.info\" target=\"_blank\" rel=\"noopener\">contact@sudeducalsace.info<\/a><\/p>\n","protected":false},"excerpt":{"rendered":"Les organisations syndicales de l\u2019\u00c9ducation nationale ont obtenu de leur minist\u00e8re des instructions pour que les assistants d\u2019\u00e9ducation&hellip;\n","protected":false},"author":2,"featured_media":536925,"comment_status":"","ping_status":"","sticky":false,"template":"","format":"standard","meta":{"footnotes":""},"categories":[2820],"tags":[51723,1111,11,1126,1777,674,1011,27,775,12,49887,25,640,3427],"class_list":{"0":"post-536924","1":"post","2":"type-post","3":"status-publish","4":"format-standard","5":"has-post-thumbnail","7":"category-strasbourg","8":"tag-academie-de-strasbourg","9":"tag-actu","10":"tag-actualites","11":"tag-education-nationale","12":"tag-eu","13":"tag-europe","14":"tag-fr","15":"tag-france","16":"tag-grand-est","17":"tag-news","18":"tag-rep","19":"tag-republique-francaise","20":"tag-strasbourg","21":"tag-syndicats"},"share_on_mastodon":{"url":"https:\/\/pubeurope.com\/@fr\/115556163561917741","error":""},"_links":{"self":[{"href":"https:\/\/www.europesays.com\/fr\/wp-json\/wp\/v2\/posts\/536924","targetHints":{"allow":["GET"]}}],"collection":[{"href":"https:\/\/www.europesays.com\/fr\/wp-json\/wp\/v2\/posts"}],"about":[{"href":"https:\/\/www.europesays.com\/fr\/wp-json\/wp\/v2\/types\/post"}],"author":[{"embeddable":true,"href":"https:\/\/www.europesays.com\/fr\/wp-json\/wp\/v2\/users\/2"}],"replies":[{"embeddable":true,"href":"https:\/\/www.europesays.com\/fr\/wp-json\/wp\/v2\/comments?post=536924"}],"version-history":[{"count":0,"href":"https:\/\/www.europesays.com\/fr\/wp-json\/wp\/v2\/posts\/536924\/revisions"}],"wp:featuredmedia":[{"embeddable":true,"href":"https:\/\/www.europesays.com\/fr\/wp-json\/wp\/v2\/media\/536925"}],"wp:attachment":[{"href":"https:\/\/www.europesays.com\/fr\/wp-json\/wp\/v2\/media?parent=536924"}],"wp:term":[{"taxonomy":"category","embeddable":true,"href":"https:\/\/www.europesays.com\/fr\/wp-json\/wp\/v2\/categories?post=536924"},{"taxonomy":"post_tag","embeddable":true,"href":"https:\/\/www.europesays.com\/fr\/wp-json\/wp\/v2\/tags?post=536924"}],"curies":[{"name":"wp","href":"https:\/\/api.w.org\/{rel}","templated":true}]}}