{"id":536926,"date":"2025-11-15T22:51:13","date_gmt":"2025-11-15T22:51:13","guid":{"rendered":"https:\/\/www.europesays.com\/fr\/536926\/"},"modified":"2025-11-15T22:51:13","modified_gmt":"2025-11-15T22:51:13","slug":"strasbourg-encore-impressionnant-a-lexterieur","status":"publish","type":"post","link":"https:\/\/www.europesays.com\/fr\/536926\/","title":{"rendered":"Strasbourg encore impressionnant \u00e0 l\u2019ext\u00e9rieur"},"content":{"rendered":"<p>Les d\u00e9buts de tiers-temps rev\u00eatent une importance particuli\u00e8re et Strasbourg l\u2019a d\u00e9montr\u00e9 ce samedi \u00e0 Tours avec trois buts inscrits moins de trois minutes apr\u00e8s la sortie des vestiaires. De quoi s\u2019offrir la victoire (2-5). Et pourtant, \u00e0 ce petit jeu, Tours se montre tr\u00e8s performant depuis le d\u00e9but de saison.<\/p>\n<p>D\u2019embl\u00e9e, Main tentait sa chance, son tir \u00e9tait repouss\u00e9 par Raibon mais Kopta suivait parfaitement pour marquer dans le but vide (0-1, 1\u201944). L\u2019entame parfaite pour les joueurs de Michal Duras.<\/p>\n<p>Kopta&#8230;                        <\/p>\n","protected":false},"excerpt":{"rendered":"Les d\u00e9buts de tiers-temps rev\u00eatent une importance particuli\u00e8re et Strasbourg l\u2019a d\u00e9montr\u00e9 ce samedi \u00e0 Tours avec trois&hellip;\n","protected":false},"author":2,"featured_media":536927,"comment_status":"","ping_status":"","sticky":false,"template":"","format":"standard","meta":{"footnotes":""},"categories":[2820],"tags":[1111,11,2880,23248,1777,674,1011,27,775,4133,12,25,517,640],"class_list":{"0":"post-536926","1":"post","2":"type-post","3":"status-publish","4":"format-standard","5":"has-post-thumbnail","7":"category-strasbourg","8":"tag-actu","9":"tag-actualites","10":"tag-edition-strasbourg","11":"tag-etoile-noire-strasbourg","12":"tag-eu","13":"tag-europe","14":"tag-fr","15":"tag-france","16":"tag-grand-est","17":"tag-hockey-sur-glace","18":"tag-news","19":"tag-republique-francaise","20":"tag-sport","21":"tag-strasbourg"},"share_on_mastodon":{"url":"https:\/\/pubeurope.com\/@fr\/115556167519339198","error":""},"_links":{"self":[{"href":"https:\/\/www.europesays.com\/fr\/wp-json\/wp\/v2\/posts\/536926","targetHints":{"allow":["GET"]}}],"collection":[{"href":"https:\/\/www.europesays.com\/fr\/wp-json\/wp\/v2\/posts"}],"about":[{"href":"https:\/\/www.europesays.com\/fr\/wp-json\/wp\/v2\/types\/post"}],"author":[{"embeddable":true,"href":"https:\/\/www.europesays.com\/fr\/wp-json\/wp\/v2\/users\/2"}],"replies":[{"embeddable":true,"href":"https:\/\/www.europesays.com\/fr\/wp-json\/wp\/v2\/comments?post=536926"}],"version-history":[{"count":0,"href":"https:\/\/www.europesays.com\/fr\/wp-json\/wp\/v2\/posts\/536926\/revisions"}],"wp:featuredmedia":[{"embeddable":true,"href":"https:\/\/www.europesays.com\/fr\/wp-json\/wp\/v2\/media\/536927"}],"wp:attachment":[{"href":"https:\/\/www.europesays.com\/fr\/wp-json\/wp\/v2\/media?parent=536926"}],"wp:term":[{"taxonomy":"category","embeddable":true,"href":"https:\/\/www.europesays.com\/fr\/wp-json\/wp\/v2\/categories?post=536926"},{"taxonomy":"post_tag","embeddable":true,"href":"https:\/\/www.europesays.com\/fr\/wp-json\/wp\/v2\/tags?post=536926"}],"curies":[{"name":"wp","href":"https:\/\/api.w.org\/{rel}","templated":true}]}}