{"id":536928,"date":"2025-11-15T22:52:22","date_gmt":"2025-11-15T22:52:22","guid":{"rendered":"https:\/\/www.europesays.com\/fr\/536928\/"},"modified":"2025-11-15T22:52:22","modified_gmt":"2025-11-15T22:52:22","slug":"nice-christian-estrosi-desavoue-par-la-justice-cet-axe-majeur-doit-repasser-en-double-sens","status":"publish","type":"post","link":"https:\/\/www.europesays.com\/fr\/536928\/","title":{"rendered":"Nice. Christian Estrosi d\u00e9savou\u00e9 par la justice, cet axe majeur doit repasser en double sens"},"content":{"rendered":"<p>                    Par<br \/>\n        <strong><br \/>\n            <a href=\"https:\/\/actu.fr\/auteur\/arthur-frand\" title=\"Consulter tous les articles de Arthur Frand\" rel=\"nofollow noopener\" target=\"_blank\">Arthur Frand<\/a><br \/>\n                    <\/strong><\/p>\n<p>        Publi\u00e9 le<\/p>\n<p>            14 nov. 2025 \u00e0 12h58        <\/p>\n<p>Un d\u00e9bat de longue date a pris fin ce vendredi 14\u00a0novembre 2025. Le quai des \u00c9tats-Unis \u00e0 <a href=\"https:\/\/actu.fr\/nice\/\" rel=\"nofollow noopener\" target=\"_blank\">Nice<\/a>, dans les <a href=\"https:\/\/actu.fr\/provence-alpes-cote-d-azur\/alpes-maritimes_06\" rel=\"nofollow noopener\" target=\"_blank\">Alpes-Maritimes<\/a>, va revenir en double sens, a annonc\u00e9 Christian Estrosi, maire de la ville. De <strong>mani\u00e8re d\u00e9finitive<\/strong>.<\/p>\n<p>    <a href=\"https:\/\/www.google.com\/maps\/embed?pb=!1m18!1m12!1m3!1d2884.739690087021!2d7.271433077344674!3d43.69517487110007!2m3!1f0!2f0!3f0!3m2!1i1024!2i768!4f13.1!3m3!1m2!1s0x12cddaa2f245b529%3A0x2c99eb1f6510e075!2sQuai%20des%20%C3%89tats-Unis%2C%2006300%20Nice!5e0!3m2!1sfr!2sfr!4v1763121059535!5m2!1sfr!2sfr\" title=\"Ouvrie le lien\" rel=\"nofollow noopener\" target=\"_blank\">Cliquez ici pour visualiser le contenu<\/a><\/p>\n<p class=\" wall-content\">La cour administrative d\u2019appel a d\u00e9cid\u00e9 de rejeter la demande de la Ville qui souhaitait le <strong>maintien du sens unique<\/strong> sur cette voie.\u00a0Une d\u00e9cision dont a pris acte Christian Estrosi.<\/p>\n<p>\u00ab\u2009Nous nous conformerons \u00e0 cette d\u00e9cision\u2009\u00bb<\/p>\n<p class=\" wall-content\">\u00ab\u2009Cette d\u00e9cision r\u00e9sulte du refus de l\u2019\u00c9tat de d\u00e9classer la Promenade des Anglais de son statut particulier de route pr\u00e9vue pour le passage des convois exceptionnels de tr\u00e8s grand gabarit. Nous nous conformerons \u00e0 cette d\u00e9cision de r\u00e9tablir le double sens, qui n\u00e9cessite n\u00e9anmoins des am\u00e9nagements pour garantir la s\u00e9curit\u00e9 des pi\u00e9tons et des cyclistes\u2009\u00bb, a \u00e9crit le maire de Nice.<\/p>\n<p class=\" wall-content\">\n<p class=\" wall-content\">La municipalit\u00e9 avait d\u00e9cid\u00e9 de mettre sens unique de cette voie de circulation entre le port et les quais Rauba-Capeu et des \u00c9tats-Unis, dans le sens Est-Ouest.<\/p>\n<p>Le calendrier communiqu\u00e9 ces prochains jours<\/p>\n<p class=\" wall-content\">Le calendrier des travaux sera communiqu\u00e9 ces prochains jours, annonce Christian Estros. \u00ab\u2009Je rencontrerai prochainement les riverains, les usagers et commer\u00e7ants du port \u00e0 ce sujet\u2009\u00bb, livre le maire de Nice.<\/p>\n<p class=\" wall-content\">Rival de Christian Estrosi lors des prochaines \u00e9lections municipales, le d\u00e9put\u00e9 des Alpes-Maritimes, \u00c9ric Ciotti, a \u00e9videmment <strong>salu\u00e9 cette d\u00e9cision<\/strong> de justice sur X\u2009: \u00ab\u2009La justice vient de contraindre la ville \u00e0 r\u00e9tablir le double sens de circulation \u00e0 Rauba-Capeu. Je salue cette d\u00e9cision logique que je r\u00e9clame depuis des mois et qui limitera les embouteillages, am\u00e9liorera la qualit\u00e9 de l\u2019air tout en pr\u00e9servant la n\u00e9cessaire piste cyclable\u2009!\u2009\u00bb<\/p>\n<p class=\" wall-content\">Personnalisez votre actualit\u00e9 en ajoutant vos villes et m\u00e9dias en favori avec <a href=\"https:\/\/moncompte.actu.fr\" title=\"D\u00e9couvez Mon Actu\" rel=\"nofollow noopener\" data-trk=\"{&quot;cta&quot;:{&quot;action&quot;:&quot;https:\\\/\\\/moncompte.actu.fr&quot;,&quot;category&quot;:&quot;mon compte&quot;,&quot;from&quot;:&quot;article footer&quot;,&quot;name&quot;:&quot;Mon actu&quot;,&quot;type&quot;:&quot;cta&quot;}}\" target=\"_blank\">Mon Actu<\/a>.<\/p>\n","protected":false},"excerpt":{"rendered":"Par Arthur Frand Publi\u00e9 le 14 nov. 2025 \u00e0 12h58 Un d\u00e9bat de longue date a pris fin&hellip;\n","protected":false},"author":2,"featured_media":536929,"comment_status":"","ping_status":"","sticky":false,"template":"","format":"standard","meta":{"footnotes":""},"categories":[2819],"tags":[1111,11,3542,1777,674,1011,27,303,12,2401,882,25,104],"class_list":{"0":"post-536928","1":"post","2":"type-post","3":"status-publish","4":"format-standard","5":"has-post-thumbnail","7":"category-nice","8":"tag-actu","9":"tag-actualites","10":"tag-circulation","11":"tag-eu","12":"tag-europe","13":"tag-fr","14":"tag-france","15":"tag-justice","16":"tag-news","17":"tag-nice","18":"tag-provence-alpes-cote-dazur","19":"tag-republique-francaise","20":"tag-societe"},"share_on_mastodon":{"url":"https:\/\/pubeurope.com\/@fr\/115556171440289319","error":""},"_links":{"self":[{"href":"https:\/\/www.europesays.com\/fr\/wp-json\/wp\/v2\/posts\/536928","targetHints":{"allow":["GET"]}}],"collection":[{"href":"https:\/\/www.europesays.com\/fr\/wp-json\/wp\/v2\/posts"}],"about":[{"href":"https:\/\/www.europesays.com\/fr\/wp-json\/wp\/v2\/types\/post"}],"author":[{"embeddable":true,"href":"https:\/\/www.europesays.com\/fr\/wp-json\/wp\/v2\/users\/2"}],"replies":[{"embeddable":true,"href":"https:\/\/www.europesays.com\/fr\/wp-json\/wp\/v2\/comments?post=536928"}],"version-history":[{"count":0,"href":"https:\/\/www.europesays.com\/fr\/wp-json\/wp\/v2\/posts\/536928\/revisions"}],"wp:featuredmedia":[{"embeddable":true,"href":"https:\/\/www.europesays.com\/fr\/wp-json\/wp\/v2\/media\/536929"}],"wp:attachment":[{"href":"https:\/\/www.europesays.com\/fr\/wp-json\/wp\/v2\/media?parent=536928"}],"wp:term":[{"taxonomy":"category","embeddable":true,"href":"https:\/\/www.europesays.com\/fr\/wp-json\/wp\/v2\/categories?post=536928"},{"taxonomy":"post_tag","embeddable":true,"href":"https:\/\/www.europesays.com\/fr\/wp-json\/wp\/v2\/tags?post=536928"}],"curies":[{"name":"wp","href":"https:\/\/api.w.org\/{rel}","templated":true}]}}