{"id":536932,"date":"2025-11-15T22:54:26","date_gmt":"2025-11-15T22:54:26","guid":{"rendered":"https:\/\/www.europesays.com\/fr\/536932\/"},"modified":"2025-11-15T22:54:26","modified_gmt":"2025-11-15T22:54:26","slug":"dans-cet-album-jeunesse-limagination-de-cet-auteur-nantais-nous-emporte-dans-un-tour-de-manege","status":"publish","type":"post","link":"https:\/\/www.europesays.com\/fr\/536932\/","title":{"rendered":"Dans cet album jeunesse, l\u2019imagination de cet auteur nantais nous emporte dans un tour de man\u00e8ge"},"content":{"rendered":"<p>Man\u00e8ge. Six lettres \u00e0 ne pas prononcer en pr\u00e9sence d\u2019un enfant, sous peine de devoir l\u2019y emmener sur-le-champ. L\u2019album Le grand, le tr\u00e8s grand tour de man\u00e8ge nous entra\u00eene dans l\u2019univers f\u00e9erique d\u2019un carrousel au milieu des bois, dont le sol est tapiss\u00e9 de neige. De grands arbres intimidants entourent l\u2019\u00e9trange attraction, constitu\u00e9e de tendres animaux sur lesquels on a envie de grimper. Mais, h\u00e9las, le petit Tonino est bien triste dans son coin. Ce laveur de carreaux n\u2019a pas les moyens de s\u2019offrir un tour de man\u00e8ge. Jusqu\u2019\u00e0 cette nuit d\u2019anniversaire, o\u00f9 son r\u00eave pourrait bien se r\u00e9aliser.<\/p>\n<p>L\u2019imagination de l\u2019auteur jeunesse nantais Hubert Ben Kemoun, associ\u00e9e aux traits fins et po\u00e9tiques de l\u2019illustratrice Isabelle Chatellard, donne un album toute en douceur, o\u00f9 le lecteur virevolte avec ces animaux bienveillants dans un voyage magique inoubliable. De quoi donner envie aux enfants de remonter sans cesse \u00e0 bord de ce man\u00e8ge enchant\u00e9.<\/p>\n<p><strong> Le grand, le tr\u00e8s grand tour de man\u00e8ge, <\/strong> Hubert Ben\u00a0Kemoun, Isabelle Chatellard, \u00c0 partir de 5\u00a0ans, Pastel, 16\u00a0\u20ac, novembre\u00a02025.<\/p>\n<p>\u00a0<\/p>\n","protected":false},"excerpt":{"rendered":"Man\u00e8ge. Six lettres \u00e0 ne pas prononcer en pr\u00e9sence d\u2019un enfant, sous peine de devoir l\u2019y emmener sur-le-champ.&hellip;\n","protected":false},"author":2,"featured_media":536933,"comment_status":"","ping_status":"","sticky":false,"template":"","format":"standard","meta":{"footnotes":""},"categories":[2818],"tags":[1111,11,1692,3355,28668,1777,674,65614,1011,27,65613,4075,20637,4715,766,12,2636,25,3584],"class_list":{"0":"post-536932","1":"post","2":"type-post","3":"status-publish","4":"format-standard","5":"has-post-thumbnail","7":"category-nantes","8":"tag-actu","9":"tag-actualites","10":"tag-album","11":"tag-auteur","12":"tag-emporte","13":"tag-eu","14":"tag-europe","15":"tag-feerique","16":"tag-fr","17":"tag-france","18":"tag-imagination","19":"tag-jeunesse","20":"tag-manege","21":"tag-nantais","22":"tag-nantes","23":"tag-news","24":"tag-pays-de-la-loire","25":"tag-republique-francaise","26":"tag-tour"},"share_on_mastodon":{"url":"https:\/\/pubeurope.com\/@fr\/115556179213856050","error":""},"_links":{"self":[{"href":"https:\/\/www.europesays.com\/fr\/wp-json\/wp\/v2\/posts\/536932","targetHints":{"allow":["GET"]}}],"collection":[{"href":"https:\/\/www.europesays.com\/fr\/wp-json\/wp\/v2\/posts"}],"about":[{"href":"https:\/\/www.europesays.com\/fr\/wp-json\/wp\/v2\/types\/post"}],"author":[{"embeddable":true,"href":"https:\/\/www.europesays.com\/fr\/wp-json\/wp\/v2\/users\/2"}],"replies":[{"embeddable":true,"href":"https:\/\/www.europesays.com\/fr\/wp-json\/wp\/v2\/comments?post=536932"}],"version-history":[{"count":0,"href":"https:\/\/www.europesays.com\/fr\/wp-json\/wp\/v2\/posts\/536932\/revisions"}],"wp:featuredmedia":[{"embeddable":true,"href":"https:\/\/www.europesays.com\/fr\/wp-json\/wp\/v2\/media\/536933"}],"wp:attachment":[{"href":"https:\/\/www.europesays.com\/fr\/wp-json\/wp\/v2\/media?parent=536932"}],"wp:term":[{"taxonomy":"category","embeddable":true,"href":"https:\/\/www.europesays.com\/fr\/wp-json\/wp\/v2\/categories?post=536932"},{"taxonomy":"post_tag","embeddable":true,"href":"https:\/\/www.europesays.com\/fr\/wp-json\/wp\/v2\/tags?post=536932"}],"curies":[{"name":"wp","href":"https:\/\/api.w.org\/{rel}","templated":true}]}}