{"id":536944,"date":"2025-11-15T23:02:23","date_gmt":"2025-11-15T23:02:23","guid":{"rendered":"https:\/\/www.europesays.com\/fr\/536944\/"},"modified":"2025-11-15T23:02:23","modified_gmt":"2025-11-15T23:02:23","slug":"bastien-augusto-fabien-palcau-et-celia-tabet-performent","status":"publish","type":"post","link":"https:\/\/www.europesays.com\/fr\/536944\/","title":{"rendered":"Bastien Augusto, Fabien Palcau et C\u00e9lia Tabet performent"},"content":{"rendered":"<p class=\"et_pb_title_meta_container\">15 novembre 2025 \u00e0 17:19<\/p>\n<p>\t\t\t\t<img loading=\"lazy\" decoding=\"async\" width=\"1200\" height=\"630\" src=\"https:\/\/www.europesays.com\/fr\/wp-content\/uploads\/2025\/11\/Urban-Trail-de-Lille-2025-Bastien-Augusto-Fabien-Palcau-et-Celia-Tabet-resultats.jpg\" alt=\"Les Fran\u00e7ais se sont illustr\u00e9s sur les 5 et 10 km de l'Urban Trail de Lille, \u00e0 l'instar de Bastien Augusto, Fabien Palcau et C\u00e9lia Tabet.\" title=\"Urban Trail de Lille 2025 Bastien Augusto, Fabien Palcau et C\u00e9lia Tabet r\u00e9sultats\"   class=\"wp-image-136233\"\/><\/p>\n<p style=\"text-align: justify;\"><strong>Les routards fran\u00e7ais se sont illustr\u00e9s ce samedi sur les 5 et 10 km de l\u2019Urban Trail de Lille, \u00e0 l\u2019instar de Bastien Augusto (27\u201930) et Fabien Palcau (27\u201931) sur la plus grande des distances, ainsi que C\u00e9lia Tabet (15\u201908) sur la plus courte. On regarde les principaux <a style=\"color: #000000;\" href=\"https:\/\/stadion-actu.fr\/live-suivez-lurban-trail-de-lille-2025-en-direct-sur-la-page-facebook-de-stadion\/\" target=\"_blank\" rel=\"noopener\">r\u00e9sultats<\/a> ensemble !<\/strong><\/p>\n<p style=\"text-align: justify;\">On ne va pas se le cacher. Les 5 et 10 km de l\u2019Urban Trail de Lille, on le fait pour claquer un chrono. Le r\u00e9sultat obtenu est g\u00e9n\u00e9ralement celui escompt\u00e9. Derri\u00e8re le K\u00e9nyan <strong>John Lomoni Aimun<\/strong>, athl\u00e8te KIPRUN et vainqueur des France de cross-country \u00e0 Challans en mars dernier, laur\u00e9at du 10 km en 27\u201913, les Tricolores ont aussi \u00e9t\u00e9 \u00e0 la f\u00eate. En cette p\u00e9riode de lourde charge d\u2019entra\u00eenement, <strong>Bastien Augusto<\/strong>, qui s\u2019est mu\u00e9 en li\u00e8vre jusqu\u2019\u00e0 la mi-parcours, est all\u00e9 au bout de son effort et a \u00e9t\u00e9 r\u00e9compens\u00e9. Une quatri\u00e8me place et un nouveau record personnel en 27\u201930, grappillant dix secondes \u00e0 son meilleur temps \u00e9tabli il y a deux ans dans la Capitale des Flandres. Il devient le cinqui\u00e8me Fran\u00e7ais le plus rapide de l\u2019histoire.<\/p>\n<p style=\"text-align: justify;\">\u00ab Ce n\u2019\u00e9tait pas du tout pr\u00e9vu, je suis en pleine pr\u00e9paration pour le Marathon de Valence (7 d\u00e9cembre), confie le fondeur du Bourges Entente Athl\u00e9tisme. Jean-Pierre (Watelle) m\u2019a appel\u00e9 vendredi soir, il cherchait un li\u00e8vre sur les 5 premiers kilom\u00e8tres. J\u2019ai accept\u00e9 et je lui ai dit que si je me sentais bien, je finirais la course, c\u2019est ce qui s\u2019est pass\u00e9. J\u2019ai fait mon boulot sur les 5 premiers kilom\u00e8tres en 13\u201943, mais apr\u00e8s je me suis laiss\u00e9 un peu d\u00e9croch\u00e9 mais je savais qu\u2019il y avait un chrono \u00e0 aller chercher, c\u2019est magnifique ! Lille, c\u2019est une ville que j\u2019affectionne, \u00e7a fait la quatri\u00e8me fois que je viens, j\u2019ai \u00e0 chaque fois r\u00e9alis\u00e9 mon record : 28\u201915 en 2022, 27\u201940 en 2023 et 27\u201927 en 2025. Sur 5 km, j\u2019ai aussi am\u00e9lior\u00e9 mon record (13\u201938 en 2021) \u00bb. Quelques minutes plus tard, Bastien Augusto a ensuite remis son bleu de chauffe pour mettre sur orbite les fus\u00e9es du 5 km (passage au 2e km en 5\u201930).<\/p>\n<p>\u00a0<\/p>\n<blockquote class=\"instagram-media\" style=\"background: #FFF; border: 0; border-radius: 3px; box-shadow: 0 0 1px 0 rgba(0,0,0,0.5),0 1px 10px 0 rgba(0,0,0,0.15); margin: 1px; max-width: 540px; min-width: 326px; padding: 0; width: calc(100% - 2px);\" data-instgrm-permalink=\"https:\/\/www.instagram.com\/p\/DRFM1MFjEA5\/?utm_source=ig_embed&amp;utm_campaign=loading\" data-instgrm-version=\"14\">\n<\/blockquote>\n<p><strong>Fabien Palcau : \u00ab Lille est une terre de records \u00bb<\/strong><\/p>\n<p style=\"text-align: justify;\">Cinqui\u00e8me en 27\u201931, <strong>Fabien Palcau<\/strong> (Dijon UC) a aussi continu\u00e9 \u00e0 faire parler la magie en pulv\u00e9risant son chrono de r\u00e9f\u00e9rence (ancien : 27\u201954 \u00e0 Lille en mars dernier). Il se hisse au sixi\u00e8me rang des meilleurs performeurs fran\u00e7ais de tous les temps. \u00ab Bastien a fait un boulot incroyable, on s\u2019est bien tir\u00e9 la bourre sur les trois derniers kilom\u00e8tres. On voit beaucoup de coureurs battre leur record ou prendre du plaisir, en tout cas on a pris les deux aujourd\u2019hui. Lille est une terre de records ! \u00bb, livre-t-il, les yeux brillants de bonheur. Dans le classement f\u00e9minin, tout est all\u00e9 tr\u00e8s vite aussi.<\/p>\n<p style=\"text-align: justify;\"> La K\u00e9nyane <strong style=\"color: #000000;\">Brenda Jepchirchir<\/strong>, 20 ans seulement, a d\u00e9croch\u00e9 les lauriers avec un temps tout pr\u00e8s des 30 minutes, en 30\u201904, devant la N\u00e9erlandaise <strong style=\"color: #000000;\">Maureen Koster<\/strong>\u00a0et la Su\u00e9doise <strong style=\"color: #000000;\">Sarah Lahti<\/strong>, cr\u00e9dit\u00e9es toutes les deux en 30\u201957. Pour trouver la premi\u00e8re Fran\u00e7aise \u00e0 couper la ligne d\u2019arriv\u00e9e, il fallait logiquement se tourner vers <strong>M\u00e9lanie Allier<\/strong>, sixi\u00e8me en 32\u201939. Parmi les autres r\u00e9sultats des Fran\u00e7ais, on rel\u00e8vera les 28\u201914 de <strong>Simon B\u00e9dard <\/strong>(9e), les 28\u201927 d\u2019<strong>Antonin Marquant<\/strong>\u00a0(12e), les 28\u201947 de <strong>Julien Rabaca<\/strong> (15e), ainsi que les 28\u201950 de <strong>Valentin Andr\u00e9<\/strong> (18e) et d\u2019<strong>Edouard Morin-Luzuy<\/strong> (19e). Au total, 44 coureurs ont r\u00e9ussi \u00e0 n\u00e9gocier les dix bornes sous les 30 minutes, dont 20 sous les 29 minutes et 7 sous les 28 minutes. Pour figurer parmi les 100 premiers du 10 km, il fallait r\u00e9ussir une performance de 31\u201925, soit plus de 19 km\/h. Compl\u00e8tement ahurissant.\u00a0<\/p>\n<p>\u00a0<\/p>\n<p><strong>15\u201908 pour C\u00e9lia Tabet sur 5 km<\/strong><\/p>\n<p style=\"text-align: justify;\">La plus belle prouesse chez les Tricolores sur 5 km est \u00e0 mettre \u00e0 l\u2019actif de <strong>C\u00e9lia Tabet<\/strong>. Sur un parcours ultra roulant, la pensionnaire du Bourges Entente Athl\u00e9tisme a profit\u00e9 de la densit\u00e9 de coureurs de bon niveau pour s\u2019intercaler au sein d\u2019un groupe d\u2019hommes. Il n\u2019y avait quasiment plus qu\u2019\u00e0 suivre la cadence infernale, avec \u00e0 l\u2019arriv\u00e9e, un chrono canon de 15\u201908, abaissant son record personnel de pr\u00e8s d\u2019une minute (ancien : 16\u201902 en 2024 \u00e0 Saint-Omer). La double championne de France de cross court (2023 et 2025) grimpe \u00e0 la troisi\u00e8me place du bilan hexagonal derri\u00e8re la championne olympique de triathlon Cassandre Beaugrand (14\u201953 en 2025) et Sara Benfares (14\u201958 en 2022). Une performance de belle facture, riche de promesses, \u00e0 une semaine du cross de s\u00e9lection \u00e0 Allonnes le 23 novembre, o\u00f9 elle tentera de d\u00e9crocher son billet pour les Championnats d\u2019Europe \u00e0 Lagoa (Portugal, 14 d\u00e9cembre). Suivent la Norv\u00e9gienne <strong>Maiken Homlung Proitz<\/strong> (15\u201957) et la Belge <strong>Mariska Parewyck<\/strong> (16\u201913).<\/p>\n<p>\u00a0<\/p>\n<blockquote class=\"instagram-media\" style=\"background: #FFF; border: 0; border-radius: 3px; box-shadow: 0 0 1px 0 rgba(0,0,0,0.5),0 1px 10px 0 rgba(0,0,0,0.15); margin: 1px; max-width: 540px; min-width: 326px; padding: 0; width: calc(100% - 2px);\" data-instgrm-permalink=\"https:\/\/www.instagram.com\/p\/DRFUIGCDHAu\/?utm_source=ig_embed&amp;utm_campaign=loading\" data-instgrm-version=\"14\">\n<\/blockquote>\n<p>\u00a0<\/p>\n<p style=\"text-align: justify;\">Succ\u00e8s chez les messieurs du K\u00e9nyan <strong>Clinton Kimutai Ngetich<\/strong> (18 ans) en 13\u201920, qui l\u2019emporte sept secondes devant le tenant du titre, l\u2019\u00c9thiopien\u00a0 <strong>Melkeneh Azize<\/strong> (13\u201927), et neuf secondes devant le Belge <strong>Ruben Verheyden<\/strong> (13\u201929). Le titre honorifique de premier Fran\u00e7ais est d\u00e9cern\u00e9 au local de l\u2019\u00e9tape <strong>Arthur Gervais<\/strong>, quatri\u00e8me en 13\u201932 (ancien record : 13\u201953 \u00e0 Lille en 2022). On retrouve \u00e9galement les internationaux espoirs <strong>Anas Lagtiy-Chaoudar <\/strong>(9e en 13\u201954) et <strong>Oscar Th\u00e9baud<\/strong> (10e en 14\u201907) dans le top 10.<\/p>\n<p style=\"text-align: center;\">(Re)visionnez les courses sur notre page Facebook, dans les conditions du direct : <strong><a style=\"color: #5791c4;\" href=\"https:\/\/fb.watch\/Doq1DNqnsF\/\" target=\"_blank\" rel=\"noopener\">5 KM<\/a><\/strong> \/ <strong><a style=\"color: #5791c4;\" href=\"https:\/\/www.facebook.com\/share\/v\/1GpjUVq5J4\/\" target=\"_blank\" rel=\"noopener\">10 KM<\/a><\/strong>\u00a0\/ <a style=\"color: #5791c4;\" href=\"https:\/\/www.facebook.com\/share\/v\/1GeFbZM9Kp\/\" target=\"_blank\" rel=\"noopener\"><strong>Urban Trail de 8 KM<\/strong><\/a><\/p>\n<blockquote>\n<p style=\"text-align: left;\">Tous les <strong><a style=\"color: #5791c4;\" href=\"https:\/\/my.raceresult.com\/371714\/\" target=\"_blank\" rel=\"noopener\">r\u00e9sultats<\/a><\/strong> de l\u2019Urban Trail de Lille 2025<\/p>\n<\/blockquote>\n<p style=\"text-align: left;\">Cr\u00e9dit photo : <strong>Renaud Chevalier<\/strong> \/ STADION<\/p>\n<p>\t\t\t<script async src=\"\/\/www.instagram.com\/embed.js\"><\/script><\/p>\n","protected":false},"excerpt":{"rendered":"15 novembre 2025 \u00e0 17:19 Les routards fran\u00e7ais se sont illustr\u00e9s ce samedi sur les 5 et 10&hellip;\n","protected":false},"author":2,"featured_media":536945,"comment_status":"","ping_status":"","sticky":false,"template":"","format":"standard","meta":{"footnotes":""},"categories":[2815],"tags":[1111,11,65615,65616,7712,814,1777,674,65617,1011,27,811,1110,1307,12,5240,25,1980,7135,29645],"class_list":{"0":"post-536944","1":"post","2":"type-post","3":"status-publish","4":"format-standard","5":"has-post-thumbnail","7":"category-lille","8":"tag-actu","9":"tag-actualites","10":"tag-bastien-augusto","11":"tag-celia-tabet","12":"tag-course-a-pied","13":"tag-direct","14":"tag-eu","15":"tag-europe","16":"tag-fabien-palcau","17":"tag-fr","18":"tag-france","19":"tag-hauts-de-france","20":"tag-informations","21":"tag-lille","22":"tag-news","23":"tag-programme","24":"tag-republique-francaise","25":"tag-resultats","26":"tag-running","27":"tag-urban-trail-de-lille"},"share_on_mastodon":{"url":"https:\/\/pubeurope.com\/@fr\/115556211057970119","error":""},"_links":{"self":[{"href":"https:\/\/www.europesays.com\/fr\/wp-json\/wp\/v2\/posts\/536944","targetHints":{"allow":["GET"]}}],"collection":[{"href":"https:\/\/www.europesays.com\/fr\/wp-json\/wp\/v2\/posts"}],"about":[{"href":"https:\/\/www.europesays.com\/fr\/wp-json\/wp\/v2\/types\/post"}],"author":[{"embeddable":true,"href":"https:\/\/www.europesays.com\/fr\/wp-json\/wp\/v2\/users\/2"}],"replies":[{"embeddable":true,"href":"https:\/\/www.europesays.com\/fr\/wp-json\/wp\/v2\/comments?post=536944"}],"version-history":[{"count":0,"href":"https:\/\/www.europesays.com\/fr\/wp-json\/wp\/v2\/posts\/536944\/revisions"}],"wp:featuredmedia":[{"embeddable":true,"href":"https:\/\/www.europesays.com\/fr\/wp-json\/wp\/v2\/media\/536945"}],"wp:attachment":[{"href":"https:\/\/www.europesays.com\/fr\/wp-json\/wp\/v2\/media?parent=536944"}],"wp:term":[{"taxonomy":"category","embeddable":true,"href":"https:\/\/www.europesays.com\/fr\/wp-json\/wp\/v2\/categories?post=536944"},{"taxonomy":"post_tag","embeddable":true,"href":"https:\/\/www.europesays.com\/fr\/wp-json\/wp\/v2\/tags?post=536944"}],"curies":[{"name":"wp","href":"https:\/\/api.w.org\/{rel}","templated":true}]}}