{"id":536946,"date":"2025-11-15T23:03:11","date_gmt":"2025-11-15T23:03:11","guid":{"rendered":"https:\/\/www.europesays.com\/fr\/536946\/"},"modified":"2025-11-15T23:03:11","modified_gmt":"2025-11-15T23:03:11","slug":"la-provence-met-a-lhonneur-lengagement-sous-toutes-ses-formes-du-20-novembre-au-20-decembre","status":"publish","type":"post","link":"https:\/\/www.europesays.com\/fr\/536946\/","title":{"rendered":"\u00ab\u00a0La Provence\u00a0\u00bb met \u00e0 l&rsquo;honneur l&rsquo;engagement sous toutes ses formes du 20 novembre au 20 d\u00e9cembre"},"content":{"rendered":"<p>Le verre \u00e0 moiti\u00e9 plein ou le verre \u00e0 moiti\u00e9 vide, c\u2019est selon. \u00c0 \u00e9couter les ambassadeurs de la pens\u00e9e n\u00e9gative, tout irait de travers dans notre pays, l\u2019individuel l\u2019aurait largement emport\u00e9 sur le collectif. Dans notre soci\u00e9t\u00e9 que l\u2019on dit fractur\u00e9e, addict aux r\u00e9seaux sociaux, aux positions de plus en plus radicales, l\u2019engagement serait un concept archa\u00efque, une vue de l\u2019esprit.<\/p>\n<p>Pourquoi pas, mais ce n\u2019est clairement pas ce que nous constatons sur le terrain. Au quotidien, la r\u00e9daction de La\u00a0Provence fait le r\u00e9cit d\u2019initiatives qui ont du sens, donne la parole \u00e0 un grand nombre d\u2019acteurs qui portent des valeurs, m\u00e8nent des combats, se mobilisent au profit de leur voisin comme de la plan\u00e8te.<\/p>\n<p>Tordre le coup aux th\u00e9ories pessimistes<\/p>\n<p>Notre s\u00e9rie <a href=\"https:\/\/www.laprovence.com\/article\/societe\/1665569146022\/et-vous-comment-ca-va-notre-serie-a-la-rencontre-des-habitants-de-la-region\" target=\"_blank\" rel=\"noopener\">\u00ab\u00a0Et vous, comment \u00e7a va\u00a0?\u00a0\u00bb<\/a>, du 10 au 16 novembre dernier, a illustr\u00e9 les petites comme les grandes actions conduites dans nos d\u00e9partements des <a href=\"https:\/\/www.laprovence.com\/article\/region\/1336923336449914\/la-fermeture-du-bureau-de-poste-c-est-le-reflet-de-notre-societe-dans-lex-cite-miniere-de-biver-le-depit-est-grand\" target=\"_blank\" rel=\"noopener\">Bouches-du-Rh\u00f4ne<\/a>, du <a href=\"https:\/\/www.laprovence.com\/article\/region\/1151836863401714\/montrer-quon-avance-quand-meme-dans-le-vaucluse-florian-se-mobilise-pour-les-personnes-handicapees\" target=\"_blank\" rel=\"noopener\">Vaucluse<\/a> et des <a href=\"https:\/\/www.laprovence.com\/article\/societe\/81924953722875\/je-suis-un-medecin-de-famille-et-jai-fait-medecine-pour-ca-dans-les-alpes-lindispensable-docteur-rochet-capellan\" target=\"_blank\" rel=\"noopener\">Alpes-de-Haute-Provence<\/a> par toutes les g\u00e9n\u00e9rations, et notamment par cette jeunesse que l\u2019on per\u00e7oit aujourd\u2019hui d\u00e9boussol\u00e9e.<\/p>\n<p>Pour tordre le cou \u00e0 ces th\u00e9ories du \u00ab\u00a0tout fout le camp\u00a0\u00bb, nous avons d\u00e9cid\u00e9 de lancer \u00ab\u00a0Le mois de l\u2019engagement\u00a0\u00bb en r\u00e9unissant associations, collectifs, entreprises, b\u00e9n\u00e9voles, citoyens tout simplement rassembl\u00e9s autour de la volont\u00e9 d\u2019\u00eatre utile pour la soci\u00e9t\u00e9, leur quartier, leur ville, les autres.<\/p>\n<p>Du 20\u00a0novembre au 20\u00a0d\u00e9cembre, plusieurs rendez-vous sont programm\u00e9s au si\u00e8ge marseillais du journal, \u00e0 Grand Central. Ils permettront de partager les bonnes ondes et d\u2019\u00e9changer sur des projets \u00e0 mener dans nos territoires. Ce sera \u00e9galement l\u2019occasion de r\u00e9compenser la nouvelle g\u00e9n\u00e9ration au travers de la premi\u00e8re \u00e9dition du Palmar\u00e8s \u00ab\u00a0G\u00e9n\u00e9ration engag\u00e9e\u00a0\u00bb de La\u00a0Provence qui, cette ann\u00e9e, mettra en avant 80\u00a0jeunes.<\/p>\n<p>Valoriser ses territoires et celles et ceux qui les composent, voil\u00e0 l\u2019engagement de notre journal.<\/p>\n<p><strong>Mardi 18\u00a0novembre, 18\u00a0h-20\u00a0h, engagement solidaire<\/strong><\/p>\n<p>Projection du film documentaire \u201cORA\u201d (52\u00a0minutes). Echange entre Olivier\u00a0Biscaye, directeur de la r\u00e9daction de La\u00a0Provence, et l&rsquo;handi-surfeur \u00c9ric Dargent.<\/p>\n<p><strong>Jeudi 20\u00a0novembre, 18\u00a0h-20\u00a0h, engagement interculturel<\/strong><\/p>\n<p>Echange entre Olivier\u00a0Biscaye, directeur de la r\u00e9daction de La\u00a0Provence et Marie-Laure Guidi, fondatrice et pr\u00e9sidente de Marseille au Pluriel. Table ronde avec quatre bin\u00f4mes association\/entreprise, introduite par Jila Lambert (Marseille au Pluriel), initiatrice des projets\u00a0: M\u00e8res-Enfants Paca &amp; Free Pro, Kipawa &amp; Orange, Groupe SOS, CHRS Chez Simone &amp; Adie, R\u00e9gie de quartiers Noailles Belsunce &amp; Parlym + Chef Basil.<\/p>\n<p>Table ronde autour de l&rsquo;engagement entrepreneurial\u00a0: Laurent Laik (La Varappe), Christophe Baralotto (Jump), Eric Barraud et Gilles Val\u00e9rio (Cr\u00e9dit Agricole Alpes Provence), Diane Renaud (French Tech), Marl\u00e8ne Araquel (Tempo One).\u00a0Keynote final avec Alain Cabras (Marseille au Pluriel).<\/p>\n<p><strong>Lundi 24\u00a0novembre, 14\u00a0h-17\u00a0h, engagement citoyen<\/strong><\/p>\n<p>Entretien crois\u00e9 \u2018&rsquo;Une vie, un combat\u00a0\u00bb, men\u00e9 par Olivier\u00a0Biscaye, directeur de la r\u00e9daction de La\u00a0Provence, avec Hamza Bensatem\u00a0(Adepape 13) et Jane Bouvier\u00a0(L&rsquo;\u00e9cole au pr\u00e9sent). 1\u00e8re\u00a0table ronde avec Yves M\u00e9tayer\u00a0(Gouverneur militaire de Marseille), \u00c9ric Berton\u00a0(pr\u00e9sident d&rsquo;Aix Marseille Universit\u00e9), Anouk Rabesandratana\u00a0(Je m&rsquo;engage pour l&rsquo;Afrique), Benjamin de Molliens\u00a0(aventurier engag\u00e9), Eric Akopian\u00a0(Clean my Calanques), Ludovic Girard\u00a0(District de Provence de football), Chlo\u00e9 Massot\u00a0(association Afev). 2\u00e8me\u00a0table ronde avec Philippe Girard\u00a0(pr\u00e9sident de Marseille Esp\u00e9rance), Lionel Mathieu\u00a0(commandant du bataillon des marins-pompiers de Marseille), Alexandre Pastor\u00a0(Melting Pot), Mathilde Thibault\u00a0(Benenova), Hugo Roche Poggi\u00a0(Pour\u00a0que Marseille vive), Marion Dupuy\u00a0(Fondation CMA\u00a0CGM), Salim Grabsi\u00a0(Le\u00a0Sel de la Vie).<\/p>\n<p><strong>Jeudi 27\u00a0novembre, 9\u00a0h-18\u00a0h, engagement au f\u00e9minin<\/strong><\/p>\n<p>Plus d&rsquo;une cinquantaine de speakers internationaux r\u00e9unis pour le Global Leadership by Women Summit qui propose de repenser le leadership mondial face aux bouleversements actuels.<\/p>\n","protected":false},"excerpt":{"rendered":"Le verre \u00e0 moiti\u00e9 plein ou le verre \u00e0 moiti\u00e9 vide, c\u2019est selon. \u00c0 \u00e9couter les ambassadeurs de&hellip;\n","protected":false},"author":2,"featured_media":536947,"comment_status":"","ping_status":"","sticky":false,"template":"","format":"standard","meta":{"footnotes":""},"categories":[2814],"tags":[17,1111,11,1777,674,1011,27,4743,64008,3871,884,3736,12,54210,1186,882,25,3107,10125],"class_list":{"0":"post-536946","1":"post","2":"type-post","3":"status-publish","4":"format-standard","5":"has-post-thumbnail","7":"category-marseille","8":"tag-17","9":"tag-actu","10":"tag-actualites","11":"tag-eu","12":"tag-europe","13":"tag-fr","14":"tag-france","15":"tag-la","16":"tag-lengagement","17":"tag-lhonneur","18":"tag-marseille","19":"tag-met","20":"tag-news","21":"tag-nos-rendez-vous","22":"tag-provence","23":"tag-provence-alpes-cote-dazur","24":"tag-republique-francaise","25":"tag-sous","26":"tag-toutes"},"share_on_mastodon":{"url":"https:\/\/pubeurope.com\/@fr\/115556214652536360","error":""},"_links":{"self":[{"href":"https:\/\/www.europesays.com\/fr\/wp-json\/wp\/v2\/posts\/536946","targetHints":{"allow":["GET"]}}],"collection":[{"href":"https:\/\/www.europesays.com\/fr\/wp-json\/wp\/v2\/posts"}],"about":[{"href":"https:\/\/www.europesays.com\/fr\/wp-json\/wp\/v2\/types\/post"}],"author":[{"embeddable":true,"href":"https:\/\/www.europesays.com\/fr\/wp-json\/wp\/v2\/users\/2"}],"replies":[{"embeddable":true,"href":"https:\/\/www.europesays.com\/fr\/wp-json\/wp\/v2\/comments?post=536946"}],"version-history":[{"count":0,"href":"https:\/\/www.europesays.com\/fr\/wp-json\/wp\/v2\/posts\/536946\/revisions"}],"wp:featuredmedia":[{"embeddable":true,"href":"https:\/\/www.europesays.com\/fr\/wp-json\/wp\/v2\/media\/536947"}],"wp:attachment":[{"href":"https:\/\/www.europesays.com\/fr\/wp-json\/wp\/v2\/media?parent=536946"}],"wp:term":[{"taxonomy":"category","embeddable":true,"href":"https:\/\/www.europesays.com\/fr\/wp-json\/wp\/v2\/categories?post=536946"},{"taxonomy":"post_tag","embeddable":true,"href":"https:\/\/www.europesays.com\/fr\/wp-json\/wp\/v2\/tags?post=536946"}],"curies":[{"name":"wp","href":"https:\/\/api.w.org\/{rel}","templated":true}]}}