{"id":536950,"date":"2025-11-15T23:05:23","date_gmt":"2025-11-15T23:05:23","guid":{"rendered":"https:\/\/www.europesays.com\/fr\/536950\/"},"modified":"2025-11-15T23:05:23","modified_gmt":"2025-11-15T23:05:23","slug":"que-faire-ce-dimanche-a-lyon","status":"publish","type":"post","link":"https:\/\/www.europesays.com\/fr\/536950\/","title":{"rendered":"Que faire ce dimanche \u00e0 Lyon ?"},"content":{"rendered":"<p class=\"content\" style=\"font-size:1.2em;font-weight:700\">Pour affronter la d\u00e9prime automnale et le temps pluvieux, Lyon Capitale a s\u00e9lectionn\u00e9 pour vous les bons plans \u00e0 ne pas manquer ce dimanche 16 novembre.<\/p>\n<p>Oui, le temps ne donne aucunement envie de sortir de son lit, ce dimanche 16 novembre. Mais Lyon Capitale a s\u00e9lectionn\u00e9 pour vous les bons plans \u00e0 ne pas manquer afin de vous redonner un peu le moral. <\/p>\n<p><strong>La Grande Braderie de la Biblioth\u00e8que de Lyon<\/strong><\/p>\n<p><img loading=\"lazy\" decoding=\"async\" width=\"456\" height=\"309\" alt=\"\" class=\"wp-image-469751 lazyload\" src=\"https:\/\/www.europesays.com\/fr\/wp-content\/uploads\/2025\/11\/Capture-decran-2025-11-15-a-16.12.48.jpg\" data-eio-rwidth=\"456\" data-eio-rheight=\"309\"\/><\/p>\n<p>Quoi de mieux qu&rsquo;une braderie de livres et de CD pour contrer la grisaille du dimanche ? De 10h \u00e0 17h, la biblioth\u00e8que de la Part-Dieu ouvre ses portes pour la braderie annuelle de la Biblioth\u00e8que municipale de Lyon. Et tout le monde peut y trouver son bonheur : romans, documentaires, BD, livres jeunesse, CD et vinyles. Plus de 20 000 documents mis \u00e0 la vente \u00e0 tout petit prix, entre 1 et 5 euros. L&rsquo;entr\u00e9e \u00e0 l&rsquo;\u00e9v\u00e8nement est gratuite. <\/p>\n<p>Plus <a href=\"https:\/\/www.bm-lyon.fr\/les-rendez-vous-des-bibliotheques-municipales-de-lyon\/?brid=iBYPTZWPuC1V7KKCuXgm4A#\/animation\/4628\/date\/11325\" target=\"_blank\" rel=\"noopener\">d&rsquo;informations<\/a>. <\/p>\n<p><strong>Grande Vente Solidaire au Palais des Sports de Gerland<\/strong><\/p>\n<p><img loading=\"lazy\" decoding=\"async\" width=\"722\" height=\"422\" alt=\"\" class=\"wp-image-469750 lazyload\" src=\"https:\/\/www.europesays.com\/fr\/wp-content\/uploads\/2025\/11\/Capture-decran-2025-11-15-a-16.12.02.jpg\" data-eio-rwidth=\"722\" data-eio-rheight=\"422\"\/><\/p>\n<p>La grande vente solidaire du Foyer Notre-Dame des Sans-Abri s&rsquo;installe au Palais des Sports de Gerland. V\u00eatements, meubles, jouets, livres, disques et objets de brocante seront propos\u00e9s \u00e0 petits prix. Un village solidaire avec cabane \u00e0 r\u00e9cits, ateliers couture, maquillage et tombola pour enfants vient s&rsquo;ajouter \u00e0 cette journ\u00e9e chaleureuse et engag\u00e9e. Les recettes de ce week-end participeront au financement des actions sociales que m\u00e8ne l&rsquo;association aupr\u00e8s des personnes en grande pr\u00e9carit\u00e9. L&rsquo;entr\u00e9e \u00e0 l&rsquo;\u00e9v\u00e8nement est \u00e0 2 euros le dimanche, et gratuite pour les -16 ans et les personnes en situation de handicap. <\/p>\n<p>Plus <a href=\"https:\/\/www.helloasso.com\/associations\/fndsa\/evenements\/grande-vente-solidaire-2025?brid=xVz2UeN40O66fbLeckRIIQ\" target=\"_blank\" rel=\"noopener\">d&rsquo;informations<\/a>.<\/p>\n<p><strong>Le Testathlon \u00e0 Bron<\/strong><\/p>\n<p><img loading=\"lazy\" decoding=\"async\" width=\"1200\" height=\"750\" alt=\"Testathlon course solidaire\" class=\"wp-image-468783 lazyload\" src=\"https:\/\/www.europesays.com\/fr\/wp-content\/uploads\/2025\/11\/coureurs-trail-e1762423253535.jpg\" data-eio-rwidth=\"1200\" data-eio-rheight=\"750\"\/>Cr\u00e9dit : Testathlon<\/p>\n<p>Pour <a href=\"https:\/\/www.lyoncapitale.fr\/actualite\/une-course-solidaire-pour-les-maladies-digestives-organisee-au-parc-de-parilly\" target=\"_blank\" rel=\"noopener\">ceux qui n&rsquo;ont pas peur d&rsquo;affronter la pluie<\/a>, le Testathlon, une course solidaire pour soutenir la recherche sur les maladies digestives, se d\u00e9roulera au parc de Parilly de Bron. Les participants auront le choix de parcourir 1 (pour les enfants), 5, 7, 14 ou 21 km en marchant ou en courant. Apr\u00e8s l&rsquo;effort, des animations seront organis\u00e9es, avec un foodtruck et un DJ sur place. Les b\u00e9n\u00e9fices de la journ\u00e9es seront revers\u00e9s \u00e0 la fondation de recherche sur la nutrition et les pathologies digestives DigestSciences. Il reste de la place pour la randonn\u00e9e de 5 km avec une inscription \u00e0 10 euros.<\/p>\n<p><a href=\"https:\/\/lyon-testathlon2025.my.canva.site\/\" target=\"_blank\" rel=\"noopener\">Informations et inscriptions<\/a>.<\/p>\n<p><strong>Festival du Film Court au cin\u00e9ma Le Zola<\/strong><\/p>\n<p><img loading=\"lazy\" decoding=\"async\" width=\"745\" height=\"413\" alt=\"\" class=\"wp-image-469752 lazyload\" src=\"https:\/\/www.europesays.com\/fr\/wp-content\/uploads\/2025\/11\/Capture-decran-2025-11-15-a-16.14.31.jpg\" data-eio-rwidth=\"745\" data-eio-rheight=\"413\"\/><\/p>\n<p>Pour les Lyonnais qui souhaitent sortir sans devoir affronter le froid, le Festival du Film Court s&rsquo;ach\u00e8ve ce dimanche. L\u2019\u00e9v\u00e9nement se termine \u00e0 17h30 par une projection de tous les films prim\u00e9s. C&rsquo;est l&rsquo;occasion de d\u00e9couvrir des films uniques r\u00e9alis\u00e9s par les peut-\u00eatre grands r\u00e9alisateurs de demain. L&rsquo;entr\u00e9e est \u00e0 8,50 euros, 7,50 euros pour les tarifs r\u00e9duits, et 5 euros pour les \u00e9tudiants et les -18 ans. <\/p>\n<p>Plus <a href=\"https:\/\/www.lezola.com\/festival-du-film-court\/?festival=court\" target=\"_blank\" rel=\"noopener\">d&rsquo;informations<\/a>. <\/p>\n<p><strong>Jean-Louis Aubert \u00e0 la LDLC Arena<\/strong><\/p>\n<p><img loading=\"lazy\" decoding=\"async\" width=\"1200\" height=\"750\" alt=\"Jean-Louis Aubert\" class=\"wp-image-469682 lazyload\" src=\"https:\/\/www.europesays.com\/fr\/wp-content\/uploads\/2025\/11\/Festival_des_Vieilles_Charrues_2016_-_Les_Insus_-_033-e1763131136502-1.jpg\" data-eio-rwidth=\"1200\" data-eio-rheight=\"750\"\/><\/p>\n<p>Lyon Capitale l&rsquo;<a href=\"https:\/\/www.lyoncapitale.fr\/actualite\/ain-jean-louis-aubert-rejoint-laffiche-du-printemps-de-perouges-2026\" target=\"_blank\" rel=\"noopener\">annon\u00e7ait ce vendredi<\/a>, Jean-Louis Aubert rejoint l\u2019affiche du Printemps de P\u00e9rouges 2026. Pour vous donner un avant go\u00fbt de sa tourn\u00e9e des festivals cet \u00e9t\u00e9 qui viendront marquer ses cinquante ans de carri\u00e8re, rendez-vous \u00e0 la LDLC Arena ce dimanche soir, \u00e0 partir de 19h. Puisque la figure du rock fran\u00e7ais ne d\u00e9\u00e7oit jamais. Des places sont encore disponibles dans les diff\u00e9rents points de vente, \u00e0 partir de 59 euros. <\/p>\n","protected":false},"excerpt":{"rendered":"Pour affronter la d\u00e9prime automnale et le temps pluvieux, Lyon Capitale a s\u00e9lectionn\u00e9 pour vous les bons plans&hellip;\n","protected":false},"author":2,"featured_media":536951,"comment_status":"","ping_status":"","sticky":false,"template":"","format":"standard","meta":{"footnotes":""},"categories":[1889],"tags":[1111,11,2430,1697,1777,674,1011,27,2428,1272,12,65618,25],"class_list":{"0":"post-536950","1":"post","2":"type-post","3":"status-publish","4":"format-standard","5":"has-post-thumbnail","7":"category-lyon","8":"tag-actu","9":"tag-actualites","10":"tag-auvergne-rhone-alpes","11":"tag-concert","12":"tag-eu","13":"tag-europe","14":"tag-fr","15":"tag-france","16":"tag-lyon","17":"tag-manifestations","18":"tag-news","19":"tag-que-faire-a-lyon","20":"tag-republique-francaise"},"share_on_mastodon":{"url":"https:\/\/pubeurope.com\/@fr\/115556223152657139","error":""},"_links":{"self":[{"href":"https:\/\/www.europesays.com\/fr\/wp-json\/wp\/v2\/posts\/536950","targetHints":{"allow":["GET"]}}],"collection":[{"href":"https:\/\/www.europesays.com\/fr\/wp-json\/wp\/v2\/posts"}],"about":[{"href":"https:\/\/www.europesays.com\/fr\/wp-json\/wp\/v2\/types\/post"}],"author":[{"embeddable":true,"href":"https:\/\/www.europesays.com\/fr\/wp-json\/wp\/v2\/users\/2"}],"replies":[{"embeddable":true,"href":"https:\/\/www.europesays.com\/fr\/wp-json\/wp\/v2\/comments?post=536950"}],"version-history":[{"count":0,"href":"https:\/\/www.europesays.com\/fr\/wp-json\/wp\/v2\/posts\/536950\/revisions"}],"wp:featuredmedia":[{"embeddable":true,"href":"https:\/\/www.europesays.com\/fr\/wp-json\/wp\/v2\/media\/536951"}],"wp:attachment":[{"href":"https:\/\/www.europesays.com\/fr\/wp-json\/wp\/v2\/media?parent=536950"}],"wp:term":[{"taxonomy":"category","embeddable":true,"href":"https:\/\/www.europesays.com\/fr\/wp-json\/wp\/v2\/categories?post=536950"},{"taxonomy":"post_tag","embeddable":true,"href":"https:\/\/www.europesays.com\/fr\/wp-json\/wp\/v2\/tags?post=536950"}],"curies":[{"name":"wp","href":"https:\/\/api.w.org\/{rel}","templated":true}]}}