{"id":536964,"date":"2025-11-15T23:13:15","date_gmt":"2025-11-15T23:13:15","guid":{"rendered":"https:\/\/www.europesays.com\/fr\/536964\/"},"modified":"2025-11-15T23:13:15","modified_gmt":"2025-11-15T23:13:15","slug":"tres-lourd-bilan-humain-des-derniers-bombardements-russes-sur-lukraine","status":"publish","type":"post","link":"https:\/\/www.europesays.com\/fr\/536964\/","title":{"rendered":"Tr\u00e8s lourd bilan humain des derniers bombardements russes sur l\u2019Ukraine"},"content":{"rendered":"<p>  Par&amp;nbsp<a href=\"https:\/\/fr.euronews.com\/profils\/2808\" target=\"_blank\" rel=\"noopener\">Lucy Davalou<\/a>&amp;nbsp&amp;&amp;nbsp<b>Euronews<\/b><\/p>\n<p>\n         Publi\u00e9 le<br \/>\n            15\/11\/2025 &#8211; 17:24 UTC+1\n            <\/p>\n<p>Selon les autorit\u00e9s r\u00e9gionales, au moins neuf personnes ont \u00e9t\u00e9 tu\u00e9es et 53 ont \u00e9t\u00e9 bless\u00e9es au cours des derni\u00e8res 24 heures par des frappes russes en Ukraine.<\/p>\n<p>Les attaques russes contre l&rsquo;Ukraine se sont poursuivies de vendredi \u00e0 samedi, avec le lancement de trois missiles balistiques a\u00e9roport\u00e9s Kh-47M2 \u00ab\u00a0Kinzhal\u00a0\u00bb, ainsi que de 135 drones de frappe diff\u00e9rents, dont des Shaheds, lanc\u00e9s depuis les r\u00e9gions d&rsquo;Orel, Primorsko-Akhtarsk, Koursk, Millerovo, Bryansk et Chauda Hvardiyske, situ\u00e9es dans la r\u00e9publique autonome occup\u00e9e de Crim\u00e9e.<\/p>\n<p>Selon les forces arm\u00e9es ukrainiennes, deux missiles balistiques Kh-47M2 \u00ab\u00a0Kinzhal\u00a0\u00bb et 91 drones ennemis des drones Shahed ont \u00e9t\u00e9 soit abattus, soit bloqu\u00e9s.<\/p>\n<p>13 sites ont \u00e9t\u00e9 touch\u00e9s par des drones et un missile, tandis que des d\u00e9bris de drones d\u00e9truits tombant du ciel ont touch\u00e9 quatre zones.<\/p>\n<p>L&rsquo;attaque russe de vendredi contre la capitale ukrainienne, Kiev, a fait sept morts et 36 bless\u00e9s, laissant des d\u00e9g\u00e2ts consid\u00e9rables dans neuf quartiers, selon le maire de la ville <a href=\"https:\/\/t.me\/vitaliy%5Fklitschko\/5702\" target=\"_blank\" rel=\"noreferrer\">, Vitaliy Klitschko<\/a>.<\/p>\n<p>Dans le m\u00eame temps, 34 communaut\u00e9s de la r\u00e9gion m\u00e9ridionale de Kherson ont subi des attaques, de m\u00eame que la ville de Kherson, situ\u00e9e sur la ligne de front et divis\u00e9e par la rivi\u00e8re Dnipro, o\u00f9 le gouverneur Oleksandr Prokudin a fait \u00e9tat d&rsquo;une personne d\u00e9c\u00e9d\u00e9e.<\/p>\n<p>Dans la r\u00e9gion de Donetsk, une personne a \u00e9t\u00e9 bless\u00e9e dans la ville de Kramatorsk, selon son gouverneur. Kramatorsk est connue pour \u00eatre un lieu o\u00f9 les familles attendent de retrouver les soldats qui reviennent des lignes de front.<\/p>\n<p>Un homme de 65 ans aurait \u00e9galement \u00e9t\u00e9 tu\u00e9 dans le district de Nikopol, dans la r\u00e9gion de Dnipropetrovsk, alors que les r\u00e9gions de Sumy et de Kharkiv ont \u00e9galement \u00e9t\u00e9 le th\u00e9\u00e2tre d&rsquo;attaques nocturnes.<\/p>\n<p>Dans le m\u00eame temps, un important terminal p\u00e9trolier de la ville portuaire russe de Novorossiysk, dans le Kra\u00ef de Krasnodar, a temporairement suspendu ses activit\u00e9s, qui repr\u00e9sentent environ 2 % des exportations mondiales, \u00e0 la suite des attaques ukrainiennes de vendredi, selon de nombreux responsables russes et des cha\u00eenes Telegram.<\/p>\n","protected":false},"excerpt":{"rendered":"Par&amp;nbspLucy Davalou&amp;nbsp&amp;&amp;nbspEuronews Publi\u00e9 le 15\/11\/2025 &#8211; 17:24 UTC+1 Selon les autorit\u00e9s r\u00e9gionales, au moins neuf personnes ont \u00e9t\u00e9&hellip;\n","protected":false},"author":2,"featured_media":536965,"comment_status":"","ping_status":"","sticky":false,"template":"","format":"standard","meta":{"footnotes":""},"categories":[1591],"tags":[11,3983,65619,1887,3482,12,1885,1886,132],"class_list":{"0":"post-536964","1":"post","2":"type-post","3":"status-publish","4":"format-standard","5":"has-post-thumbnail","7":"category-russie","8":"tag-actualites","9":"tag-deces","10":"tag-drone-tueur","11":"tag-federation-de-russie","12":"tag-guerre-russie-ukraine","13":"tag-news","14":"tag-russia","15":"tag-russian-federation","16":"tag-russie"},"share_on_mastodon":{"url":"https:\/\/pubeurope.com\/@fr\/115556254015949004","error":""},"_links":{"self":[{"href":"https:\/\/www.europesays.com\/fr\/wp-json\/wp\/v2\/posts\/536964","targetHints":{"allow":["GET"]}}],"collection":[{"href":"https:\/\/www.europesays.com\/fr\/wp-json\/wp\/v2\/posts"}],"about":[{"href":"https:\/\/www.europesays.com\/fr\/wp-json\/wp\/v2\/types\/post"}],"author":[{"embeddable":true,"href":"https:\/\/www.europesays.com\/fr\/wp-json\/wp\/v2\/users\/2"}],"replies":[{"embeddable":true,"href":"https:\/\/www.europesays.com\/fr\/wp-json\/wp\/v2\/comments?post=536964"}],"version-history":[{"count":0,"href":"https:\/\/www.europesays.com\/fr\/wp-json\/wp\/v2\/posts\/536964\/revisions"}],"wp:featuredmedia":[{"embeddable":true,"href":"https:\/\/www.europesays.com\/fr\/wp-json\/wp\/v2\/media\/536965"}],"wp:attachment":[{"href":"https:\/\/www.europesays.com\/fr\/wp-json\/wp\/v2\/media?parent=536964"}],"wp:term":[{"taxonomy":"category","embeddable":true,"href":"https:\/\/www.europesays.com\/fr\/wp-json\/wp\/v2\/categories?post=536964"},{"taxonomy":"post_tag","embeddable":true,"href":"https:\/\/www.europesays.com\/fr\/wp-json\/wp\/v2\/tags?post=536964"}],"curies":[{"name":"wp","href":"https:\/\/api.w.org\/{rel}","templated":true}]}}