{"id":536968,"date":"2025-11-15T23:15:14","date_gmt":"2025-11-15T23:15:14","guid":{"rendered":"https:\/\/www.europesays.com\/fr\/536968\/"},"modified":"2025-11-15T23:15:14","modified_gmt":"2025-11-15T23:15:14","slug":"derriere-la-lutte-contre-le-narcotrafic-les-objectifs-reels-des-etats-unis-en-amerique-latine","status":"publish","type":"post","link":"https:\/\/www.europesays.com\/fr\/536968\/","title":{"rendered":"derri\u00e8re la lutte contre le narcotrafic, les objectifs r\u00e9els des \u00c9tats-Unis en Am\u00e9rique latine"},"content":{"rendered":"<p>Le\u00a0<a target=\"_self\" href=\"https:\/\/www.lanouvellerepublique.fr\/a-la-une\/un-porte-avions-americain-arrive-au-large-de-l-amerique-latine-pour-des-operations-antidrogue-1762885203\" rel=\"noopener\">Gerald R. Ford est le plus grand porte-avions<\/a> du monde.\u00a0Avec plus de 4.000 marins, des dizaines d\u2019appareils tactiques, des escadrons de chasse et d\u2019attaque, des h\u00e9licopt\u00e8res et un avion de ravitaillement embarqu\u00e9, il a rejoint, mardi 11\u00a0novembre 2025, les forces navales am\u00e9ricaines stationn\u00e9es dans les Cara\u00efbes, \u00e0 l\u2019int\u00e9rieur de la zone de responsabilit\u00e9 du \u00ab\u00a0Southcom\u00a0\u00bb.<\/p>\n<p>Le \u00ab\u00a0United States Southern Command\u00a0\u00bb ou \u00ab\u00a0Southcom\u00a0\u00bb (\u00ab\u00a0commandement sud des \u00c9tats-Unis\u00a0\u00bb) est en charge de toutes les op\u00e9rations militaires \u00e9tasuniennes dans une zone\u00a0allant de l\u2019Am\u00e9rique latine au sud du Mexique, des eaux adjacentes \u00e0 l\u2019Am\u00e9rique centrale et du Sud, et la mer des Cara\u00efbes.<\/p>\n","protected":false},"excerpt":{"rendered":"Le\u00a0Gerald R. Ford est le plus grand porte-avions du monde.\u00a0Avec plus de 4.000 marins, des dizaines d\u2019appareils tactiques,&hellip;\n","protected":false},"author":2,"featured_media":536969,"comment_status":"","ping_status":"","sticky":false,"template":"","format":"standard","meta":{"footnotes":""},"categories":[1589],"tags":[328,11,5165,1924,309,75,1052,73,1866,329,74,12,1864,1865,1863,308],"class_list":{"0":"post-536968","1":"post","2":"type-post","3":"status-publish","4":"format-standard","5":"has-post-thumbnail","7":"category-etats-unis","8":"tag-a-la-une","9":"tag-actualites","10":"tag-amerique-du-sud","11":"tag-armement","12":"tag-chine","13":"tag-donald-trump","14":"tag-drogue","15":"tag-etats-unis","16":"tag-etats-unis-damerique","17":"tag-france-monde","18":"tag-monde","19":"tag-news","20":"tag-united-states","21":"tag-united-states-of-america","22":"tag-us","23":"tag-usa"},"share_on_mastodon":{"url":"https:\/\/pubeurope.com\/@fr\/115556261991311834","error":""},"_links":{"self":[{"href":"https:\/\/www.europesays.com\/fr\/wp-json\/wp\/v2\/posts\/536968","targetHints":{"allow":["GET"]}}],"collection":[{"href":"https:\/\/www.europesays.com\/fr\/wp-json\/wp\/v2\/posts"}],"about":[{"href":"https:\/\/www.europesays.com\/fr\/wp-json\/wp\/v2\/types\/post"}],"author":[{"embeddable":true,"href":"https:\/\/www.europesays.com\/fr\/wp-json\/wp\/v2\/users\/2"}],"replies":[{"embeddable":true,"href":"https:\/\/www.europesays.com\/fr\/wp-json\/wp\/v2\/comments?post=536968"}],"version-history":[{"count":0,"href":"https:\/\/www.europesays.com\/fr\/wp-json\/wp\/v2\/posts\/536968\/revisions"}],"wp:featuredmedia":[{"embeddable":true,"href":"https:\/\/www.europesays.com\/fr\/wp-json\/wp\/v2\/media\/536969"}],"wp:attachment":[{"href":"https:\/\/www.europesays.com\/fr\/wp-json\/wp\/v2\/media?parent=536968"}],"wp:term":[{"taxonomy":"category","embeddable":true,"href":"https:\/\/www.europesays.com\/fr\/wp-json\/wp\/v2\/categories?post=536968"},{"taxonomy":"post_tag","embeddable":true,"href":"https:\/\/www.europesays.com\/fr\/wp-json\/wp\/v2\/tags?post=536968"}],"curies":[{"name":"wp","href":"https:\/\/api.w.org\/{rel}","templated":true}]}}