{"id":536970,"date":"2025-11-15T23:16:15","date_gmt":"2025-11-15T23:16:15","guid":{"rendered":"https:\/\/www.europesays.com\/fr\/536970\/"},"modified":"2025-11-15T23:16:15","modified_gmt":"2025-11-15T23:16:15","slug":"le-royaume-uni-va-limiter-la-protection-accordee-aux-refugies-annonce-le-gouvernement","status":"publish","type":"post","link":"https:\/\/www.europesays.com\/fr\/536970\/","title":{"rendered":"Le Royaume-Uni va limiter la protection accord\u00e9e aux r\u00e9fugi\u00e9s, annonce le gouvernement"},"content":{"rendered":"<p>                      <img loading=\"lazy\" decoding=\"async\" src=\"https:\/\/www.europesays.com\/fr\/wp-content\/uploads\/2025\/11\/4d07377_ftp-import-images-1-9mj19tpmyd67-2025-10-23t115253z-1083658110-rc2mhha423xb-rtrmadp-3-britai.jpeg\" alt=\"La ministre de l\u2019int\u00e9rieur, Shabana Mahmood, et le premier ministre britannique, Keir Starmer, \u00e0 Peacehaven, au Royaume-Uni, le 23\u00a0octobre\u00a02025.\"   width=\"664\" height=\"443\"\/>    La ministre de l\u2019int\u00e9rieur, Shabana Mahmood, et le premier ministre britannique, Keir Starmer, \u00e0 Peacehaven, au Royaume-Uni, le 23\u00a0octobre\u00a02025.  PETER NICHOLLS \/ VIA REUTERS                          <\/p>\n<p class=\"article__paragraph  \">Le gouvernement britannique va r\u00e9duire la protection accord\u00e9e aux r\u00e9fugi\u00e9s, qui seront \u00ab\u00a0forc\u00e9s de rentrer dans leur pays d\u2019origine d\u00e8s qu\u2019il sera jug\u00e9 s\u00fbr\u00a0\u00bb, a annonc\u00e9 samedi 15\u00a0novembre le minist\u00e8re de l\u2019int\u00e9rieur dans un communiqu\u00e9.<\/p>\n<p class=\"article__paragraph  \">Cette mesure devrait faire partie d\u2019une vaste r\u00e9forme du gouvernement travailliste visant \u00e0 r\u00e9duire le nombre de migrants arrivant au Royaume-Uni, et \u00e0 r\u00e9pondre aux critiques qui ont propuls\u00e9 le parti anti-immigration Reform UK de Nigel Farage en t\u00eate des sondages depuis des mois. L\u2019ensemble des mesures doivent \u00eatre d\u00e9taill\u00e9es lundi devant le Parlement par la ministre de l\u2019int\u00e9rieur, Shabana Mahmood.<\/p>\n<p class=\"article__paragraph  \">\u00ab\u00a0Un \u201cbillet en or\u201d a fait grimper les demandes d\u2019asile au Royaume-Uni, poussant les gens \u00e0 traverser l\u2019Europe, via des pays s\u00fbrs, pour monter \u00e0 bord d\u2019embarcations de fortune, a fait savoir la ministre, cit\u00e9e samedi dans le communiqu\u00e9.\u00a0Je vais mettre fin \u00e0 ce ticket en or.\u00a0\u00bb<\/p>\n<p class=\"article__paragraph  \">\u00ab\u00a0Gr\u00e2ce \u00e0 des conditions bien plus g\u00e9n\u00e9reuses au Royaume-Uni\u00a0\u00bb, les r\u00e9fugi\u00e9s peuvent actuellement demander \u00e0 s\u2019installer d\u00e9finitivement, sans frais, apr\u00e8s cinq ans au Royaume-Uni, \u00ab\u00a0sans avoir contribu\u00e9\u00a0\u00bb au pays, a indiqu\u00e9 le minist\u00e8re. Le nouveau syst\u00e8me r\u00e9duira la dur\u00e9e de leur s\u00e9jour de cinq ans \u00e0 trente mois, et multipliera par quatre, de cinq \u00e0 vingt ans, le d\u00e9lai n\u00e9cessaire pour demander \u00e0 devenir r\u00e9sident permanent, a-t-il pr\u00e9cis\u00e9. Les r\u00e9fugi\u00e9s qui souhaitent devenir r\u00e9sidents permanents plus vite \u00ab\u00a0devront travailler ou \u00e9tudier\u00a0\u00bb, a-t-il encore ajout\u00e9.<\/p>\n<p>                                       Lire aussi |  Article r\u00e9serv\u00e9 \u00e0 nos abonn\u00e9s  <a href=\"https:\/\/www.lemonde.fr\/societe\/article\/2025\/10\/26\/immigration-derriere-l-accord-one-in-one-out-negocie-avec-londres-des-vies-en-suspens_6649647_3224.html\" class=\"js-article-read-also catcher--favoris__link\" data-premium=\"1\" id=\"article-title-3443687\" rel=\"nofollow noopener\" target=\"_blank\">Derri\u00e8re l\u2019accord \u00ab\u00a0one in, one out\u00a0\u00bb, sign\u00e9 entre la France et le Royaume-Uni, des vies de migrants en suspens<\/a>    <\/p>\n<p>   Lire plus tard  <\/p>\n<p>                          Manifestations                    <\/p>\n<p class=\"article__paragraph  \">Arriv\u00e9 au pouvoir \u00e0 l\u2019\u00e9t\u00e9 2024, le gouvernement de Keir Starmer est sous pression quasi quotidienne pour freiner les arriv\u00e9es de migrants et restreindre leurs droits. Cet \u00e9t\u00e9, de nombreuses manifestations ont eu lieu devant des h\u00f4tels h\u00e9bergeant des demandeurs d\u2019asile et une manifestation organis\u00e9e par l\u2019extr\u00eame droite \u00e0 Londres mi-septembre a r\u00e9uni jusqu\u2019\u00e0 150\u00a0000 personnes selon la police.<\/p>\n<p>                                       Lire aussi |  Article r\u00e9serv\u00e9 \u00e0 nos abonn\u00e9s  <a href=\"https:\/\/www.lemonde.fr\/international\/article\/2025\/08\/19\/au-royaume-uni-les-manifestations-contre-les-demandeurs-d-asile-se-multiplient_6631781_3210.html\" class=\"js-article-read-also catcher--favoris__link\" data-premium=\"1\" id=\"article-title-3434622\" rel=\"nofollow noopener\" target=\"_blank\">Au Royaume-Uni, les manifestations contre les demandeurs d\u2019asile se multiplient<\/a>    <\/p>\n<p>   Lire plus tard  <\/p>\n<p class=\"article__paragraph  \">Dans ce contexte, le gouvernement de Keir Starmer a promis de faire baisser le nombre de migrants qui traversent la Manche \u00e0 bord d\u2019embarcations de fortune. Sans succ\u00e8s pour l\u2019instant.<\/p>\n<p class=\"article__paragraph  \">Depuis le 1er\u00a0janvier, 39\u00a0292 personnes ont d\u00e9barqu\u00e9 sur les c\u00f4tes anglaises \u00e0 l\u2019issue de cette p\u00e9rilleuse travers\u00e9e, un chiffre qui d\u00e9passe celui de l\u2019ann\u00e9e 2024 (36\u00a0816). Par ailleurs, les demandes d\u2019asile ont augment\u00e9 de 18\u00a0% en\u00a02024 au Royaume-Uni, alors qu\u2019elles baissaient de 13\u00a0% dans l\u2019ensemble de l\u2019Union europ\u00e9enne sur la m\u00eame p\u00e9riode, selon les chiffres du gouvernement. Plus de 400\u00a0000 demandes ont \u00e9t\u00e9 enregistr\u00e9es depuis 2021, contre 150\u00a0000 sur la p\u00e9riode 2011-2015, toujours selon les chiffres officiels.<\/p>\n<p>                    Mod\u00e8le danois                    <\/p>\n<p class=\"article__paragraph  \">Pour le gouvernement, l\u2019objectif est clair\u00a0: rendre le Royaume-Uni moins attractif pour les migrants.<\/p>\n<p class=\"article__paragraph  \">Le minist\u00e8re a soulign\u00e9 s\u2019\u00eatre inspir\u00e9 de l\u2019exemple danois pour ces r\u00e9formes. Ce pays scandinave de 6\u00a0millions d\u2019habitants, dirig\u00e9 par les sociaux-d\u00e9mocrates depuis 2019, d\u00e9fend une politique stricte en mati\u00e8re de droit d\u2019asile. Les r\u00e9fugi\u00e9s y obtiennent ainsi un permis de s\u00e9jour, g\u00e9n\u00e9ralement de deux ans renouvelable, mais sont encourag\u00e9s \u00e0 prendre le chemin du retour d\u00e8s que les autorit\u00e9s estiment que le besoin de protection a disparu. Le regroupement familial y est aussi soumis \u00e0 des exigences strictes, dont des tests de langue pour les nouveaux arrivants.<\/p>\n<p> Le Monde M\u00e9morable  <\/p>\n<p> <a href=\"https:\/\/www.lemonde.fr\/memorable\/?rfextension=inread\" class=\"inread__link js-services-inread-link\" target=\"_blank\" rel=\"nofollow noopener\">  <\/p>\n<p>Testez votre culture g\u00e9n\u00e9rale avec la r\u00e9daction du \u00ab Monde \u00bb<\/p>\n<p>Testez votre culture g\u00e9n\u00e9rale avec la r\u00e9daction du \u00ab Monde \u00bb<\/p>\n<p>D\u00e9couvrir<\/p>\n<p> <\/a>      <\/p>\n<p> Newsletter  <\/p>\n<p> <a href=\"https:\/\/www.lemonde.fr\/newsletters\/a-la-une\/\" class=\"inread__link js-services-inread-link\" target=\"_blank\" rel=\"nofollow noopener\">  <\/p>\n<p>\u00ab A la une \u00bb<\/p>\n<p>Chaque matin, parcourez l&rsquo;essentiel de l&rsquo;actualit\u00e9 du jour avec les derniers titres du \u00ab Monde \u00bb<\/p>\n<p>S&rsquo;inscrire<\/p>\n<p> <\/a>          <\/p>\n<p> Le Monde Application  <\/p>\n<p> <a href=\"https:\/\/lamatinale.onelink.me\/gKMy\/ahw2ubr3\" class=\"inread__link js-services-inread-link\" target=\"_blank\" rel=\"nofollow noopener\">  <\/p>\n<p>La Matinale du Monde<\/p>\n<p>Chaque matin, retrouvez notre s\u00e9lection de 20 articles \u00e0 ne pas manquer <\/p>\n<p>T\u00e9l\u00e9charger l&rsquo;application<\/p>\n<p> <\/a>      <\/p>\n<p> Newsletter abonn\u00e9s  <\/p>\n<p> <a href=\"https:\/\/www.lemonde.fr\/newsletters\/international\/\" class=\"inread__link js-services-inread-link\" target=\"_blank\" rel=\"nofollow noopener\">  <\/p>\n<p>\u00ab International \u00bb<\/p>\n<p>L\u2019essentiel de l\u2019actualit\u00e9 internationale de la semaine<\/p>\n<p>S&rsquo;inscrire<\/p>\n<p> <\/a>             <\/p>\n<p class=\"article__paragraph  \">Ces derni\u00e8res semaines, des hauts fonctionnaires britanniques se sont rendus au Danemark afin d\u2019\u00e9tudier dans le d\u00e9tail ce syst\u00e8me, et voir les mesures applicables au Royaume-Uni.<\/p>\n<p>                                       Lire aussi |  Article r\u00e9serv\u00e9 \u00e0 nos abonn\u00e9s  <a href=\"https:\/\/www.lemonde.fr\/international\/article\/2025\/08\/25\/au-royaume-uni-l-extreme-droite-mobilise-grace-a-la-crise-de-l-asile-je-ne-veux-plus-payer-pour-eux_6634652_3210.html\" class=\"js-article-read-also catcher--favoris__link\" data-premium=\"1\" id=\"article-title-3435030\" rel=\"nofollow noopener\" target=\"_blank\">Au Royaume-Uni, l\u2019extr\u00eame droite mobilise gr\u00e2ce \u00e0 la crise de l\u2019asile\u00a0: \u00ab\u00a0Je ne veux plus payer pour eux\u00a0\u00bb<\/a>    <\/p>\n<p>   Lire plus tard  <\/p>\n<p class=\"article__paragraph  \">La restriction de la protection des r\u00e9fugi\u00e9s \u00e9tait une mesure jusqu\u2019ici d\u00e9fendue par Reform UK. Le parti de Nigel Farage avait annonc\u00e9 qu\u2019en cas d\u2019arriv\u00e9e au pouvoir, il obligerait les migrants \u2013 y compris ceux d\u00e9j\u00e0 r\u00e9gularis\u00e9s \u2013 \u00e0 demander un visa tous les cinq ans. Mais la gauche du parti travailliste s\u2019\u00e9tait dite oppos\u00e9e \u00e0 de telles restrictions, et avait pr\u00e9venu que le parti, au plus bas dans les sondages, y perdrait de nombreux \u00e9lecteurs.<\/p>\n<p class=\"author__detail\">  Le Monde avec AFP  <\/p>\n<p>                <a href=\"https:\/\/www.lemonde.fr\/syndication\/\" class=\"reuse__content\" title=\"R\u00e9utiliser ce contenu\" target=\"_blank\" rel=\"nofollow noopener\">R\u00e9utiliser ce contenu<\/a>      <\/p>\n","protected":false},"excerpt":{"rendered":"La ministre de l\u2019int\u00e9rieur, Shabana Mahmood, et le premier ministre britannique, Keir Starmer, \u00e0 Peacehaven, au Royaume-Uni, le&hellip;\n","protected":false},"author":2,"featured_media":536971,"comment_status":"","ping_status":"","sticky":false,"template":"","format":"standard","meta":{"footnotes":""},"categories":[1588],"tags":[11,1777,674,12,473,1853,1851,1850,1852],"class_list":{"0":"post-536970","1":"post","2":"type-post","3":"status-publish","4":"format-standard","5":"has-post-thumbnail","7":"category-royaume-uni","8":"tag-actualites","9":"tag-eu","10":"tag-europe","11":"tag-news","12":"tag-royaume-uni","13":"tag-royaume-uni-de-grande-bretagne-et-dirlande-du-nord","14":"tag-uk","15":"tag-united-kingdom","16":"tag-united-kingdom-of-great-britain-and-northern-ireland"},"share_on_mastodon":{"url":"https:\/\/pubeurope.com\/@fr\/115556266507571173","error":""},"_links":{"self":[{"href":"https:\/\/www.europesays.com\/fr\/wp-json\/wp\/v2\/posts\/536970","targetHints":{"allow":["GET"]}}],"collection":[{"href":"https:\/\/www.europesays.com\/fr\/wp-json\/wp\/v2\/posts"}],"about":[{"href":"https:\/\/www.europesays.com\/fr\/wp-json\/wp\/v2\/types\/post"}],"author":[{"embeddable":true,"href":"https:\/\/www.europesays.com\/fr\/wp-json\/wp\/v2\/users\/2"}],"replies":[{"embeddable":true,"href":"https:\/\/www.europesays.com\/fr\/wp-json\/wp\/v2\/comments?post=536970"}],"version-history":[{"count":0,"href":"https:\/\/www.europesays.com\/fr\/wp-json\/wp\/v2\/posts\/536970\/revisions"}],"wp:featuredmedia":[{"embeddable":true,"href":"https:\/\/www.europesays.com\/fr\/wp-json\/wp\/v2\/media\/536971"}],"wp:attachment":[{"href":"https:\/\/www.europesays.com\/fr\/wp-json\/wp\/v2\/media?parent=536970"}],"wp:term":[{"taxonomy":"category","embeddable":true,"href":"https:\/\/www.europesays.com\/fr\/wp-json\/wp\/v2\/categories?post=536970"},{"taxonomy":"post_tag","embeddable":true,"href":"https:\/\/www.europesays.com\/fr\/wp-json\/wp\/v2\/tags?post=536970"}],"curies":[{"name":"wp","href":"https:\/\/api.w.org\/{rel}","templated":true}]}}