{"id":536972,"date":"2025-11-15T23:17:26","date_gmt":"2025-11-15T23:17:26","guid":{"rendered":"https:\/\/www.europesays.com\/fr\/536972\/"},"modified":"2025-11-15T23:17:26","modified_gmt":"2025-11-15T23:17:26","slug":"lallemagne-nexclut-plus-la-conscription","status":"publish","type":"post","link":"https:\/\/www.europesays.com\/fr\/536972\/","title":{"rendered":"l\u2019Allemagne n\u2019exclut plus la conscription"},"content":{"rendered":"<p data-end=\"607\" data-start=\"486\">Le syst\u00e8me serait hybride : priorit\u00e9 au volontariat, avec la possibilit\u00e9 d\u2019un appel obligatoire si les besoins l\u2019exigent.<\/p>\n<p data-end=\"793\" data-start=\"609\">Tous les jeunes de 18 ans recevraient un questionnaire sur leur int\u00e9r\u00eat pour un engagement dans la Bundeswehr. Y r\u00e9pondre serait obligatoire pour les gar\u00e7ons, mais les filles peuvent s\u2019en abstenir.<\/p>\n<p data-end=\"1054\" data-start=\"795\">Les mesures, approuv\u00e9es par l\u2019Union chr\u00e9tienne-d\u00e9mocrate (CDU), l\u2019Union chr\u00e9tienne-sociale et le Parti social-d\u00e9mocrate (SPD), devraient entrer en vigueur au d\u00e9but de l\u2019ann\u00e9e prochaine. Elles concerneraient d\u2019abord les jeunes n\u00e9s \u00e0 partir du 1\u1d49\u02b3 janvier 2008.<\/p>\n<p data-end=\"1182\" data-start=\"1056\">Le gouvernement vise un effectif total de 270.000 hommes et femmes d\u2019ici 2035, contre environ 182.000 militaires actuellement.<\/p>\n<p data-end=\"1399\" data-start=\"1184\">L\u2019effort reposera d\u2019abord sur le volontariat. Mais les partenaires de la coalition reconnaissent qu\u2019un service obligatoire pourrait \u00eatre envisag\u00e9 si le recrutement ne permettait pas d\u2019atteindre la trajectoire fix\u00e9e.<\/p>\n<p data-end=\"1571\" data-start=\"1401\">Pour rendre l\u2019offre plus attractive, ils mettent en avant un salaire mensuel de 2600 euros pour les volontaires, ainsi qu\u2019une \u00e9ventuelle aide pour le permis de conduire.<\/p>\n<p data-end=\"1774\" data-start=\"1573\">Le minist\u00e8re de la D\u00e9fense devra pr\u00e9senter au Bundestag un rapport semestriel sur le recrutement, afin de permettre aux d\u00e9put\u00e9s de suivre l\u2019\u00e9volution des effectifs et la capacit\u00e9 du pays \u00e0 se d\u00e9fendre.<\/p>\n<p data-end=\"2057\" data-start=\"1776\">\u00ab Nous allons rendre le volontariat plus attractif. Nous voulons convaincre un maximum de jeunes de s\u2019engager \u00bb, a d\u00e9clar\u00e9 Jens Spahn, chef du groupe parlementaire de la CDU de Friedrich Merz. \u00ab Si, au final, il n\u2019y a pas assez de volontaires, il faudra envisager une obligation. \u00bb<\/p>\n<p data-end=\"2306\" data-start=\"2059\">Interrog\u00e9 sur le seuil pr\u00e9cis qui d\u00e9clencherait la conscription, il a r\u00e9pondu qu\u2019il n\u2019\u00e9tait pas encore en mesure de donner un chiffre. Le Bundestag devrait alors ouvrir un d\u00e9bat, qui pourrait mener \u00e0 une loi introduisant des \u00e9l\u00e9ments obligatoires.<\/p>\n<p data-end=\"2665\" data-start=\"2308\">Pour calmer les inqui\u00e9tudes d\u2019un retour imminent \u00e0 la conscription, les responsables gouvernementaux affirment qu\u2019ils sont confiants dans la capacit\u00e9 du volontariat \u00e0 atteindre les objectifs. Matthias Miersch, chef du groupe SPD, a assur\u00e9 que l\u2019Allemagne trouverait suffisamment de volontaires, qualifiant le nouveau mod\u00e8le \u00ab d\u2019offre \u00bb, et non d\u2019obligation.<\/p>\n<p data-end=\"2954\" data-start=\"2667\">Boris Pistorius, ministre de la D\u00e9fense et membre du SPD, s\u2019est dit lui aussi \u00ab tr\u00e8s confiant \u00bb. \u00ab D\u2019autres pays europ\u00e9ens, notamment dans le nord, montrent que le volontariat fonctionne lorsqu\u2019il est assorti de conditions attractives. Je m\u2019attends \u00e0 la m\u00eame chose ici \u00bb, a-t-il d\u00e9clar\u00e9.<\/p>\n<p data-end=\"3276\" data-start=\"2956\">Cette volont\u00e9 de renforcer les effectifs intervient alors que la guerre entre la Russie et l\u2019Ukraine s\u2019appr\u00eate \u00e0 entrer dans sa cinqui\u00e8me ann\u00e9e. \u00ab Nous voulons que l\u2019Allemagne soit capable de se d\u00e9fendre, car elle doit l\u2019\u00eatre dans la p\u00e9riode actuelle \u00bb, a soulign\u00e9 Jens Spahn, \u00e9voquant les menaces qui p\u00e8sent sur l\u2019OTAN.<\/p>\n<p data-end=\"3664\" data-start=\"3278\">Mark Rutte, secr\u00e9taire g\u00e9n\u00e9ral de l\u2019OTAN, s\u2019est r\u00e9joui de l\u2019accord conclu par la coalition allemande. \u00ab Chaque pays d\u00e9cide comment recruter suffisamment d\u2019hommes et de femmes dans ses forces arm\u00e9es, mais je suis heureux d\u2019apprendre que la coalition allemande s\u2019est entendue sur une voie \u00e0 suivre \u00bb, a-t-il d\u00e9clar\u00e9 lors d\u2019une visite au commandement interarm\u00e9es de Brunssum, aux Pays-Bas.<\/p>\n<p data-end=\"3859\" data-start=\"3666\">\u00ab Il revient \u00e0 chaque nation de d\u00e9cider comment proc\u00e9der, mais, en tant que secr\u00e9taire g\u00e9n\u00e9ral de l\u2019OTAN, je me f\u00e9licite toujours des d\u00e9cisions destin\u00e9es \u00e0 renforcer les effectifs militaires. \u00bb<\/p>\n","protected":false},"excerpt":{"rendered":"Le syst\u00e8me serait hybride : priorit\u00e9 au volontariat, avec la possibilit\u00e9 d\u2019un appel obligatoire si les besoins l\u2019exigent.&hellip;\n","protected":false},"author":2,"featured_media":536973,"comment_status":"","ping_status":"","sticky":false,"template":"","format":"standard","meta":{"footnotes":""},"categories":[1587],"tags":[11,672,1804,1805,1803,1777,674,1801,12,1802],"class_list":{"0":"post-536972","1":"post","2":"type-post","3":"status-publish","4":"format-standard","5":"has-post-thumbnail","7":"category-allemagne","8":"tag-actualites","9":"tag-allemagne","10":"tag-bundesrepublik-deutschland","11":"tag-de","12":"tag-deutschland","13":"tag-eu","14":"tag-europe","15":"tag-germany","16":"tag-news","17":"tag-republique-federale-dallemagne"},"share_on_mastodon":{"url":"https:\/\/pubeurope.com\/@fr\/115556269711835070","error":""},"_links":{"self":[{"href":"https:\/\/www.europesays.com\/fr\/wp-json\/wp\/v2\/posts\/536972","targetHints":{"allow":["GET"]}}],"collection":[{"href":"https:\/\/www.europesays.com\/fr\/wp-json\/wp\/v2\/posts"}],"about":[{"href":"https:\/\/www.europesays.com\/fr\/wp-json\/wp\/v2\/types\/post"}],"author":[{"embeddable":true,"href":"https:\/\/www.europesays.com\/fr\/wp-json\/wp\/v2\/users\/2"}],"replies":[{"embeddable":true,"href":"https:\/\/www.europesays.com\/fr\/wp-json\/wp\/v2\/comments?post=536972"}],"version-history":[{"count":0,"href":"https:\/\/www.europesays.com\/fr\/wp-json\/wp\/v2\/posts\/536972\/revisions"}],"wp:featuredmedia":[{"embeddable":true,"href":"https:\/\/www.europesays.com\/fr\/wp-json\/wp\/v2\/media\/536973"}],"wp:attachment":[{"href":"https:\/\/www.europesays.com\/fr\/wp-json\/wp\/v2\/media?parent=536972"}],"wp:term":[{"taxonomy":"category","embeddable":true,"href":"https:\/\/www.europesays.com\/fr\/wp-json\/wp\/v2\/categories?post=536972"},{"taxonomy":"post_tag","embeddable":true,"href":"https:\/\/www.europesays.com\/fr\/wp-json\/wp\/v2\/tags?post=536972"}],"curies":[{"name":"wp","href":"https:\/\/api.w.org\/{rel}","templated":true}]}}