{"id":536976,"date":"2025-11-15T23:19:20","date_gmt":"2025-11-15T23:19:20","guid":{"rendered":"https:\/\/www.europesays.com\/fr\/536976\/"},"modified":"2025-11-15T23:19:20","modified_gmt":"2025-11-15T23:19:20","slug":"pourquoi-lunion-europeenne-et-la-france-freinent-des-quatre-fers","status":"publish","type":"post","link":"https:\/\/www.europesays.com\/fr\/536976\/","title":{"rendered":"pourquoi l\u2019Union europ\u00e9enne et la France freinent des quatre fers"},"content":{"rendered":"<p>\n    <strong>D\u00c9CRYPTAGE &#8211;<\/strong> Alors que les robots-taxis roulent aux \u00c9tats-Unis et en Chine depuis plusieurs ann\u00e9es, les essais d\u00e9marreront en Europe en 2026.<\/p>\n<p class=\"fig-paragraph\">Absents des routes d\u2019Europe, les robots-taxis d\u00e9boulent en 2026 sur le continent. Ces VTC sans chauffeur, install\u00e9s dans le paysage urbain des m\u00e9gapoles am\u00e9ricaines et chinoises, ont mis le pied tr\u00e8s discr\u00e8tement en Europe. En juillet, l\u2019entreprise sino-am\u00e9ricaine Pony.ai a commenc\u00e9 \u00e0 tester trois v\u00e9hicules rouge vif griff\u00e9s de sa marque dans le village de Lenningen (2000 habitants) au Luxembourg, avec l\u2019accord des autorit\u00e9s locales. En juin, la start-up britannique Wayve annon\u00e7ait avoir sign\u00e9 un partenariat avec Uber pour faire circuler ses\u00a0<a href=\"http:\/\/www.lefigaro.fr\/secteur\/high-tech\/des-robots-taxis-waymo-arriveront-a-londres-en-2026-20251015\" data-fig-type=\"NewsFlash\" data-gtm-custom-categorie=\"navigation\" data-gtm-custom-action=\"crossclick\" data-gtm-custom-label=\"Contextuel\" data-gtm-event=\"customEventSPE\" data-fig-domain=\"LEFIGARO\" target=\"_blank\" rel=\"noopener\">robots-taxis dans les rues de Londres<\/a>. Uber et Momenta vont aussi d\u00e9ployer des robots-taxis d\u00e8s l\u2019ann\u00e9e prochaine \u00e0 Munich. Enfin, les chinois WeRide et Baidu ont choisi la Suisse pour faire leurs premiers pas.<\/p>\n<p class=\"fig-paragraph\">Comment expliquer une telle timidit\u00e9, alors que les premiers essais r\u00e9alis\u00e9s outre Atlantique ont commenc\u00e9 d\u00e8s 2020\u00a0? Le cadre r\u00e9glementaire europ\u00e9en est-il, une nouvelle fois, en cause\u00a0?<\/p>\n<p class=\"fig-body-link\">\n            \u00c0 lire aussi<br \/>\n        <a class=\"fig-body-link__link fig-premium-mark\" href=\"http:\/\/www.lefigaro.fr\/societes\/en-perte-de-vitesse-tesla-joue-gros-en-lancant-son-robot-taxi-20250620\" data-fig-type=\"NewsFlash\" data-gtm-custom-categorie=\"navigation\" data-gtm-custom-action=\"crossclick\" data-gtm-custom-label=\"Contextuel\" data-gtm-event=\"customEventSPE\" data-fig-domain=\"LEFIGARO\" target=\"_blank\" rel=\"noopener\"><\/p>\n<p>        En perte de vitesse, Tesla joue gros en lan\u00e7ant son robot-taxi<br \/>\n    <\/a>\n<\/p>\n<p class=\"fig-paragraph\">La France et l\u2019Europe ont mis en place un arsenal\u2026<\/p>\n<p class=\"fig-premium-paywall__infos\">\n        Cet article est r\u00e9serv\u00e9 aux abonn\u00e9s.        Il vous reste 68% \u00e0 d\u00e9couvrir.\n    <\/p>\n<p>                <img  data- alt=\"Le Figaro\" class=\"fig-img--complete fig-img\"\/><\/p>\n<p class=\"fig-premium-paywall__title\">Black Friday<\/p>\n<p class=\"fig-premium-paywall__subtitle\">-70% sur l&rsquo;abonnement num\u00e9rique<\/p>\n<p class=\"fig-premium-paywall__connect\">\n                D\u00e9j\u00e0 abonn\u00e9\u00a0?                <a class=\"fig-premium-paywall__connect-link\" href=\"https:\/\/connect.lefigaro.fr\/login?client=horizon_web&amp;type=main&amp;redirect_uri=https%3A%2F%2Fwww.lefigaro.fr%2Feconomie%2Frobots-taxis-pourquoi-l-union-europeenne-et-la-france-freinent-des-quatre-fers-20251114\" data-js-gtm=\"{&quot;customCategorie&quot;: &quot;conversion&quot;, &quot;customAction&quot;: &quot;before_Landing_Connexion_paywall_auto&quot;, &quot;customLabel&quot;: &quot;bGVmaWdhcm8uZnJfXzFmMGMxNzEyLTY0ZjgtNjBjNi05OTJkLWVkNGFlMTEwYmY3MV9fQXJ0aWNsZQ==_Robots-taxis\u00a0: pourquoi l\u2019Union europ\u00e9enne et la France freinent des quatre fers_45&quot;, &quot;customIDSPE&quot;: &quot;bGVmaWdhcm8uZnJfXzFmMGMxNzEyLTY0ZjgtNjBjNi05OTJkLWVkNGFlMTEwYmY3MV9fQXJ0aWNsZQ==&quot;, &quot;event&quot;: &quot;customEventSPE&quot;}\" target=\"_blank\" rel=\"noopener\"><br \/>\n                    Connectez-vous<br \/>\n                <\/a>\n            <\/p>\n","protected":false},"excerpt":{"rendered":"D\u00c9CRYPTAGE &#8211; Alors que les robots-taxis roulent aux \u00c9tats-Unis et en Chine depuis plusieurs ann\u00e9es, les essais d\u00e9marreront&hellip;\n","protected":false},"author":2,"featured_media":536977,"comment_status":"","ping_status":"","sticky":false,"template":"","format":"standard","meta":{"footnotes":""},"categories":[1586],"tags":[11,73,1777,674,1779,1011,27,12,25,1778,364,21411],"class_list":{"0":"post-536976","1":"post","2":"type-post","3":"status-publish","4":"format-standard","5":"has-post-thumbnail","7":"category-europe","8":"tag-actualites","9":"tag-etats-unis","10":"tag-eu","11":"tag-europe","12":"tag-european-union","13":"tag-fr","14":"tag-france","15":"tag-news","16":"tag-republique-francaise","17":"tag-ue","18":"tag-union-europeenne","19":"tag-voiture-autonome"},"share_on_mastodon":{"url":"https:\/\/pubeurope.com\/@fr\/115556277606433162","error":""},"_links":{"self":[{"href":"https:\/\/www.europesays.com\/fr\/wp-json\/wp\/v2\/posts\/536976","targetHints":{"allow":["GET"]}}],"collection":[{"href":"https:\/\/www.europesays.com\/fr\/wp-json\/wp\/v2\/posts"}],"about":[{"href":"https:\/\/www.europesays.com\/fr\/wp-json\/wp\/v2\/types\/post"}],"author":[{"embeddable":true,"href":"https:\/\/www.europesays.com\/fr\/wp-json\/wp\/v2\/users\/2"}],"replies":[{"embeddable":true,"href":"https:\/\/www.europesays.com\/fr\/wp-json\/wp\/v2\/comments?post=536976"}],"version-history":[{"count":0,"href":"https:\/\/www.europesays.com\/fr\/wp-json\/wp\/v2\/posts\/536976\/revisions"}],"wp:featuredmedia":[{"embeddable":true,"href":"https:\/\/www.europesays.com\/fr\/wp-json\/wp\/v2\/media\/536977"}],"wp:attachment":[{"href":"https:\/\/www.europesays.com\/fr\/wp-json\/wp\/v2\/media?parent=536976"}],"wp:term":[{"taxonomy":"category","embeddable":true,"href":"https:\/\/www.europesays.com\/fr\/wp-json\/wp\/v2\/categories?post=536976"},{"taxonomy":"post_tag","embeddable":true,"href":"https:\/\/www.europesays.com\/fr\/wp-json\/wp\/v2\/tags?post=536976"}],"curies":[{"name":"wp","href":"https:\/\/api.w.org\/{rel}","templated":true}]}}