{"id":536983,"date":"2025-11-15T23:24:10","date_gmt":"2025-11-15T23:24:10","guid":{"rendered":"https:\/\/www.europesays.com\/fr\/536983\/"},"modified":"2025-11-15T23:24:10","modified_gmt":"2025-11-15T23:24:10","slug":"apres-un-debut-de-saison-catastrophique-chaumont-lemporte-enfin-contre-nice-le-plessis-robinson-et-poitiers-assurent-lequipe","status":"publish","type":"post","link":"https:\/\/www.europesays.com\/fr\/536983\/","title":{"rendered":"Apr\u00e8s un d\u00e9but de saison catastrophique, Chaumont l&#039;emporte enfin contre Nice, Le Plessis-Robinson et Poitiers assurent &#8211; L&#039;\u00c9quipe"},"content":{"rendered":"<ol>\n<li><a href=\"https:\/\/news.google.com\/rss\/articles\/CBMi-AFBVV95cUxPSU41a2FsX2RVRWZMV1VPVUhteDUyaTFlUnlOREY5Vm51NGxRQ0xQcGpqSkFqOS1zWDNxR1FvZ2xTSnlvdXduZjlBenpMeVJDMHNLc2piNGVLS3daMnJfUlBPUjZWbDM2U3FSamxDMDAtcGJBeWZ2a1E5NF9aTjctdUFGdTFYM1hnbjI3RjNzaXV6eTdpVm5EeXdpeTF3VWo4MUZfckhacndZbTd6UDBtSTZwVGtMb3RWZzJxRzIzVnczV19TbjZuMUtkZ3ctaTVlOHhURHFHeTZON3J0X1lIVjVXbU9mZjlPUXlrQm9XdEhudFpPRjU5LQ?oc=5\" target=\"_blank\" rel=\"nofollow noopener\">Apr\u00e8s un d\u00e9but de saison catastrophique, Chaumont l&#8217;emporte enfin contre Nice, Le Plessis-Robinson et Poitiers assurent<\/a>&nbsp;&nbsp;L&rsquo;\u00c9quipe<\/li>\n<li><a href=\"https:\/\/news.google.com\/rss\/articles\/CBMiU0FVX3lxTE9XVnFHcVkyczJXLVdMZ0M3QzdScDJGZWxqcElaNkxFWVJ4WnlVMTUxLVJmVVIxNF9jekw5Mi1RaThTV0llQ25aT05JUkUwVTItUmU4?oc=5\" target=\"_blank\" rel=\"nofollow noopener\">Marmara Spikeligue : la patience a ses limites pour le CVB<\/a>&nbsp;&nbsp;JHM<\/li>\n<li><a href=\"https:\/\/news.google.com\/rss\/articles\/CBMijwJBVV95cUxPVE1ueEU0MFRRUVlDVXV0ci05UlpoV3pOREU3b1JOaVVtbjdxNzY3dUExd19NeEpreWpReGNKUVNYR3JaYWV2bU5ZM19jS2NLWmt1VXh6dVhWSmhjMzRZLTNINEVZNnc5eXVjT3hNMmwxNnh5enA1Z1JnY1FjcXZCd0h3R1E3OV9rd3kyU3R6dDc1dDlDTXdLNnZoVTNvaWpMdmVXTDZNUGp6dlkwbjdUdzlZblRCcHF6MVBfUkhKWWpXQXAzTDV4LWR1bTVGZkVabWxFUFZYX1NDSS1JZTNITUktbXYzVVZEYjJQMTZUOGxrNUpHT3lWT25KQURiakh4QXhKTU0tcW9iQUNXWHFV?oc=5\" target=\"_blank\" rel=\"nofollow noopener\">Que se passe-t-il \u00e0 Chaumont, place forte du volley fran\u00e7ais qui n&rsquo;a toujours pas remport\u00e9 un match cette saison ? \u00ab C&rsquo;est la premi\u00e8re fois que cela nous arrive \u00bb<\/a>&nbsp;&nbsp;L&rsquo;\u00c9quipe<\/li>\n<li><a href=\"https:\/\/news.google.com\/rss\/articles\/CBMilAFBVV95cUxPcDREZEJ5WUR4Wm5sZlBndFUwYXhha094U3UyVXRzQ3dtM1RlSm1aNUo5TEdWZVFrU0JUYy1USjl3anJDNkxMWmZxdHFxNUFuWUFfOUIzVG44dVpTaFcxWVIwVGNaMG4yaUx4YUhWMkNHMlZoSVZ2U08xcDVIRG1JWmRDNzlPRFVCcVE1ZFFqTjdsZnBK?oc=5\" target=\"_blank\" rel=\"nofollow noopener\">Le CVB s\u2019incline encore mais empoche son premier point (3-2)<\/a>&nbsp;&nbsp;La Voix de la Haute-Marne<\/li>\n<li><a href=\"https:\/\/news.google.com\/rss\/articles\/CBMifEFVX3lxTE15c25fWlBLLUNIVF9OQm5JT09lT2djcUlQbG1EZGdSYXRTUm9YU041UWdIRlJtU1pxbkkwOU0wMm1tZ0dtYWY3b0twYkkwN2ZJVVRRZmtQZy05eEZzZlJlWGp0WWRPb0FOUlU0VmliNXJIcE5jTHRGM0hHMjY?oc=5\" target=\"_blank\" rel=\"nofollow noopener\">Volley : le NVB s\u2019est inclin\u00e9 \u00e0 Chaumont<\/a>&nbsp;&nbsp;Nice Premium<\/li>\n<\/ol>\n","protected":false},"excerpt":{"rendered":"Apr\u00e8s un d\u00e9but de saison catastrophique, Chaumont l&#8217;emporte enfin contre Nice, Le Plessis-Robinson et Poitiers assurent&nbsp;&nbsp;L&rsquo;\u00c9quipe Marmara Spikeligue&hellip;\n","protected":false},"author":2,"featured_media":395849,"comment_status":"","ping_status":"","sticky":false,"template":"","format":"standard","meta":{"footnotes":""},"categories":[1417],"tags":[1011,27,60,1470,1469],"class_list":{"0":"post-536983","1":"post","2":"type-post","3":"status-publish","4":"format-standard","5":"has-post-thumbnail","7":"category-volley","8":"tag-fr","9":"tag-france","10":"tag-sports","11":"tag-volley","12":"tag-volleyball"},"share_on_mastodon":{"url":"https:\/\/pubeurope.com\/@fr\/115556297498941144","error":""},"_links":{"self":[{"href":"https:\/\/www.europesays.com\/fr\/wp-json\/wp\/v2\/posts\/536983","targetHints":{"allow":["GET"]}}],"collection":[{"href":"https:\/\/www.europesays.com\/fr\/wp-json\/wp\/v2\/posts"}],"about":[{"href":"https:\/\/www.europesays.com\/fr\/wp-json\/wp\/v2\/types\/post"}],"author":[{"embeddable":true,"href":"https:\/\/www.europesays.com\/fr\/wp-json\/wp\/v2\/users\/2"}],"replies":[{"embeddable":true,"href":"https:\/\/www.europesays.com\/fr\/wp-json\/wp\/v2\/comments?post=536983"}],"version-history":[{"count":0,"href":"https:\/\/www.europesays.com\/fr\/wp-json\/wp\/v2\/posts\/536983\/revisions"}],"wp:featuredmedia":[{"embeddable":true,"href":"https:\/\/www.europesays.com\/fr\/wp-json\/wp\/v2\/media\/395849"}],"wp:attachment":[{"href":"https:\/\/www.europesays.com\/fr\/wp-json\/wp\/v2\/media?parent=536983"}],"wp:term":[{"taxonomy":"category","embeddable":true,"href":"https:\/\/www.europesays.com\/fr\/wp-json\/wp\/v2\/categories?post=536983"},{"taxonomy":"post_tag","embeddable":true,"href":"https:\/\/www.europesays.com\/fr\/wp-json\/wp\/v2\/tags?post=536983"}],"curies":[{"name":"wp","href":"https:\/\/api.w.org\/{rel}","templated":true}]}}