{"id":536984,"date":"2025-11-15T23:25:19","date_gmt":"2025-11-15T23:25:19","guid":{"rendered":"https:\/\/www.europesays.com\/fr\/536984\/"},"modified":"2025-11-15T23:25:19","modified_gmt":"2025-11-15T23:25:19","slug":"rugby-le-plaquage-surrealiste-de-maxime-lucu-avec-le-xv-de-france","status":"publish","type":"post","link":"https:\/\/www.europesays.com\/fr\/536984\/","title":{"rendered":"Rugby | Le plaquage surr\u00e9aliste de Maxime Lucu avec le XV de France"},"content":{"rendered":"<p><a href=\"https:\/\/shop.fflose.com\/?utm_source=fflose.com&amp;utm_medium=articles&amp;utm_campaign=banner_nouveau_shop\" target=\"_blank\" rel=\"nofollow noopener\"><br \/>\n  <img decoding=\"async\" src=\"https:\/\/www.europesays.com\/fr\/wp-content\/uploads\/2025\/11\/55b7e63f-banniere-nouveau-shop-ffl.png\"\/><br \/>\n<\/a><\/p>\n<p><strong>Lors du match entre le XV de France et les Fidji, un homme est sorti du lot : Maxime Lucu. On vous laisse d\u00e9couvrir pour quelle raison.<\/strong><\/p>\n<p>Maxime Lucu ou le plaquage de la mousse de protection<\/p>\n<p>C\u2019est LE geste de ce match. On ne veut rien savoir. Parfois, rien qu\u2019en voyant une seule fois une action, on comprend qu\u2019elle vient d\u2019entrer dans la post\u00e9rit\u00e9. Et le plaquage de Maxime Lucu face aux Fidji est d\u00e9finitivement de cet acabit. Tandis que le XV de France m\u00e8ne 21-0 peu avant la demi-heure de jeu, Ravouvou s\u2019extirpe de la d\u00e9fense tricolore et s\u2019en va \u00e0 l\u2019essai. Mais le Fidjien sous-estime le retour d\u00e9fensif tambour battant de Maxime Lucu. En effet, le demi de m\u00eal\u00e9e fran\u00e7ais ne veut pas se r\u00e9signer, et tente un retour inesp\u00e9r\u00e9. Le Fidjien parvient tout de m\u00eame \u00e0 aplatir, mais pris dans son \u00e9lan, le joueur de l\u2019UBB ne fait pas gaffe et s\u2019empale contre le poteau des perches. Heureusement pour lui, une mousse de protection se trouvait l\u00e0, mais l\u2019arr\u00eat buffet qu\u2019il nous offre en live est de toute beaut\u00e9. \u00c0 visionner sans mod\u00e9ration.<\/p>\n<blockquote class=\"twitter-tweet\">\n<p dir=\"ltr\" lang=\"fr\">\ud83c\uddeb\ud83c\uddf7 France 21 \u2013 7 Fidji \ud83c\uddeb\ud83c\uddef<\/p>\n<p>Essai de Ravouvou pour les Fidji transform\u00e9 par Kuruvoli.<\/p>\n<p>Le match en direct sur TF1 &amp; <a href=\"https:\/\/twitter.com\/tf1plus?ref_src=twsrc%5Etfw\" rel=\"nofollow noopener\" target=\"_blank\">@tf1plus<\/a> ici : <a href=\"https:\/\/t.co\/weZlNONisN\" rel=\"nofollow\">https:\/\/t.co\/weZlNONisN<\/a> <a href=\"https:\/\/t.co\/0WjmimFk4d\" rel=\"nofollow\">pic.twitter.com\/0WjmimFk4d<\/a><\/p>\n<p>\u2014 TF1 (@TF1) <a href=\"https:\/\/twitter.com\/TF1\/status\/1989797299896143909?ref_src=twsrc%5Etfw\" rel=\"nofollow noopener\" target=\"_blank\">November 15, 2025<\/a><\/p>\n<\/blockquote>\n<p>Il le sait d\u00e9j\u00e0 \u00e0 ce moment pr\u00e9cis ; il vient de fracasser la porte d\u2019entr\u00e9e de la post\u00e9rit\u00e9.<\/p>\n<blockquote class=\"twitter-tweet\">\n<p dir=\"ltr\" lang=\"fr\">A la d\u00e9charge de Maxime Lucu, les protections de poteaux ressemblent terriblement aux boucliers de placage.<\/p>\n<p>\u2014 Boucherie Ovalie (@BoucherieOvalie) <a href=\"https:\/\/twitter.com\/BoucherieOvalie\/status\/1989796684382310602?ref_src=twsrc%5Etfw\" rel=\"nofollow noopener\" target=\"_blank\">November 15, 2025<\/a><\/p>\n<\/blockquote>\n<p>                         <a href=\"https:\/\/fflose.com\/author\/tomgaleron\/\" class=\"url\" title=\"Tom\" rel=\"nofollow noopener\" target=\"_blank\"> <img loading=\"lazy\" decoding=\"async\" alt=\"Tom\" src=\"https:\/\/www.europesays.com\/fr\/wp-content\/uploads\/2025\/11\/1763249119_463_fa539669b9b6c266044bdafc0534c1c7e71784259f6e9e9e6fab2d5d73302c49\"  class=\"avatar avatar-250 photo\" height=\"250\" width=\"250\"\/><\/a> <\/p>\n<p>Natif de Marseille, autant vous dire qu&rsquo;il est pr\u00e9f\u00e9rable de ne pas me parler de football en ce moment. Merci pour votre compr\u00e9hension.<\/p>\n<p> <a href=\"https:\/\/fflose.com\/author\/tomgaleron\/\" class=\"url\" title=\"Tom\" rel=\"nofollow noopener\" target=\"_blank\"><img loading=\"lazy\" decoding=\"async\" alt=\"Tom\" src=\"https:\/\/www.europesays.com\/fr\/wp-content\/uploads\/2025\/11\/1763249119_463_fa539669b9b6c266044bdafc0534c1c7e71784259f6e9e9e6fab2d5d73302c49\"  class=\"avatar avatar-250 photo\" height=\"250\" width=\"250\"\/><\/a>  <\/p>\n<p><script async src=\"https:\/\/platform.twitter.com\/widgets.js\" charset=\"utf-8\"><\/script><\/p>\n","protected":false},"excerpt":{"rendered":"Lors du match entre le XV de France et les Fidji, un homme est sorti du lot :&hellip;\n","protected":false},"author":2,"featured_media":536985,"comment_status":"","ping_status":"","sticky":false,"template":"","format":"standard","meta":{"footnotes":""},"categories":[1416],"tags":[1011,27,479,1468,60],"class_list":{"0":"post-536984","1":"post","2":"type-post","3":"status-publish","4":"format-standard","5":"has-post-thumbnail","7":"category-rugby","8":"tag-fr","9":"tag-france","10":"tag-rugby","11":"tag-rugby-football","12":"tag-sports"},"share_on_mastodon":{"url":"https:\/\/pubeurope.com\/@fr\/115556302344985432","error":""},"_links":{"self":[{"href":"https:\/\/www.europesays.com\/fr\/wp-json\/wp\/v2\/posts\/536984","targetHints":{"allow":["GET"]}}],"collection":[{"href":"https:\/\/www.europesays.com\/fr\/wp-json\/wp\/v2\/posts"}],"about":[{"href":"https:\/\/www.europesays.com\/fr\/wp-json\/wp\/v2\/types\/post"}],"author":[{"embeddable":true,"href":"https:\/\/www.europesays.com\/fr\/wp-json\/wp\/v2\/users\/2"}],"replies":[{"embeddable":true,"href":"https:\/\/www.europesays.com\/fr\/wp-json\/wp\/v2\/comments?post=536984"}],"version-history":[{"count":0,"href":"https:\/\/www.europesays.com\/fr\/wp-json\/wp\/v2\/posts\/536984\/revisions"}],"wp:featuredmedia":[{"embeddable":true,"href":"https:\/\/www.europesays.com\/fr\/wp-json\/wp\/v2\/media\/536985"}],"wp:attachment":[{"href":"https:\/\/www.europesays.com\/fr\/wp-json\/wp\/v2\/media?parent=536984"}],"wp:term":[{"taxonomy":"category","embeddable":true,"href":"https:\/\/www.europesays.com\/fr\/wp-json\/wp\/v2\/categories?post=536984"},{"taxonomy":"post_tag","embeddable":true,"href":"https:\/\/www.europesays.com\/fr\/wp-json\/wp\/v2\/tags?post=536984"}],"curies":[{"name":"wp","href":"https:\/\/api.w.org\/{rel}","templated":true}]}}