{"id":536986,"date":"2025-11-15T23:26:14","date_gmt":"2025-11-15T23:26:14","guid":{"rendered":"https:\/\/www.europesays.com\/fr\/536986\/"},"modified":"2025-11-15T23:26:14","modified_gmt":"2025-11-15T23:26:14","slug":"atp-finals-sinner-je-me-sens-bien-en-indoor-sports","status":"publish","type":"post","link":"https:\/\/www.europesays.com\/fr\/536986\/","title":{"rendered":"ATP Finals &#8211; Sinner : \u00ab Je me sens bien en indoor \u00bb : Sports"},"content":{"rendered":"<p class=\"date\">\n                                                            Thibaut Simon, Media365 : publi\u00e9 le samedi 15 novembre 2025 \u00e0 20h25\n                                                    <\/p>\n<p>Jannik Sinner s&rsquo;est qualifi\u00e9 pour la troisi\u00e8me ann\u00e9e cons\u00e9cutive en finale des ATP Finals. Il tentera de r\u00e9aliser le doubl\u00e9 contre Carlos Alcaraz ou F\u00e9lix Auger-Aliassime.<\/p>\n<p>Impressionnant d&rsquo;efficacit\u00e9, Jannik Sinner a facilement domin\u00e9 ce samedi Alex De Minaur en demi-finale des ATP Finals \u00e0 Turin. Devant son public, l&rsquo;Italien a \u00e9t\u00e9 bouscul\u00e9 dans le premier set (7-5) avant de d\u00e9rouler dans le deuxi\u00e8me (6-2), sauvant quatre balles de break sur les quatre conc\u00e9d\u00e9es dans la rencontre. Tr\u00e8s agressif durant le match &#8211; De Minaur a conc\u00e9d\u00e9 13 balles de break &#8211; Sinner continue d&rsquo;affoler les statistiques. <a href=\"https:\/\/sports.orange.fr\/tennis\/atp\/article\/atp-finals-sinner-ecarte-de-minaur-et-s-offre-une-troisieme-finale-consecutive-CNT000002lJLMy.html\" rel=\"nofollow noopener\" target=\"_blank\">Pour la troisi\u00e8me ann\u00e9e cons\u00e9cutive, il sera donc au rendez-vous des finales du Masters de fin d&rsquo;ann\u00e9e<\/a>. Battu en 2023 par Novak Djokovic, l&rsquo;Italien s&rsquo;est offert le titre l&rsquo;an pass\u00e9 face \u00e0 Taylor Fritz et tentera un doubl\u00e9 cette saison pour cl\u00f4turer une magnifique saison 2025.<\/p>\n<p>Au-del\u00e0 de son succ\u00e8s face \u00e0 De Minaur, le num\u00e9ro deux mondial vient d&rsquo;\u00e9galer un record d\u00e9tenu par Ilie Nastase, quadruple vainqueur de l&rsquo;\u00e9preuve (1971, 1972, 1973 et 1975). En effet, son succ\u00e8s contre l&rsquo;Australien en demie &#8211; Sinner a battu pour la 13e fois de suite De Minaur &#8211; lui permet d&rsquo;afficher un bilan de 14-2 en trois participations et un taux de victoires de 88 %. Sa derni\u00e8re d\u00e9faite date de la finale 2023 face au Serbe Djokovic, <a href=\"https:\/\/sports.orange.fr\/tennis\/atp\/article\/atp-finals-djokovic-officialise-son-forfait-et-cede-sa-place-a-musetti-CNT000002lDjpo.html\" rel=\"nofollow noopener\" target=\"_blank\">absent cette saison<\/a>.<\/p>\n<p>Sinner performant sur cette surface<\/p>\n<p>F\u00e9lix Auger-Aliassime ou Carlos Alcaraz &#8211; les deux joueurs s&rsquo;affrontent ce samedi dans la deuxi\u00e8me finale &#8211; le futur adversaire de Jannik Sinner devra redoubler d&rsquo;efforts pour s&rsquo;imposer. Face \u00e0 un joueur tr\u00e8s \u00e0 l&rsquo;aise et invaincu sur cette \u00e9dition 2025 des ATP Finals, le niveau d&rsquo;exigence sera \u00e9lev\u00e9. Sinner, lui, profitera de la surface pour tenter de d\u00e9crocher un nouveau sacre. \u00ab En indoor, d\u00e9j\u00e0, je n&rsquo;ai pas \u00e0 me soucier du vent, du soleil ou de plein d&rsquo;autres choses. Je me sens bien en indoor. Et \u00e7a va bien avec mon jeu parce que je frappe plut\u00f4t \u00e0 plat et que je joue \u00e0 un rythme \u00e9lev\u00e9. Je suis en confiance pour tenter des coups, pour changer de direction. Le tennis indoor, c&rsquo;est confortable pour moi. \u00bb Confiant, Sinner a conclu son match avec 7 aces (0 double faute) et 84 % de points derri\u00e8re sa premi\u00e8re balle face \u00e0 De Minaur. Tr\u00e8s r\u00e9gulier au service, l&rsquo;Italien l&rsquo;est aussi au service. Pr\u00eat, Sinner a fait le plein de confiance avant sa finale.<\/p>\n","protected":false},"excerpt":{"rendered":"Thibaut Simon, Media365 : publi\u00e9 le samedi 15 novembre 2025 \u00e0 20h25 Jannik Sinner s&rsquo;est qualifi\u00e9 pour la&hellip;\n","protected":false},"author":2,"featured_media":536987,"comment_status":"","ping_status":"","sticky":false,"template":"","format":"standard","meta":{"footnotes":""},"categories":[1415],"tags":[1011,27,60,1467],"class_list":{"0":"post-536986","1":"post","2":"type-post","3":"status-publish","4":"format-standard","5":"has-post-thumbnail","7":"category-tennis","8":"tag-fr","9":"tag-france","10":"tag-sports","11":"tag-tennis"},"share_on_mastodon":{"url":"https:\/\/pubeurope.com\/@fr\/115556304981781325","error":""},"_links":{"self":[{"href":"https:\/\/www.europesays.com\/fr\/wp-json\/wp\/v2\/posts\/536986","targetHints":{"allow":["GET"]}}],"collection":[{"href":"https:\/\/www.europesays.com\/fr\/wp-json\/wp\/v2\/posts"}],"about":[{"href":"https:\/\/www.europesays.com\/fr\/wp-json\/wp\/v2\/types\/post"}],"author":[{"embeddable":true,"href":"https:\/\/www.europesays.com\/fr\/wp-json\/wp\/v2\/users\/2"}],"replies":[{"embeddable":true,"href":"https:\/\/www.europesays.com\/fr\/wp-json\/wp\/v2\/comments?post=536986"}],"version-history":[{"count":0,"href":"https:\/\/www.europesays.com\/fr\/wp-json\/wp\/v2\/posts\/536986\/revisions"}],"wp:featuredmedia":[{"embeddable":true,"href":"https:\/\/www.europesays.com\/fr\/wp-json\/wp\/v2\/media\/536987"}],"wp:attachment":[{"href":"https:\/\/www.europesays.com\/fr\/wp-json\/wp\/v2\/media?parent=536986"}],"wp:term":[{"taxonomy":"category","embeddable":true,"href":"https:\/\/www.europesays.com\/fr\/wp-json\/wp\/v2\/categories?post=536986"},{"taxonomy":"post_tag","embeddable":true,"href":"https:\/\/www.europesays.com\/fr\/wp-json\/wp\/v2\/tags?post=536986"}],"curies":[{"name":"wp","href":"https:\/\/api.w.org\/{rel}","templated":true}]}}