{"id":536988,"date":"2025-11-15T23:30:27","date_gmt":"2025-11-15T23:30:27","guid":{"rendered":"https:\/\/www.europesays.com\/fr\/536988\/"},"modified":"2025-11-15T23:30:27","modified_gmt":"2025-11-15T23:30:27","slug":"remi-lelandais-signe-dans-une-conti-federale-actualite","status":"publish","type":"post","link":"https:\/\/www.europesays.com\/fr\/536988\/","title":{"rendered":"R\u00e9mi Lelandais signe dans une Conti F\u00e9d\u00e9rale &#8211; Actualit\u00e9"},"content":{"rendered":"<p>Apr\u00e8s deux ann\u00e9es dans la Conti d\u2019Ark\u00e9a-B&amp;B H\u00f4tels, R\u00e9mi Lelandais a trouv\u00e9 une nouvelle \u00e9quipe pour la saison 2026. Il s\u2019est engag\u00e9 avec la Conti F\u00e9d\u00e9rale de Bourg-en-Bresse Ain Cyclisme.<\/p>\n<p>L\u2019Aindinois a remport\u00e9 cette ann\u00e9e sur la route le prologue par \u00e9quipes du Tour Alsace, en compagnie d\u2019Emmanuel Houcou et Lucas Janssen. Il s\u2019est aussi class\u00e9 13e d\u2019une \u00e9tape du Circuit des Ardennes (2.2) et 16e d\u2019une \u00e9tape du Tour d&rsquo;Eure-et-Loir.<\/p>\n<p>Le coureur de 23 ans est aussi connu pour \u00eatre un sp\u00e9cialiste de cyclo-cross. En ce d\u00e9but de saison, R\u00e9mi Lelandais a pris la 4e place le second jour lors de la Coupe de France \u00e0 Albi.<\/p>\n<p>Retrouvez toutes les mutations de l&rsquo;intersaison\u00a0<strong><a href=\"https:\/\/www.directvelo.com\/mutations\/2026\" target=\"_blank\" rel=\"noopener\">en cliquant ici<\/a><\/strong>.\u00a0<\/p>\n","protected":false},"excerpt":{"rendered":"Apr\u00e8s deux ann\u00e9es dans la Conti d\u2019Ark\u00e9a-B&amp;B H\u00f4tels, R\u00e9mi Lelandais a trouv\u00e9 une nouvelle \u00e9quipe pour la saison&hellip;\n","protected":false},"author":2,"featured_media":536989,"comment_status":"","ping_status":"","sticky":false,"template":"","format":"standard","meta":{"footnotes":""},"categories":[1411],"tags":[834,828,836,829,837,827,83,826,824,823,1154,207,814,817,815,816,822,821,832,211,839,1011,27,820,818,819,835,831,830,833,838,60,212,208,825],"class_list":{"0":"post-536988","1":"post","2":"type-post","3":"status-publish","4":"format-standard","5":"has-post-thumbnail","7":"category-cyclisme","8":"tag-attaque","9":"tag-belgique","10":"tag-braquet","11":"tag-bretagne","12":"tag-chute","13":"tag-competition","14":"tag-coupe-de-france","15":"tag-coureur","16":"tag-course-cyclisme","17":"tag-course-cycliste","18":"tag-cycling","19":"tag-cyclisme","20":"tag-direct","21":"tag-direct-velo","22":"tag-directvelo","23":"tag-directvelo-com","24":"tag-epreuve","25":"tag-epreuve-cycliste","26":"tag-federation-francaise-de-cyclisme","27":"tag-ffc","28":"tag-flandres","29":"tag-fr","30":"tag-france","31":"tag-live","32":"tag-live-course","33":"tag-live-epreuve","34":"tag-peloton","35":"tag-radio-peloton","36":"tag-radio-tour","37":"tag-ravitaillement","38":"tag-relance","39":"tag-sports","40":"tag-uci","41":"tag-velo","42":"tag-velos"},"share_on_mastodon":{"url":"https:\/\/pubeurope.com\/@fr\/115556321086123029","error":""},"_links":{"self":[{"href":"https:\/\/www.europesays.com\/fr\/wp-json\/wp\/v2\/posts\/536988","targetHints":{"allow":["GET"]}}],"collection":[{"href":"https:\/\/www.europesays.com\/fr\/wp-json\/wp\/v2\/posts"}],"about":[{"href":"https:\/\/www.europesays.com\/fr\/wp-json\/wp\/v2\/types\/post"}],"author":[{"embeddable":true,"href":"https:\/\/www.europesays.com\/fr\/wp-json\/wp\/v2\/users\/2"}],"replies":[{"embeddable":true,"href":"https:\/\/www.europesays.com\/fr\/wp-json\/wp\/v2\/comments?post=536988"}],"version-history":[{"count":0,"href":"https:\/\/www.europesays.com\/fr\/wp-json\/wp\/v2\/posts\/536988\/revisions"}],"wp:featuredmedia":[{"embeddable":true,"href":"https:\/\/www.europesays.com\/fr\/wp-json\/wp\/v2\/media\/536989"}],"wp:attachment":[{"href":"https:\/\/www.europesays.com\/fr\/wp-json\/wp\/v2\/media?parent=536988"}],"wp:term":[{"taxonomy":"category","embeddable":true,"href":"https:\/\/www.europesays.com\/fr\/wp-json\/wp\/v2\/categories?post=536988"},{"taxonomy":"post_tag","embeddable":true,"href":"https:\/\/www.europesays.com\/fr\/wp-json\/wp\/v2\/tags?post=536988"}],"curies":[{"name":"wp","href":"https:\/\/api.w.org\/{rel}","templated":true}]}}