{"id":536994,"date":"2025-11-15T23:33:11","date_gmt":"2025-11-15T23:33:11","guid":{"rendered":"https:\/\/www.europesays.com\/fr\/536994\/"},"modified":"2025-11-15T23:33:11","modified_gmt":"2025-11-15T23:33:11","slug":"des-annees-80-a-2026-comment-la-deco-passe-du-choc-graphique-a-lapaisement-lumineux-et-durable-2","status":"publish","type":"post","link":"https:\/\/www.europesays.com\/fr\/536994\/","title":{"rendered":"Des ann\u00e9es 80 \u00e0 2026 : comment la d\u00e9co passe du choc graphique \u00e0 l&rsquo;apaisement lumineux et durable"},"content":{"rendered":"<p itemprop=\"description\">Des couleurs vives aux lignes graphiques,<br \/>\nla d\u00e9co des ann\u00e9es 80 a marqu\u00e9 les esprits. Aujourd&rsquo;hui, elle<br \/>\nrevient avec une touche de modernit\u00e9 et de durabilit\u00e9.<\/p>\n<p>Couleurs vives, lignes graphiques, touches m\u00e9talliques. La<br \/>\n<strong>d\u00e9co ann\u00e9es 80<\/strong> a impos\u00e9 une \u00e9nergie que l\u2019on<br \/>\nreconna\u00eet au premier coup d\u2019\u0153il. Du salon \u00e0 la cuisine, elle a<br \/>\npopularis\u00e9 les motifs audacieux et une attitude festive. De<br \/>\nl\u2019esprit <strong>Memphis<\/strong> \u00e0 l\u2019esth\u00e9tique<br \/>\n<strong>fluo<\/strong>, ces codes continuent d\u2019inspirer, mais ils ne<br \/>\nreviennent pas tels quels.<\/p>\n<p>De 2025 \u00e0 2026, un autre cap se dessine : lumi\u00e8re, durabilit\u00e9 et<br \/>\npi\u00e8ces de caract\u00e8re, souvent chin\u00e9es, m\u00e8nent la danse. Certains<br \/>\nstandards s\u2019essoufflent, d\u2019autres renaissent sous un jour plus<br \/>\ndoux. La bascule intrigue.<\/p>\n<p>D\u00e9co ann\u00e9es 80, du choc graphique au besoin d\u2019apaisement<\/p>\n<p>La d\u00e9cennie a mis en sc\u00e8ne les effets de f\u00eate, du n\u00e9on aux<br \/>\nboules \u00e0 facettes, avec une g\u00e9om\u00e9trie pop omnipr\u00e9sente. Tout n\u2019a<br \/>\npas bien vieilli pour autant. Surabondance d\u2019objets sur la table<br \/>\nbasse, ensembles de meubles tout assortis et plantes artificielles<br \/>\ntrop visibles sont r\u00e9guli\u00e8rement point\u00e9s comme h\u00e9ritages dat\u00e9s des<br \/>\nann\u00e9es 80, loin de l\u2019id\u00e9e d\u2019un int\u00e9rieur fluide et lisible.<\/p>\n<p>Au fil des ann\u00e9es, les int\u00e9rieurs se sont apais\u00e9s. Les ambiances<br \/>\nneutres ont prosp\u00e9r\u00e9 et le style boh\u00e8me s\u2019est standardis\u00e9. En 2025,<br \/>\nle <strong>tapis berb\u00e8re<\/strong> \u00e0 losanges incarne cette<br \/>\nuniformisation, d\u00e9crite comme une d\u00e9co r\u00e9p\u00e9t\u00e9e \u00e0 l\u2019infini.<br \/>\nR\u00e9sultat, les salons se ressemblent, d\u2019o\u00f9 l\u2019envie d\u2019une nouvelle<br \/>\n\u00e9tape plus singuli\u00e8re, mais mesur\u00e9e.<\/p>\n<p>Ce qui s\u2019essouffle en 2025 \u00e0 2026 et ce qui revient<\/p>\n<p>Les <strong>montants noirs<\/strong> des fen\u00eatres fatiguent<br \/>\nl\u2019\u0153il. Les architectes recommandent des encadrements en<br \/>\n<strong>aluminium clair<\/strong> ou en bois naturel pour laisser<br \/>\nmieux circuler la lumi\u00e8re. Montants affin\u00e9s, poign\u00e9es fines,<br \/>\nvoilages l\u00e9gers et plantes pr\u00e8s des fen\u00eatres renforcent cet effet,<br \/>\ntout en cr\u00e9ant une continuit\u00e9 visuelle apaisante vers l\u2019ext\u00e9rieur.<br \/>\nLa maison para\u00eet plus vaste et plus douce.<\/p>\n<p>Au sol, la page se tourne aussi. Le <strong>tapis<br \/>\nberb\u00e8re<\/strong> c\u00e8de du terrain aux graphismes audacieux, dont le<br \/>\n<strong>damier<\/strong> color\u00e9 ou des formes organiques, en<br \/>\nmati\u00e8res naturelles. C\u00f4t\u00e9 palette, le retour des sixties s\u2019affirme<br \/>\navec orange br\u00fbl\u00e9, jaune moutarde, vert olive ou bleu paon. La<br \/>\nnostalgie se voit aussi au march\u00e9. Une cloche de No\u00ebl ancienne peut<br \/>\nd\u00e9passer 150 euros l\u2019unit\u00e9, un lot bien conserv\u00e9 franchit 400<br \/>\neuros. Et le mobilier <strong>IKEA<\/strong> vintage s\u2019envole, avec<br \/>\nl\u2019\u00e9tag\u00e8re GUIDE de 1985 pass\u00e9e de 65 euros \u00e0 1629 euros, la<br \/>\nsuspension Duett de 1983 atteignant 250 euros, ou le fauteuil<br \/>\nImpala de 1972 jusqu\u2019\u00e0 2300 euros.<\/p>\n<p>Adopter l\u2019esprit 80s aujourd\u2019hui sans<br \/>\nfausse note<\/p>\n<p>Le secret tient au dosage. Un motif fort par zone, puis des<br \/>\nmati\u00e8res qui calment. Un tapis \u00e0 <strong>damier<\/strong> ou un<br \/>\ngraphisme seventies gagne en \u00e9l\u00e9gance mari\u00e9 \u00e0 du bois clair, du<br \/>\nvelours ou du verre fum\u00e9. \u00c9vitez les plantes synth\u00e9tiques trop<br \/>\nvoyantes. All\u00e9gez les encadrements de fen\u00eatres pour maximiser la<br \/>\nlumi\u00e8re. Cette grammaire associe l\u2019attitude 80s avec un confort<br \/>\ncontemporain, sans pastiche.<\/p>\n<p>Enfin, place aux pi\u00e8ces \u00e0 histoire, souvent l\u2019indispenssable<br \/>\nd\u00e9clic. Une trouvaille en brocante, un luminaire scandinave des<br \/>\nann\u00e9es 80 sign\u00e9 <strong>IKEA<\/strong>, une cloche ancienne pour<br \/>\nNo\u00ebl, suffisent \u00e0 signer une pi\u00e8ce. Cette d\u00e9marche rejoint la slow<br \/>\nd\u00e9coration, qui valorise des objets durables, parfois imparfaits<br \/>\nmais uniques. Entre h\u00e9ritage et simplicit\u00e9 lumineuse, l\u2019int\u00e9rieur<br \/>\ngagne en personnalit\u00e9 et en s\u00e9r\u00e9nit\u00e9.<\/p>\n","protected":false},"excerpt":{"rendered":"Des couleurs vives aux lignes graphiques, la d\u00e9co des ann\u00e9es 80 a marqu\u00e9 les esprits. Aujourd&rsquo;hui, elle revient&hellip;\n","protected":false},"author":2,"featured_media":536883,"comment_status":"","ping_status":"","sticky":false,"template":"","format":"standard","meta":{"footnotes":""},"categories":[1358],"tags":[21999,1348,1384,1385,4397,1386,58,59,56646,1011,27,714,8551],"class_list":{"0":"post-536994","1":"post","2":"type-post","3":"status-publish","4":"format-standard","5":"has-post-thumbnail","7":"category-arts-et-design","8":"tag-aluminium","9":"tag-arts","10":"tag-arts-and-design","11":"tag-arts-et-design","12":"tag-decoration","13":"tag-design","14":"tag-divertissement","15":"tag-entertainment","16":"tag-fenetre","17":"tag-fr","18":"tag-france","19":"tag-ikea","20":"tag-tendance"},"share_on_mastodon":{"url":"https:\/\/pubeurope.com\/@fr\/115556332576284893","error":""},"_links":{"self":[{"href":"https:\/\/www.europesays.com\/fr\/wp-json\/wp\/v2\/posts\/536994","targetHints":{"allow":["GET"]}}],"collection":[{"href":"https:\/\/www.europesays.com\/fr\/wp-json\/wp\/v2\/posts"}],"about":[{"href":"https:\/\/www.europesays.com\/fr\/wp-json\/wp\/v2\/types\/post"}],"author":[{"embeddable":true,"href":"https:\/\/www.europesays.com\/fr\/wp-json\/wp\/v2\/users\/2"}],"replies":[{"embeddable":true,"href":"https:\/\/www.europesays.com\/fr\/wp-json\/wp\/v2\/comments?post=536994"}],"version-history":[{"count":0,"href":"https:\/\/www.europesays.com\/fr\/wp-json\/wp\/v2\/posts\/536994\/revisions"}],"wp:featuredmedia":[{"embeddable":true,"href":"https:\/\/www.europesays.com\/fr\/wp-json\/wp\/v2\/media\/536883"}],"wp:attachment":[{"href":"https:\/\/www.europesays.com\/fr\/wp-json\/wp\/v2\/media?parent=536994"}],"wp:term":[{"taxonomy":"category","embeddable":true,"href":"https:\/\/www.europesays.com\/fr\/wp-json\/wp\/v2\/categories?post=536994"},{"taxonomy":"post_tag","embeddable":true,"href":"https:\/\/www.europesays.com\/fr\/wp-json\/wp\/v2\/tags?post=536994"}],"curies":[{"name":"wp","href":"https:\/\/api.w.org\/{rel}","templated":true}]}}