{"id":536999,"date":"2025-11-15T23:37:27","date_gmt":"2025-11-15T23:37:27","guid":{"rendered":"https:\/\/www.europesays.com\/fr\/536999\/"},"modified":"2025-11-15T23:37:27","modified_gmt":"2025-11-15T23:37:27","slug":"agnieszka-holland-filmer-kafka-raconter-franz","status":"publish","type":"post","link":"https:\/\/www.europesays.com\/fr\/536999\/","title":{"rendered":"Agnieszka Holland, filmer Kafka, raconter Franz"},"content":{"rendered":"<p class=\"PopSlotParagraph qg-tx2 qg-xtra-lh svelte-1r0pyek\">En pr\u00e8s de 50 ans de carri\u00e8re, celle qui se dit cin\u00e9aste europ\u00e9enne, avant d\u2019\u00eatre une cin\u00e9aste polonaise Agnieszka Holland ne s\u2019est jamais soumise \u00e0 la compromission, au profit d\u2019une libert\u00e9 et d\u2019une ind\u00e9pendance sans faille dans la cr\u00e9ation. C\u2019est peut-\u00eatre ce qui la rapproche du personnage de son nouveau long m\u00e9trage, l\u2019\u00e9crivain Franz Kafka, dont elle signe le biopic\u00a0<a href=\"https:\/\/www.youtube.com\/watch?v=10OIerCQ7lA&amp;t=1s\" target=\"_blank\" rel=\"noopener noreferrer nofollow\" class=\"\" data-testid=\"link\">Franz K.<\/a>\u00a0(en salles le 19 novembre) et qui tente de nous immiscer dans l\u2019esprit de cet auteur n\u00e9 en 1883, et mort en 1924, devenu l\u2019un des plus grands \u00e9crivains de l\u2019histoire de la litt\u00e9rature \u00e0 titre posthume. Dans un jeu de puzzle, elle tente de reconstituer l&rsquo;\u00e9nigme qui entoure cet homme, et son \u0153uvre, pour laquelle elle voue une v\u00e9ritable admiration depuis son adolescence.<\/p>\n<p class=\"PopSlotParagraph qg-tx2 qg-xtra-lh svelte-1r0pyek\">Il est l\u2019un des \u00e9crivains europ\u00e9ens les plus cit\u00e9s, son patronyme est devenu un adjectif, convoqu\u00e9, \u00e0 tour de bras pour d\u00e9crire des situations absurdes, Franz Kafka est aussi certainement l\u2019auteur qui a suscit\u00e9 un nombre incalculable d\u2019\u00e9crits, d&rsquo;analyses, de commentaires sur ses \u0153uvres, mais aussi sur sa vie. \u00c9crivain tch\u00e8que de langue allemande, juif n\u00e9 \u00e0 Prague en 1883 \u00e0 l\u2019\u00e9poque de l\u2019Autriche Hongrie, Kafka a marqu\u00e9 cette ville, mais va mourir de la tuberculose \u00e0 41 ans \u00e0 Vienne.<\/p>\n<p class=\"PopSlotParagraph qg-tx2 qg-xtra-lh svelte-1r0pyek\">Deux ans apr\u00e8s son pr\u00e9c\u00e9dent long-m\u00e9trage r\u00e9compens\u00e9 \u00e0 la Mostra de Venise, Green Border, qui lui valut une campagne de haine de la part du Parti nationaliste polonais, pour avoir d\u00e9peint la situation inhumaine des migrants \u00e0 la fronti\u00e8re entre la Bi\u00e9lorussie et la Pologne, elle s\u2019immisce cette fois dans l\u2019esprit tortur\u00e9, avant-garde et po\u00e9tique de Franz Kafka, pour mieux r\u00e9\u00e9crire le mythe, et peut-\u00eatre tenter d\u2019\u00e9clairer notre pr\u00e9sent. Ou quand l&rsquo;une des plus grandes cin\u00e9astes europ\u00e9ennes s&rsquo;attaque \u00e0 l&rsquo;un des plus grands \u00e9crivains europ\u00e9ens.<\/p>\n<ul>\n<li><a href=\"https:\/\/www.youtube.com\/watch?v=10OIerCQ7lA\" target=\"_blank\" rel=\"noopener noreferrer nofollow\" class=\"\" data-testid=\"link\">Franz K.<\/a>\u00a0de Agnieszka Holland, avec Idan Weiss, Katharina Stark, Peter Kurth &#8230; en salles le 19 novembre<\/li>\n<\/ul>\n","protected":false},"excerpt":{"rendered":"En pr\u00e8s de 50 ans de carri\u00e8re, celle qui se dit cin\u00e9aste europ\u00e9enne, avant d\u2019\u00eatre une cin\u00e9aste polonaise&hellip;\n","protected":false},"author":2,"featured_media":537000,"comment_status":"","ping_status":"","sticky":false,"template":"","format":"standard","meta":{"footnotes":""},"categories":[1354],"tags":[58,59,1346,1011,27,1360],"class_list":{"0":"post-536999","1":"post","2":"type-post","3":"status-publish","4":"format-standard","5":"has-post-thumbnail","7":"category-films","8":"tag-divertissement","9":"tag-entertainment","10":"tag-films","11":"tag-fr","12":"tag-france","13":"tag-movies"},"share_on_mastodon":{"url":"https:\/\/pubeurope.com\/@fr\/115556348351123167","error":""},"_links":{"self":[{"href":"https:\/\/www.europesays.com\/fr\/wp-json\/wp\/v2\/posts\/536999","targetHints":{"allow":["GET"]}}],"collection":[{"href":"https:\/\/www.europesays.com\/fr\/wp-json\/wp\/v2\/posts"}],"about":[{"href":"https:\/\/www.europesays.com\/fr\/wp-json\/wp\/v2\/types\/post"}],"author":[{"embeddable":true,"href":"https:\/\/www.europesays.com\/fr\/wp-json\/wp\/v2\/users\/2"}],"replies":[{"embeddable":true,"href":"https:\/\/www.europesays.com\/fr\/wp-json\/wp\/v2\/comments?post=536999"}],"version-history":[{"count":0,"href":"https:\/\/www.europesays.com\/fr\/wp-json\/wp\/v2\/posts\/536999\/revisions"}],"wp:featuredmedia":[{"embeddable":true,"href":"https:\/\/www.europesays.com\/fr\/wp-json\/wp\/v2\/media\/537000"}],"wp:attachment":[{"href":"https:\/\/www.europesays.com\/fr\/wp-json\/wp\/v2\/media?parent=536999"}],"wp:term":[{"taxonomy":"category","embeddable":true,"href":"https:\/\/www.europesays.com\/fr\/wp-json\/wp\/v2\/categories?post=536999"},{"taxonomy":"post_tag","embeddable":true,"href":"https:\/\/www.europesays.com\/fr\/wp-json\/wp\/v2\/tags?post=536999"}],"curies":[{"name":"wp","href":"https:\/\/api.w.org\/{rel}","templated":true}]}}