{"id":537012,"date":"2025-11-15T23:44:15","date_gmt":"2025-11-15T23:44:15","guid":{"rendered":"https:\/\/www.europesays.com\/fr\/537012\/"},"modified":"2025-11-15T23:44:15","modified_gmt":"2025-11-15T23:44:15","slug":"a-trappes-les-unitaires-de-gauche-annoncent-que-leur-primaire-aura-lieu-a-lautomne-2026-liberation","status":"publish","type":"post","link":"https:\/\/www.europesays.com\/fr\/537012\/","title":{"rendered":"\u00e0 Trappes, les unitaires de gauche annoncent que leur primaire aura lieu \u00e0 l\u2019automne\u00a02026 \u2013 Lib\u00e9ration"},"content":{"rendered":"<p class=\"sc-cPiKLX AiZTS text-element\">Enfin un peu de concret ! Cinq mois apr\u00e8s avoir lanc\u00e9 <a href=\"https:\/\/www.liberation.fr\/politique\/reunis-par-lucie-castets-socialistes-ecolos-et-anciens-insoumis-sentendent-sur-le-principe-dun-processus-unitaire-pour-2027-20250702_GIMIGNEJORDKJJOV6B5RKV52SY\/\" target=\"_blank\" rel=\"noreferrer noopener\" title=\"https:\/\/www.liberation.fr\/politique\/reunis-par-lucie-castets-socialistes-ecolos-et-anciens-insoumis-sentendent-sur-le-principe-dun-processus-unitaire-pour-2027-20250702_GIMIGNEJORDKJJOV6B5RKV52SY\/\">leur projet \u00abFront populaire 2027\u00bb<\/a>, le 2 juillet \u00e0 Bagneux (Val-de-Marne), les \u00abunionistes\u00bb de la gauche s\u2019affichent de nouveau ensemble pour aborder leur processus cens\u00e9 aboutir \u00e0 une candidature commune pour la prochaine pr\u00e9sidentielle. Ce samedi 15 novembre, les socialistes, \u00e9cologistes, anciens insoumis d\u00e9sormais membres du petit parti \u00abl\u2019Apr\u00e8s\u00bb, G\u00e9n\u00e9ration\u00b7s et Lucie Castets se sont donn\u00e9 rendez-vous au conservatoire de Trappes, dans les Yvelines, pour lancer leur \u00abconvention th\u00e9matique\u00bb consacr\u00e9e \u00e0 l\u2019\u00e9ducation. La premi\u00e8re pierre du projet que portera le vainqueur de la potentielle primaire dont seul, pour le moment, le principe est act\u00e9. Mais aussi, l\u2019occasion de montrer \u00abque le p\u00e9rim\u00e8tre dit \u201cde Bagneux\u201d a bel et bien commenc\u00e9 \u00e0 exister\u00bb, dixit un socialiste investi dans la proc\u00e9dure.<\/p>\n<p class=\"sc-cPiKLX AiZTS text-element\">Le rappel n\u2019est pas inutile. Car si ces partenaires continuent leurs r\u00e9unions hebdomadaires en visio pour avancer dans le processus, le \u00abFront populaire 2027\u00bb n\u2019est, pour l<\/p>\n","protected":false},"excerpt":{"rendered":"Enfin un peu de concret ! Cinq mois apr\u00e8s avoir lanc\u00e9 leur projet \u00abFront populaire 2027\u00bb, le 2&hellip;\n","protected":false},"author":2,"featured_media":537013,"comment_status":"","ping_status":"","sticky":false,"template":"","format":"standard","meta":{"footnotes":""},"categories":[4],"tags":[11,18836,2286,1011,27,4483,13520,4729,12,4393,429,25],"class_list":{"0":"post-537012","1":"post","2":"type-post","3":"status-publish","4":"format-standard","5":"has-post-thumbnail","7":"category-france","8":"tag-actualites","9":"tag-clementine-autain","10":"tag-eelv","11":"tag-fr","12":"tag-france","13":"tag-francois-ruffin","14":"tag-lucie-castets","15":"tag-marine-tondelier","16":"tag-news","17":"tag-olivier-faure","18":"tag-ps","19":"tag-republique-francaise"},"share_on_mastodon":{"url":"https:\/\/pubeurope.com\/@fr\/115556375891611649","error":""},"_links":{"self":[{"href":"https:\/\/www.europesays.com\/fr\/wp-json\/wp\/v2\/posts\/537012","targetHints":{"allow":["GET"]}}],"collection":[{"href":"https:\/\/www.europesays.com\/fr\/wp-json\/wp\/v2\/posts"}],"about":[{"href":"https:\/\/www.europesays.com\/fr\/wp-json\/wp\/v2\/types\/post"}],"author":[{"embeddable":true,"href":"https:\/\/www.europesays.com\/fr\/wp-json\/wp\/v2\/users\/2"}],"replies":[{"embeddable":true,"href":"https:\/\/www.europesays.com\/fr\/wp-json\/wp\/v2\/comments?post=537012"}],"version-history":[{"count":0,"href":"https:\/\/www.europesays.com\/fr\/wp-json\/wp\/v2\/posts\/537012\/revisions"}],"wp:featuredmedia":[{"embeddable":true,"href":"https:\/\/www.europesays.com\/fr\/wp-json\/wp\/v2\/media\/537013"}],"wp:attachment":[{"href":"https:\/\/www.europesays.com\/fr\/wp-json\/wp\/v2\/media?parent=537012"}],"wp:term":[{"taxonomy":"category","embeddable":true,"href":"https:\/\/www.europesays.com\/fr\/wp-json\/wp\/v2\/categories?post=537012"},{"taxonomy":"post_tag","embeddable":true,"href":"https:\/\/www.europesays.com\/fr\/wp-json\/wp\/v2\/tags?post=537012"}],"curies":[{"name":"wp","href":"https:\/\/api.w.org\/{rel}","templated":true}]}}