{"id":537028,"date":"2025-11-15T23:58:26","date_gmt":"2025-11-15T23:58:26","guid":{"rendered":"https:\/\/www.europesays.com\/fr\/537028\/"},"modified":"2025-11-15T23:58:26","modified_gmt":"2025-11-15T23:58:26","slug":"les-bons-plans-max-radio-du-10-11-au-16-11","status":"publish","type":"post","link":"https:\/\/www.europesays.com\/fr\/537028\/","title":{"rendered":"Les Bons Plans Max Radio du 10\/11 au 16\/11"},"content":{"rendered":"<p>Chaque semaine, retrouvez les meilleurs bons plans de Grenoble et Chamb\u00e9ry ! <br \/>Que vous soyez \u00e0 la recherche d&rsquo;activit\u00e9s, de sorties, d&rsquo;\u00e9v\u00e9nements ou de bonnes adresses, nous vous partageons tout ce qu&rsquo;il ne faut pas manquer.<\/p>\n<p>Les Bons Plans \u00e0 Grenoble :<\/p>\n<p> <b>Rendez-vous : jusqu&rsquo;au 30 novembre, de 10h \u00e0 19h, dans Grenoble et son agglom\u00e9ration (Pontcharra, Saint-Marcellin, Voreppe).<\/b><\/p>\n<p>Dolce Cinema pr\u00e9sente les Rencontres du Cin\u00e9ma italien, afin de promouvoir un cin\u00e9ma italien de qualit\u00e9 pour tous publics.<\/p>\n<p>La programmation du Festival aborde tous les genres : fiction, documentaire, drame ou com\u00e9die. Elle comporte une section \u00ab comp\u00e9tition \u00bb, une section \u00ab panorama \u00bb et une s\u00e9lection de films destin\u00e9e \u00e0 un public scolaire.<br \/>En partenariat avec la Cin\u00e9math\u00e8que de Grenoble et le Cin\u00e9-Club, elle comprend \u00e9galement une section \u00ab patrimoine \u00bb pour red\u00e9couvrir les films majeurs de l&rsquo;histoire du cin\u00e9ma italien.<\/p>\n<p><a class=\"url\" href=\"https:\/\/www.grenoble-tourisme.com\/fr\/decouvrir\/evenements\/agenda\/detail\/festival-dolce-cinema-400598\/\" target=\"_blank\" rel=\"nofollow noopener\">En savoir plus.<\/a><\/p>\n<tr>\n<td class=\"defaut\"><a href=\"https:\/\/www.radioscoop.com\/agenda\/javascript:void(0)\" onclick=\"parent.RS.diaporama.addMedia(714231) ;\" rel=\"nofollow noopener\" target=\"_blank\"><img loading=\"lazy\" decoding=\"async\" src=\"https:\/\/www.europesays.com\/fr\/wp-content\/uploads\/2025\/11\/1763251092_311_img\" width=\"455\" height=\"640\" border=\"0\" title=\"bebvhev\"\/><\/a><\/td>\n<\/tr>\n<p> <b>Rendez-vous : jusqu&rsquo;au 29 novembre, de Grenoble \u00e0 \u00c9chirolles, de Fontaine \u00e0 Villard-Bonnot, de Seyssins \u00e0 Bernin, Crolles ou Saint-Martin-d&rsquo;H\u00e8res.<\/b><\/p>\n<p>Le Mois de la Photo, devenu biennal depuis 2023, continue de vivre \u00e0 travers les Journ\u00e9es de la Photo, en ann\u00e9e impaire. Venez d\u00e9couvrir un parcours de 26 expositions et de multiples rendez-vous autour dans tout le bassin grenoblois et au del\u00e0.<\/p>\n<p>\u00c0 l&rsquo;heure o\u00f9 les images se fabriquent plus vite qu&rsquo;on ne les regarde, o\u00f9 l&rsquo;intelligence artificielle s&rsquo;invite dans nos \u00e9crans comme dans nos imaginaires, les Journ\u00e9es de la Photo 2025 choisissent de ralentir.<br \/>Du 8 au 29 novembre, elles nous invitent \u00e0 explorer la fabrique de l&rsquo;image : ce qui se joue entre le regard et la main, entre la r\u00e9alit\u00e9 et la fiction, entre le visible et le sensible.<\/p>\n<p>\u201cUn appareil photo est un outil pour apprendre \u00e0 voir sans appareil\u201d, disait Dorothea Lange.<br \/>Pendant un petit mois, prenons le temps de nous rencontrer, d&rsquo;ouvrir les yeux et de partager nos enthousiasmes.<br \/>Vingt-sept expositions et une quarantaine de rendez-vous&#8230;<\/p>\n<p>De Grenoble \u00e0 \u00c9chirolles, de Fontaine \u00e0 Villard-Bonnot, de Seyssins \u00e0 Bernin, Crolles ou Saint-Martin-d&rsquo;H\u00e8res, plus de vingt-cinq lieux et structures complices \u2014 espaces culturels, galeries, artoth\u00e8que, caf\u00e9s, centre m\u00e9dical, lyc\u00e9e, librairie, Maison des habitant\u00b7es, associations&#8230; \u2014 se rassemblent pour faire vivre une grande f\u00eate de la photographie, partager des coups de coeur et nos envies de voir le monde autrement.<\/p>\n<p><a class=\"url\" href=\"https:\/\/www.grenoble-tourisme.com\/fr\/decouvrir\/evenements\/agenda\/detail\/festival-les-journees-de-la-photo-2025-7579055\/\" target=\"_blank\" rel=\"nofollow noopener\">En savoir plus.<\/a><\/p>\n<tr>\n<td class=\"defaut\"><a href=\"https:\/\/www.radioscoop.com\/agenda\/javascript:void(0)\" onclick=\"parent.RS.diaporama.addMedia(714232) ;\" rel=\"nofollow noopener\" target=\"_blank\"><img loading=\"lazy\" decoding=\"async\" src=\"https:\/\/www.europesays.com\/fr\/wp-content\/uploads\/2025\/11\/1763251094_409_img\" width=\"512\" height=\"640\" border=\"0\" title=\"brhvj\"\/><\/a><\/td>\n<\/tr>\n<p> <b>Rendez-vous : le 12 novembre, \u00e0 partir de 20h, \u00e0 la Belle \u00c9lectrique.<\/b><\/p>\n<p>Ayant sign\u00e9 certains des plus beaux textes de rap fran\u00e7ais, M\u00e9dine ne cesse pour autant de se renouveler, de se remettre en question, afin de toujours nous surprendre, lui qui est si \u00e0 l&rsquo;aise dans l&rsquo;art du contre-pied.<\/p>\n<p>M\u00e9dine, qui a su f\u00e9d\u00e9rer autour de titres m\u00e9morables comme \u00ab\u00a0Grand Paris\u00a0\u00bb, est plus que jamais dans une logique de rassemblement, d\u00e9montrant la force et l&rsquo;universalit\u00e9 de son message. Avec son 9\u00e8me album intitul\u00e9 \u00ab\u00a0STENTOR\u00a0\u00bb, publi\u00e9 en deux chapitres, il signe un retour d\u00e9tonnant avec des punchlines assassines sur des instrumentales boom-bap &amp; trap parsem\u00e9es de samples.<\/p>\n<p><a class=\"url\" href=\"https:\/\/www.grenoble-tourisme.com\/fr\/decouvrir\/evenements\/agenda\/detail\/medine-7463024\/\" target=\"_blank\" rel=\"nofollow noopener\">Je prends ma place !<\/a><\/p>\n<tr>\n<td class=\"defaut\"><a href=\"https:\/\/www.radioscoop.com\/agenda\/javascript:void(0)\" onclick=\"parent.RS.diaporama.addMedia(714235) ;\" rel=\"nofollow noopener\" target=\"_blank\"><img loading=\"lazy\" decoding=\"async\" src=\"https:\/\/www.europesays.com\/fr\/wp-content\/uploads\/2025\/11\/1763251096_138_img\" width=\"426\" height=\"640\" border=\"0\" title=\"cnejrke\"\/><\/a><\/td>\n<\/tr>\n<p> <b>Rendez-vous : du 12 au 14 novembre, de 11h \u00e0 17h, Salle Edmond Vigne \u00e0 Fontaine.<\/b><\/p>\n<p>L&rsquo;Universit\u00e9 Grenoble Alpes pr\u00e9sente \u00ab\u00a0Insects Days\u00a0\u00bb, une exposition scientifique itin\u00e9rante consacr\u00e9e \u00e0 l&rsquo;entomophagie et aux enjeux de l&rsquo;alimentation durable. Venez tester le stand d\u00e9gustation !<\/p>\n<p>L&rsquo;Universit\u00e9 Grenoble Alpes pr\u00e9sente \u00ab\u00a0Insects Days\u00a0\u00bb, une exposition scientifique itin\u00e9rante consacr\u00e9e \u00e0 l&rsquo;entomophagie et aux enjeux de l&rsquo;alimentation durable. Accessible gratuitement au grand public d&rsquo;octobre \u00e0 d\u00e9cembre 2025, cette exposition p\u00e9dagogique et interactive vous invite \u00e0 d\u00e9couvrir comment les insectes pourraient contribuer \u00e0 notre avenir alimentaire.<\/p>\n<p>Pratiqu\u00e9e par 2 milliards de personnes dans le monde, la consommation d&rsquo;insectes reste m\u00e9connue en Europe occidentale. L&rsquo;exposition \u00ab\u00a0Insects Days\u00a0\u00bb propose d&rsquo;informer et d&rsquo;ouvrir le d\u00e9bat sur cette pratique alimentaire en s&rsquo;appuyant sur des donn\u00e9es scientifiques rigoureuses.<br \/>Le parcours aborde quatre grandes th\u00e9matiques : la biodiversit\u00e9 et les caract\u00e9ristiques des insectes, les bases de l&rsquo;alimentation humaine, l&rsquo;entomophagie et ses apports nutritionnels, ainsi que les enjeux sanitaires et r\u00e9glementaires.<\/p>\n<p>L&rsquo;exposition met en lumi\u00e8re plusieurs faits scientifiques : les insectes contiennent autant de prot\u00e9ines que la viande traditionnelle, avec moins de graisses satur\u00e9es, tandis que leur \u00e9levage \u00e9met significativement moins de gaz \u00e0 effet de serre que l&rsquo;\u00e9levage bovin.<br \/>L&rsquo;entomophagie est pr\u00e9sent\u00e9e non comme une solution unique, mais comme une piste parmi d&rsquo;autres pour une alimentation plus durable.<br \/>Con\u00e7ue dans le cadre du Cross Disciplinary Project (CDP) Punaises!, et plus particuli\u00e8rement du WP4 M\u00e9diation scientifique dirig\u00e9 par Sophie Pasini, membre du CERAG (UGA), et port\u00e9 par la SFR Nutrition SIGN, l&rsquo;exposition s&rsquo;inscrit dans l&rsquo;AAP Idex Rayonnement culturel et social 2023. Le projet b\u00e9n\u00e9ficie du soutien de Grenoble Alpes M\u00e9tropole (subvention FAST AMI) et a \u00e9t\u00e9 r\u00e9alis\u00e9 en collaboration avec les \u00e9tudiants de la Licence professionnelle Technico-Commercial parcours Beaut\u00e9, Bien-\u00eatre et Sant\u00e9 (IUT2 &#8211; UFR de pharmacie).<\/p>\n<p>L&rsquo;exposition propose deux formats de visite :<\/p>\n<p>Pour le grand public et les familles : un parcours libre de 20 \u00e0 45 minutes avec l&rsquo;ensemble des kak\u00e9monos et un stand d\u00e9gustation.<br \/>Pour les scolaires (du CM1 au lyc\u00e9e) : une s\u00e9lection de contenus adapt\u00e9s, avec possibilit\u00e9 de visites guid\u00e9es ou autonomes, en lien avec les programmes de Sciences et technologie, SVT, Technologie et Philosophie.<\/p>\n<p><a class=\"url\" href=\"https:\/\/www.grenoble-tourisme.com\/fr\/decouvrir\/evenements\/agenda\/detail\/exposition-itinerante-insects-days-7566729\/\" target=\"_blank\" rel=\"nofollow noopener\">Je prends ma place !<\/a><\/p>\n<tr>\n<td class=\"defaut\"><a href=\"https:\/\/www.radioscoop.com\/agenda\/javascript:void(0)\" onclick=\"parent.RS.diaporama.addMedia(714242) ;\" rel=\"nofollow noopener\" target=\"_blank\"><img loading=\"lazy\" decoding=\"async\" src=\"https:\/\/www.europesays.com\/fr\/wp-content\/uploads\/2025\/11\/1763251099_342_img\" width=\"478\" height=\"640\" border=\"0\" title=\"Vvebbhi\"\/><\/a><\/td>\n<\/tr>\n<p> <b>Rendez-vous : le 13 novembre, de 20h \u00e0 22h30, \u00e0 la Belle \u00c9lectrique.<\/b><\/p>\n<p>Styleto en concert \u00e0 La Belle le 13 novembre 2025 !<\/p>\n<p>Apr\u00e8s une premi\u00e8re tourn\u00e9e compl\u00e8te boucl\u00e9e par un Olympia sold-out, Styleto poursuit son aventure sur sc\u00e8ne en 2025.<br \/>Avec sa voix singuli\u00e8re et ses titres aussi solaires qu&rsquo;intimes, Styleto continue d&rsquo;imposer pas \u00e0 pas son identit\u00e9 musicale avec des ballades \u00e9l\u00e9gantes ancr\u00e9es dans la chanson fran\u00e7aise, alli\u00e9es \u00e0 une pop tant \u00e9nergique que m\u00e9lancolique.<\/p>\n<p>Caract\u00e9ris\u00e9e par sa rayonnante libert\u00e9 et son authenticit\u00e9 \u00e0 fleur de peau, Styleto a d\u00e9j\u00e0 conquis +2M de fans sur les r\u00e9seaux sociaux. Une v\u00e9ritable communaut\u00e9 qui suit son quotidien depuis 2013 et ses d\u00e9buts sur internet.<\/p>\n<p>C&rsquo;est une reprise de \u00abGaffe aux Autres \u00bb de Ben Mazu\u00e9 qui sera son v\u00e9ritable tremplin musical. En 2022, elle sort un 1er album de covers (d&rsquo;Orelsan, Yseult, Ang\u00e8le&#8230;), intitul\u00e9 Carrousel. Puis naissent plusieurs chansons in\u00e9dites dont les titres \u201d Trop bonnes\u201d, \u201cDans la moyenne\u201d, \u201cLes visages et les odeurs\u201d ou encore \u201cFaut que tu m&rsquo;aimes\u201d.<\/p>\n<p>Redessinant les contours de la figure f\u00e9minine contemporaine, Interpr\u00e8te, autrice et compositrice, Styleto se consid\u00e8re comme une jeune femme dans la moyenne &#8211; \u00ab pas nulle, mais commune \u00bb -, comme elle le chante sur son titre homonyme.<br \/>Une artiste prometteuse \u00e0 d\u00e9couvrir sur la sc\u00e8ne de La Belle le 13 novembre 2025.<\/p>\n<p><a class=\"url\" href=\"https:\/\/www.grenoble-tourisme.com\/fr\/decouvrir\/evenements\/agenda\/detail\/styleto-7188747\/\" target=\"_blank\" rel=\"nofollow noopener\">Je prends ma place !<\/a><\/p>\n<tr>\n<td class=\"defaut\"><img loading=\"lazy\" decoding=\"async\" src=\"https:\/\/www.europesays.com\/fr\/wp-content\/uploads\/2025\/11\/1763251101_255_img\" width=\"222\" height=\"222\" border=\"0\" title=\"gfbchej\"\/><\/td>\n<\/tr>\n<p> <b>Rendez-vous : le 15 et 16 novembre, de 11h \u00e0 20h le samedi et de 10h \u00e0 18h le dimanche, \u00e0 l&rsquo;Espace Agora \u00e0 St Ismier.<\/b><\/p>\n<p>Le Syndicat des Vins de l&rsquo;Is\u00e8re vous invite \u00e0 la 5\u00e8me \u00e9dition de son salon, ouvert \u00e0 tous, les samedi 15 et dimanche 16 novembre \u00e0 l&rsquo;Espace Agora de Saint-Ismier.<\/p>\n<p>Le Salon Vins de l&rsquo;Is\u00e8re et d&rsquo;ailleurs est de retour.<br \/>Le Syndicat des Vins de l&rsquo;Is\u00e8re vous invite \u00e0 la 5\u00e8me \u00e9dition de son salon, ouvert \u00e0 tous, les samedi 15 et dimanche 16 novembre \u00e0 l&rsquo;Espace Agora de Saint-Ismier.<br \/>Les vignerons de l&rsquo;Is\u00e8re seront \u00e0 nouveau au c\u0153ur de l&rsquo;\u00e9v\u00e9nement. Chacun d&rsquo;eux convie trois coll\u00e8gues venus des Coteaux Alpins et d&rsquo;autres r\u00e9gions de Rh\u00f4ne-Alpes, tous r\u00e9unis autour d&rsquo;une m\u00eame exigence : une viticulture authentique, respectueuse et des vins de grande qualit\u00e9.<br \/>La liste des participants sera d\u00e9voil\u00e9e prochainement.<\/p>\n<p>Au programme :<br \/>D\u00e9gustations de vins et d\u00e9couverte de c\u00e9pages alpins<br \/>Concerts<br \/>Ateliers p\u00e9dagogiques de d\u00e9gustation <br \/>Ateliers enfants pour profiter pleinement de l&rsquo;apr\u00e8s-midi en famille<br \/>Restauration sur place avec produits locaux<br \/>Un moment privil\u00e9gi\u00e9 &amp; convivial pour d\u00e9couvrir, go\u00fbter et \u00e9changer avec les artisans passionn\u00e9s qui cr\u00e9ent ces vins uniques.<br \/>Avec le soutien de : le D\u00e9partement de l&rsquo;Is\u00e8re, la Chambre d&rsquo;Agriculture de l&rsquo;Is\u00e8re, la Communaut\u00e9 de communes du Gr\u00e9sivaudan et la commune de Saint-Ismier.<\/p>\n<p><a class=\"url\" href=\"https:\/\/www.grenoble-tourisme.com\/fr\/decouvrir\/evenements\/agenda\/detail\/salon-des-vins-de-l-isere-et-d-ailleurs-5eme-edition-7531982\/\" target=\"_blank\" rel=\"nofollow noopener\">Je prends ma place !<\/a><\/p>\n<tr>\n<td class=\"defaut\"><a href=\"https:\/\/www.radioscoop.com\/agenda\/javascript:void(0)\" onclick=\"parent.RS.diaporama.addMedia(714246) ;\" rel=\"nofollow noopener\" target=\"_blank\"><img loading=\"lazy\" decoding=\"async\" src=\"https:\/\/www.europesays.com\/fr\/wp-content\/uploads\/2025\/11\/1763251102_635_img\" width=\"453\" height=\"640\" border=\"0\" title=\"fjbkng\"\/><\/a><\/td>\n<\/tr>\n<p> <b>Rendez-vous : le 16 novembre, \u00e0 partir de 19h30, \u00e0 la Com\u00e9die de Grenoble.<\/b><\/p>\n<p>Le principe est simple : les humoristes font leur sketch et vous votez pour votre pr\u00e9f\u00e9r\u00e9(e). L&rsquo;humoriste qui aura gagn\u00e9 remettra son titre en jeu lors du prochain Battle du rire !<\/p>\n<p><a class=\"url\" href=\"https:\/\/www.grenoble-tourisme.com\/fr\/decouvrir\/evenements\/agenda\/detail\/battle-du-rire-6385606\/\" target=\"_blank\" rel=\"nofollow noopener\">Je prends ma place !<\/a><\/p>\n<tr>\n<td class=\"defaut\"><img loading=\"lazy\" decoding=\"async\" src=\"https:\/\/www.europesays.com\/fr\/wp-content\/uploads\/2025\/11\/1763251104_614_img\" width=\"300\" height=\"400\" border=\"0\" title=\"hfhbjie\"\/><\/td>\n<\/tr>\n<p><p>Les Bons Plans \u00e0 Chamb\u00e9ry :<\/p>\n<p><\/p>\n<p> <b>Rendez-vous : le 16 novembre, de 20h30 \u00e0 22h45, au Phare.<\/b><\/p>\n<p>Retrouvez le meilleur de U2 en live avec 4U2 ON TOUR au PHARE !<br \/>Consid\u00e9r\u00e9 comme l&rsquo;un des meilleurs tributes mondiaux de U2 par leurs propres fans, la formation franco irlandaise 4U2 revient avec son nouveau show encore plus spectaculaire et vous pr\u00e9sente \u2018Best Of U2&prime; un concert live de plus de 2h15 avec un \u00e9cran g\u00e9ant LED impressionnant de 80m\u00b2 o\u00f9 sont repris les plus grands succ\u00e8s de U2 et un choix de titres in\u00e9dits issus de leurs diff\u00e9rents albums tout au long de leurs 40 ann\u00e9es d&rsquo;existence pour un concert inoubliable et riche en \u00e9motions&#8230;<\/p>\n<p>Depuis plus de 12 ans en France et \u00e0 l&rsquo;\u00e9tranger 4U2 (\u2018FOR&rsquo;U2) distille avec passion le son pop rock unique et propre au l\u00e9gendaire groupe irlandais U2 mondialement reconnu depuis plus de 4 d\u00e9cennies.<\/p>\n<p>Cr\u00e9e par Paul Martin, originaire de Dublin et compatriote de la bande \u00e0 Bono, la formation compos\u00e9e de 4 musiciens de nationalit\u00e9s diff\u00e9rentes et tous fans de la premi\u00e8re heure rend un hommage musical et visuel fid\u00e8le, vibrant et authentique au plus proche du groupe original aux 200 millions d&rsquo;albums vendus \u00e0 travers le monde et aux titres universellement connus tels que Sunday Bloody Sunday, With or Without You, New Year&rsquo;s Day, One&#8230; \u00bb<\/p>\n<p>&lsquo;Une qualit\u00e9 technique incroyable en plus d&rsquo;un look 100% maitris\u00e9 et d&rsquo;une mise en scene parfaite&rsquo;, L&rsquo;INDEPENDANT<\/p>\n<p>Un spectacle unique \u00e0 ne pas manquer sign\u00e9 CAPELLA PRODUCTION<\/p>\n<p><a class=\"url\" href=\"https:\/\/www.le-phare-grand-chambery.fr\/evenement\/best-of-u2\/\" target=\"_blank\" rel=\"nofollow noopener\">Je prends ma place !<\/a><\/p>\n<tr>\n<td class=\"defaut\"><img loading=\"lazy\" decoding=\"async\" src=\"https:\/\/www.europesays.com\/fr\/wp-content\/uploads\/2025\/11\/1763251106_616_img\" width=\"350\" height=\"524\" border=\"0\" title=\"hfbjci\"\/><\/td>\n<\/tr>\n<p><\/p>\n","protected":false},"excerpt":{"rendered":"Chaque semaine, retrouvez les meilleurs bons plans de Grenoble et Chamb\u00e9ry ! Que vous soyez \u00e0 la recherche&hellip;\n","protected":false},"author":2,"featured_media":537029,"comment_status":"","ping_status":"","sticky":false,"template":"","format":"standard","meta":{"footnotes":""},"categories":[9566],"tags":[1111,11,2430,677,12362,1777,674,1011,27,2731,12,7518,25],"class_list":{"0":"post-537028","1":"post","2":"type-post","3":"status-publish","4":"format-standard","5":"has-post-thumbnail","7":"category-grenoble","8":"tag-actu","9":"tag-actualites","10":"tag-auvergne-rhone-alpes","11":"tag-bons-plans","12":"tag-chambry","13":"tag-eu","14":"tag-europe","15":"tag-fr","16":"tag-france","17":"tag-grenoble","18":"tag-news","19":"tag-octobre","20":"tag-republique-francaise"},"share_on_mastodon":{"url":"https:\/\/pubeurope.com\/@fr\/115556434542256522","error":""},"_links":{"self":[{"href":"https:\/\/www.europesays.com\/fr\/wp-json\/wp\/v2\/posts\/537028","targetHints":{"allow":["GET"]}}],"collection":[{"href":"https:\/\/www.europesays.com\/fr\/wp-json\/wp\/v2\/posts"}],"about":[{"href":"https:\/\/www.europesays.com\/fr\/wp-json\/wp\/v2\/types\/post"}],"author":[{"embeddable":true,"href":"https:\/\/www.europesays.com\/fr\/wp-json\/wp\/v2\/users\/2"}],"replies":[{"embeddable":true,"href":"https:\/\/www.europesays.com\/fr\/wp-json\/wp\/v2\/comments?post=537028"}],"version-history":[{"count":0,"href":"https:\/\/www.europesays.com\/fr\/wp-json\/wp\/v2\/posts\/537028\/revisions"}],"wp:featuredmedia":[{"embeddable":true,"href":"https:\/\/www.europesays.com\/fr\/wp-json\/wp\/v2\/media\/537029"}],"wp:attachment":[{"href":"https:\/\/www.europesays.com\/fr\/wp-json\/wp\/v2\/media?parent=537028"}],"wp:term":[{"taxonomy":"category","embeddable":true,"href":"https:\/\/www.europesays.com\/fr\/wp-json\/wp\/v2\/categories?post=537028"},{"taxonomy":"post_tag","embeddable":true,"href":"https:\/\/www.europesays.com\/fr\/wp-json\/wp\/v2\/tags?post=537028"}],"curies":[{"name":"wp","href":"https:\/\/api.w.org\/{rel}","templated":true}]}}