{"id":537033,"date":"2025-11-16T00:02:14","date_gmt":"2025-11-16T00:02:14","guid":{"rendered":"https:\/\/www.europesays.com\/fr\/537033\/"},"modified":"2025-11-16T00:02:14","modified_gmt":"2025-11-16T00:02:14","slug":"agresse-a-coups-de-batte-de-base-ball-un-homme-tres-grievement-blesse-a-rennes","status":"publish","type":"post","link":"https:\/\/www.europesays.com\/fr\/537033\/","title":{"rendered":"Agress\u00e9 \u00e0 coups de batte de base-ball, un homme tr\u00e8s gri\u00e8vement bless\u00e9 \u00e0 Rennes"},"content":{"rendered":"<p>La tr\u00e8s violente agression s\u2019est d\u00e9roul\u00e9e vers 1 h 30 sur la place des Lices. Une altercation entre plusieurs personnes aurait \u00e9clat\u00e9 \u00e0 la suite d\u2019un diff\u00e9rend dans un bar. Trois individus s\u2019en sont alors pris \u00e0 la victime qui a \u00e9t\u00e9 frapp\u00e9e avec une batte de base-ball comme le relate <a href=\"https:\/\/www.leparisien.fr\/faits-divers\/violente-agression-a-la-batte-de-base-ball-a-rennes-trois-personnes-arretees-15-11-2025-TGXW7KNHRFE3PHG7QZD6KV5BXI.php\" target=\"_blank\" rel=\"noopener\">Le Parisien<\/a>. Suite \u00e0 la brutalit\u00e9 des coups re\u00e7us, notamment \u00e0 l\u2019arri\u00e8re de la t\u00eate, son pronostic vital \u00e9tait engag\u00e9. Au total trois personnes ont pu \u00eatre interpell\u00e9es dans le cadre de cette affaire. Un mineur a pu \u00eatre arr\u00eat\u00e9 sur les lieux de l\u2019agression et deux autres individus ont \u00e9t\u00e9 interpell\u00e9s ce samedi apr\u00e8s-midi.<\/p>\n","protected":false},"excerpt":{"rendered":"La tr\u00e8s violente agression s\u2019est d\u00e9roul\u00e9e vers 1 h 30 sur la place des Lices. Une altercation entre&hellip;\n","protected":false},"author":2,"featured_media":537034,"comment_status":"","ping_status":"","sticky":false,"template":"","format":"standard","meta":{"footnotes":""},"categories":[2821],"tags":[1111,11,829,765,1777,674,118,1011,27,848,12,584,25],"class_list":{"0":"post-537033","1":"post","2":"type-post","3":"status-publish","4":"format-standard","5":"has-post-thumbnail","7":"category-rennes","8":"tag-actu","9":"tag-actualites","10":"tag-bretagne","11":"tag-en-continu","12":"tag-eu","13":"tag-europe","14":"tag-faits-divers","15":"tag-fr","16":"tag-france","17":"tag-ille-et-vilaine","18":"tag-news","19":"tag-rennes","20":"tag-republique-francaise"},"share_on_mastodon":{"url":"https:\/\/pubeurope.com\/@fr\/115556447754720055","error":""},"_links":{"self":[{"href":"https:\/\/www.europesays.com\/fr\/wp-json\/wp\/v2\/posts\/537033","targetHints":{"allow":["GET"]}}],"collection":[{"href":"https:\/\/www.europesays.com\/fr\/wp-json\/wp\/v2\/posts"}],"about":[{"href":"https:\/\/www.europesays.com\/fr\/wp-json\/wp\/v2\/types\/post"}],"author":[{"embeddable":true,"href":"https:\/\/www.europesays.com\/fr\/wp-json\/wp\/v2\/users\/2"}],"replies":[{"embeddable":true,"href":"https:\/\/www.europesays.com\/fr\/wp-json\/wp\/v2\/comments?post=537033"}],"version-history":[{"count":0,"href":"https:\/\/www.europesays.com\/fr\/wp-json\/wp\/v2\/posts\/537033\/revisions"}],"wp:featuredmedia":[{"embeddable":true,"href":"https:\/\/www.europesays.com\/fr\/wp-json\/wp\/v2\/media\/537034"}],"wp:attachment":[{"href":"https:\/\/www.europesays.com\/fr\/wp-json\/wp\/v2\/media?parent=537033"}],"wp:term":[{"taxonomy":"category","embeddable":true,"href":"https:\/\/www.europesays.com\/fr\/wp-json\/wp\/v2\/categories?post=537033"},{"taxonomy":"post_tag","embeddable":true,"href":"https:\/\/www.europesays.com\/fr\/wp-json\/wp\/v2\/tags?post=537033"}],"curies":[{"name":"wp","href":"https:\/\/api.w.org\/{rel}","templated":true}]}}