{"id":537036,"date":"2025-11-16T00:04:13","date_gmt":"2025-11-16T00:04:13","guid":{"rendered":"https:\/\/www.europesays.com\/fr\/537036\/"},"modified":"2025-11-16T00:04:13","modified_gmt":"2025-11-16T00:04:13","slug":"il-en-a-trop-manque-a-tours-logiquement-battu-par-strasbourg","status":"publish","type":"post","link":"https:\/\/www.europesays.com\/fr\/537036\/","title":{"rendered":"il en a trop manqu\u00e9 \u00e0 Tours, logiquement battu par Strasbourg"},"content":{"rendered":"<p><strong>Tours\u00a0&#8211; Strasbourg\u00a0: 2-5<\/strong><\/p>\n<p>Tours \u00e9tait la derni\u00e8re \u00e9quipe de D1 invaincue \u00e0 domicile. Une invincibilit\u00e9 qui a tenu jusqu\u2019\u00e0 cette 9e journ\u00e9e, conclue par un revers somme toute logique pour les Remparts, <a target=\"_self\" href=\"https:\/\/www.lanouvellerepublique.fr\/tours\/direct-division-1-les-remparts-de-tours-visent-la-passe-de-cinq-face-a-strasbourg-1763232040\" rel=\"noopener\">tant l\u2019\u00c9toile noire de Strasbourg a domin\u00e9 cette rencontre<\/a>. Les Tourangeaux ne sont, eux, pas pass\u00e9s compl\u00e8tement \u00e0 c\u00f4t\u00e9 de leur match, mais il leur a manqu\u00e9 trop d\u2019ingr\u00e9dients pour esp\u00e9rer mieux.<\/p>\n<p>Ce visage si s\u00e9duisant qu\u2019ils offraient \u00e0 leurs supporteurs jusqu\u2019ici, depuis deux mois et demi, ils ne l\u2019ont eu que durant une vingtaine de minutes ce samedi 15\u00a0novembre. \u00c0 partir du temps mort pos\u00e9 par St\u00e9phane Gros au d\u00e9but du deuxi\u00e8me tiers-temps, \u00e0 3-0 pour Strasbourg, et jusqu\u2019\u00e0 la moiti\u00e9 du troisi\u00e8me tiers \u00e0 peu pr\u00e8s. L\u00e0, on avait retrouv\u00e9 les Remparts. Enfin, ils r\u00e9ussissaient \u00e0 faire des sorties de zone propres. Enfin, ils apportaient le danger sur le but adverse. Et enfin, ils d\u00e9bloquaient leur compteur, par un but de Peter Bourgaut apr\u00e8s un cafouillage (1-3, 37&rsquo;15), puis par la d\u00e9viation de Steven Fournier sur un lancer de Marcus Bj\u00f6rk, au d\u00e9but de l\u2019ultime p\u00e9riode (2-3, 40&rsquo;49)&#8230;. <\/p>\n<p>    Cet article a \u00e9t\u00e9 tronqu\u00e9. Abonnez-vous pour lire l&rsquo;article complet sur notre site.<\/p>\n<p style=\"margin: 0 !important; padding: 0 !important; font-size: 12px !important;\">Cet article a \u00e9t\u00e9 tronqu\u00e9. Abonnez-vous pour lire l&rsquo;article complet.<\/p>\n<p>    <a href=\"https:\/\/www.lanouvellerepublique.fr\/abonnements\" style=\"display: inline-block; margin-top: 5px !important; padding: 6px 12px !important; background: #cb1c27; color: white; text-decoration: none; border-radius: 4px; font-size: 12px !important;\" target=\"_blank\" rel=\"noopener\"><br \/>\n      S&rsquo;abonner<br \/>\n    <\/a><\/p>\n","protected":false},"excerpt":{"rendered":"Tours\u00a0&#8211; Strasbourg\u00a0: 2-5 Tours \u00e9tait la derni\u00e8re \u00e9quipe de D1 invaincue \u00e0 domicile. Une invincibilit\u00e9 qui a tenu&hellip;\n","protected":false},"author":2,"featured_media":537037,"comment_status":"","ping_status":"","sticky":false,"template":"","format":"standard","meta":{"footnotes":""},"categories":[2820],"tags":[1392,1111,11,1777,674,1011,27,775,4133,1387,12,51935,25,60,640,1390],"class_list":{"0":"post-537036","1":"post","2":"type-post","3":"status-publish","4":"format-standard","5":"has-post-thumbnail","7":"category-strasbourg","8":"tag-a-la-une-local","9":"tag-actu","10":"tag-actualites","11":"tag-eu","12":"tag-europe","13":"tag-fr","14":"tag-france","15":"tag-grand-est","16":"tag-hockey-sur-glace","17":"tag-indre-et-loire","18":"tag-news","19":"tag-remparts-de-tours","20":"tag-republique-francaise","21":"tag-sports","22":"tag-strasbourg","23":"tag-tours"},"share_on_mastodon":{"url":"","error":""},"_links":{"self":[{"href":"https:\/\/www.europesays.com\/fr\/wp-json\/wp\/v2\/posts\/537036","targetHints":{"allow":["GET"]}}],"collection":[{"href":"https:\/\/www.europesays.com\/fr\/wp-json\/wp\/v2\/posts"}],"about":[{"href":"https:\/\/www.europesays.com\/fr\/wp-json\/wp\/v2\/types\/post"}],"author":[{"embeddable":true,"href":"https:\/\/www.europesays.com\/fr\/wp-json\/wp\/v2\/users\/2"}],"replies":[{"embeddable":true,"href":"https:\/\/www.europesays.com\/fr\/wp-json\/wp\/v2\/comments?post=537036"}],"version-history":[{"count":0,"href":"https:\/\/www.europesays.com\/fr\/wp-json\/wp\/v2\/posts\/537036\/revisions"}],"wp:featuredmedia":[{"embeddable":true,"href":"https:\/\/www.europesays.com\/fr\/wp-json\/wp\/v2\/media\/537037"}],"wp:attachment":[{"href":"https:\/\/www.europesays.com\/fr\/wp-json\/wp\/v2\/media?parent=537036"}],"wp:term":[{"taxonomy":"category","embeddable":true,"href":"https:\/\/www.europesays.com\/fr\/wp-json\/wp\/v2\/categories?post=537036"},{"taxonomy":"post_tag","embeddable":true,"href":"https:\/\/www.europesays.com\/fr\/wp-json\/wp\/v2\/tags?post=537036"}],"curies":[{"name":"wp","href":"https:\/\/api.w.org\/{rel}","templated":true}]}}