{"id":537040,"date":"2025-11-16T00:11:38","date_gmt":"2025-11-16T00:11:38","guid":{"rendered":"https:\/\/www.europesays.com\/fr\/537040\/"},"modified":"2025-11-16T00:11:38","modified_gmt":"2025-11-16T00:11:38","slug":"450-nouvelles-places-de-stationnement-dans-ce-parking-relais","status":"publish","type":"post","link":"https:\/\/www.europesays.com\/fr\/537040\/","title":{"rendered":"450 nouvelles places de stationnement dans ce parking relais"},"content":{"rendered":"<p>                    Par<br \/>\n        <strong><br \/>\n            <a href=\"https:\/\/actu.fr\/auteur\/redaction-nantes\" title=\"Consulter tous les articles de R\u00e9daction Nantes\" rel=\"nofollow noopener\" target=\"_blank\">R\u00e9daction Nantes<\/a><br \/>\n                    <\/strong><\/p>\n<p>        Publi\u00e9 le<\/p>\n<p>            15 nov. 2025 \u00e0 7h30        <\/p>\n<p>Cet \u00e9t\u00e9, <a href=\"https:\/\/actu.fr\/pays-de-la-loire\/nantes_44109\/nantes-ce-nouveau-centre-technique-pour-les-tramways-est-l-un-des-plus-grands-de-france_63077011.html\" rel=\"nofollow noopener\" target=\"_blank\">l\u2019un des plus grands centres techniques<\/a>, d\u00e9di\u00e9 aux tramways, de France a \u00e9t\u00e9 inaugur\u00e9 \u00e0 la Chapelle-sur-Erdre. \u00c0 quelques m\u00e8tres <b>du centre <\/b>technique et d\u2019exploitation (Cetex) de la Babini\u00e8re, un nouveau b\u00e2timent a \u00e9t\u00e9 mis en service, avec <b>l\u2019ouverture du parking relais<\/b> (P +\u00a0R) de la Babini\u00e8re, ce mercredi 12\u00a0novembre 2025.<\/p>\n<p>450 places pour les voitures, 103 pour les v\u00e9los<\/p>\n<p class=\" wall-content\">Le P +\u00a0R de la Babini\u00e8re est situ\u00e9 \u00e0 proximit\u00e9 de l\u2019arr\u00eat de <a href=\"https:\/\/actu.fr\/tag\/tram-train-nantes-chateaubriant\" rel=\"nofollow noopener\" target=\"_blank\">tram-train entre Nantes et Ch\u00e2teaubriant, <\/a>et du <a href=\"https:\/\/actu.fr\/pays-de-la-loire\/nantes_44109\/nantes-a-quelle-date-circulera-le-nouveau-tramway-sur-la-ligne-2_60962617.html\" rel=\"nofollow noopener\" target=\"_blank\">terminus de la ligne 1 du tramway<\/a>.<\/p>\n<p class=\" wall-content\">Le nouvel \u00e9quipement m\u00e9tropolitain comporte <b>450 places de stationnement pour les voitures et 103 places pour les v\u00e9los<\/b> (55 places pour les v\u00e9los en compl\u00e9ment du v\u00e9lo-parc Naolib existant de 48 places).<\/p>\n<p class=\" wall-content\">Le<b> parking relais est gratuit la semaine<\/b> pour les<b> abonn\u00e9s en transport en commun,<\/b> et pour tous les usagers le week-end. \u00ab\u2009Pour les voyageurs occasionnels, le stationnement via le ticket P + R permet de se garer pendant 24h maximum, co\u00fbte 4,50 euros et inclut un aller-retour sur le r\u00e9seau de transports en commun (valable jusqu\u2019\u00e0 5 personnes voyageant ensemble). Attention, pour b\u00e9n\u00e9ficier du ticket P + R \u00e0 4,50 euros en semaine et gratuit le week-end, il est n\u00e9cessaire de <b>valider le ticket \u00e0 l\u2019aller et au retour<\/b> dans le transport en commun\u2009\u00bb, pr\u00e9cise Nantes M\u00e9tropole dans un communiqu\u00e9 de presse.<\/p>\n<p class=\" wall-content\">La r\u00e9alisation du P +\u00a0R repr\u00e9sente <b>un investissement de 12,8\u00a0millions d\u2019euros TTC<\/b>\u2009: 3,6\u00a0millions d\u2019euros par Nantes M\u00e9tropole\u2009; 3,4\u00a0millions d\u2019euros par l\u2019\u00c9tat\u2009; 1,6\u00a0million d\u2019euros par le D\u00e9partement, 1,2\u00a0million d\u2019euros par la R\u00e9gion et 700\u2009000\u00a0euros financ\u00e9s par l\u2019Union Europ\u00e9enne.<\/p>\n<p class=\" wall-content\">Personnalisez votre actualit\u00e9 en ajoutant vos villes et m\u00e9dias en favori avec <a href=\"https:\/\/moncompte.actu.fr\" title=\"D\u00e9couvez Mon Actu\" rel=\"nofollow noopener\" data-trk=\"{&quot;cta&quot;:{&quot;action&quot;:&quot;https:\\\/\\\/moncompte.actu.fr&quot;,&quot;category&quot;:&quot;mon compte&quot;,&quot;from&quot;:&quot;article footer&quot;,&quot;name&quot;:&quot;Mon actu&quot;,&quot;type&quot;:&quot;cta&quot;}}\" target=\"_blank\">Mon Actu<\/a>.<\/p>\n","protected":false},"excerpt":{"rendered":"Par R\u00e9daction Nantes Publi\u00e9 le 15 nov. 2025 \u00e0 7h30 Cet \u00e9t\u00e9, l\u2019un des plus grands centres techniques,&hellip;\n","protected":false},"author":2,"featured_media":537041,"comment_status":"","ping_status":"","sticky":false,"template":"","format":"standard","meta":{"footnotes":""},"categories":[2818],"tags":[1111,11,1777,674,1011,27,766,12,2636,25,104,6173],"class_list":{"0":"post-537040","1":"post","2":"type-post","3":"status-publish","4":"format-standard","5":"has-post-thumbnail","7":"category-nantes","8":"tag-actu","9":"tag-actualites","10":"tag-eu","11":"tag-europe","12":"tag-fr","13":"tag-france","14":"tag-nantes","15":"tag-news","16":"tag-pays-de-la-loire","17":"tag-republique-francaise","18":"tag-societe","19":"tag-stationnement"},"share_on_mastodon":{"url":"https:\/\/pubeurope.com\/@fr\/115556482015908675","error":""},"_links":{"self":[{"href":"https:\/\/www.europesays.com\/fr\/wp-json\/wp\/v2\/posts\/537040","targetHints":{"allow":["GET"]}}],"collection":[{"href":"https:\/\/www.europesays.com\/fr\/wp-json\/wp\/v2\/posts"}],"about":[{"href":"https:\/\/www.europesays.com\/fr\/wp-json\/wp\/v2\/types\/post"}],"author":[{"embeddable":true,"href":"https:\/\/www.europesays.com\/fr\/wp-json\/wp\/v2\/users\/2"}],"replies":[{"embeddable":true,"href":"https:\/\/www.europesays.com\/fr\/wp-json\/wp\/v2\/comments?post=537040"}],"version-history":[{"count":0,"href":"https:\/\/www.europesays.com\/fr\/wp-json\/wp\/v2\/posts\/537040\/revisions"}],"wp:featuredmedia":[{"embeddable":true,"href":"https:\/\/www.europesays.com\/fr\/wp-json\/wp\/v2\/media\/537041"}],"wp:attachment":[{"href":"https:\/\/www.europesays.com\/fr\/wp-json\/wp\/v2\/media?parent=537040"}],"wp:term":[{"taxonomy":"category","embeddable":true,"href":"https:\/\/www.europesays.com\/fr\/wp-json\/wp\/v2\/categories?post=537040"},{"taxonomy":"post_tag","embeddable":true,"href":"https:\/\/www.europesays.com\/fr\/wp-json\/wp\/v2\/tags?post=537040"}],"curies":[{"name":"wp","href":"https:\/\/api.w.org\/{rel}","templated":true}]}}