{"id":537050,"date":"2025-11-16T00:28:14","date_gmt":"2025-11-16T00:28:14","guid":{"rendered":"https:\/\/www.europesays.com\/fr\/537050\/"},"modified":"2025-11-16T00:28:14","modified_gmt":"2025-11-16T00:28:14","slug":"les-marseillaises-qualifiees-pour-les-quarts-de-la-coupe-de-la-ligue-apres-leur-victoire-a-toulouse","status":"publish","type":"post","link":"https:\/\/www.europesays.com\/fr\/537050\/","title":{"rendered":"les Marseillaises qualifi\u00e9es pour les quarts de la coupe de la Ligue apr\u00e8s leur victoire \u00e0 Toulouse"},"content":{"rendered":"<p>L&rsquo;objectif est rempli. Vainqueur de Toulouse ce samedi apr\u00e8s-midi (1-3), l&rsquo;OM a conclu cette phase de groupes de coupe de la Ligue \u00e0 la premi\u00e8re place (trois succ\u00e8s en autant de rencontres), <a href=\"https:\/\/www.laprovence.com\/article\/om\/27986758880049\/om-les-marseillaises-visent-les-quarts-de-la-coupe-de-la-ligue-contre-toulouse\" target=\"_blank\" rel=\"nofollow noopener\">ce qui lui ouvre les portes des quarts de finale<\/a> qui se disputeront au d\u00e9but du mois de f\u00e9vrier. \u00ab\u00a0Il y a beaucoup de satisfaction, s&rsquo;est r\u00e9joui <a href=\"https:\/\/www.laprovence.com\/article\/om\/62197760328870\/om-les-marseillaises-lancent-lere-diacre-contre-rodez-en-coupe-de-la-ligue\" target=\"_blank\" rel=\"nofollow noopener\">Corinne Diacre<\/a>. On a su \u00eatre patientes, j&rsquo;ai vu des choses int\u00e9ressantes. Mon \u00e9quipe a \u00e9t\u00e9 intelligente dans le jeu et on a r\u00e9ussi \u00e0 marquer trois buts. J&rsquo;ai une l\u00e9g\u00e8re d\u00e9ception sur celui encaiss\u00e9 en fin de premi\u00e8re p\u00e9riode alors qu&rsquo;on venait de mettre le deuxi\u00e8me. Malgr\u00e9 tout, je suis satisfaite sur l&rsquo;ensemble du match.\u00a0\u00bb<\/p>\n<p>Les retrouvailles avec les Toulousaines, longtemps candidates \u00e0 la mont\u00e9e en D1 la saison pass\u00e9e et qui pouvaient encore se qualifier pour les quarts de la coupe LFFP, avaient tout d&rsquo;un pi\u00e8ge mais les Marseillaises, malgr\u00e9 un turnover, ont fait le job. \u00ab\u00a0On voit qu&rsquo;on a un groupe, poursuit Diacre. Il \u00e9tait important de faire souffler quelques joueuses en vue du <a href=\"https:\/\/www.laprovence.com\/article\/om\/10759033307805\/om-d1-feminine-un-mois-de-novembre-important-mais-pas-crucial-pour-corinne-diacre\" target=\"_blank\" rel=\"nofollow noopener\">match important qui nous attend contre Lens la semaine prochaine<\/a>. C&rsquo;est bien pour les filles qui ont eu du temps de jeu et on voit que celles qui sont entr\u00e9es \u00e9taient concern\u00e9es car on a fait une fin de match solide.\u00a0\u00bb<\/p>\n<p>La diff\u00e9rence est cependant venue d&rsquo;\u00e9l\u00e9ments sur lesquels la coach de l&rsquo;OM s&rsquo;appuie r\u00e9guli\u00e8rement. Jenny Perret a profit\u00e9 d&rsquo;une erreur d&rsquo;appr\u00e9ciation de la gardienne du TFC pour ouvrir le score d&rsquo;une reprise de vol\u00e9e (0-1, 29), avant que Jody Brown, parfaitement servie par Marie-Charlotte L\u00e9ger, ne double la mise juste avant la mi-temps (0-2, 43).<\/p>\n<p>Ce qui ne les a pas emp\u00each\u00e9es de se faire peur lorsque Tatiana Solanet a r\u00e9duit l&rsquo;\u00e9cart au score \u00e0 quelques secondes de la pause (1-2, 45), puis quand l&rsquo;ancienne Olympienne Selen Altunkulak a dribbl\u00e9 Chlo\u00e9 N&rsquo;Gazi, de retour dans les buts, avant de compl\u00e8tement se trouer face \u00e0 la cage vide.<\/p>\n<p>La d\u00e9livrance est alors venue de <a href=\"https:\/\/www.laprovence.com\/article\/om\/3216814915186614\/om-d1-feminine-avec-9-buts-en-autant-de-matches-mathilde-bourdieu-est-dans-une-forme-olympique\" target=\"_blank\" rel=\"nofollow noopener\">Mathilde Bourdieu<\/a>, tout juste entr\u00e9e en jeu, \u00e0 la r\u00e9ception d&rsquo;un centre de L\u00e9ger pour sceller le sort de la rencontre (1-3, 69).<\/p>\n<p>Toulouse 1 &#8211; 3 OM<\/p>\n<p>Stade Cl\u00e9ment Ader. <br \/>Mi-temps\u00a0: 1-2. <br \/>Arbitre\u00a0: Romy Fournier. <br \/>Buts &#8211; Toulouse\u00a0: Solanet (45). <br \/>OM\u00a0: Perret (29), Brown (43), Bourdieu (69). <br \/>Avertissements &#8211; Toulouse\u00a0: Pardon (80). <br \/>OM\u00a0: L\u00e9ger (45), Khezami (90). <br \/>OM\u00a0: N&rsquo;Gazi &#8211; Kbida (Couasnon, 62), Moryl, Carro (Bourgouin, 63), Blanchard (cap.), Khezami &#8211; Le Mou\u00ebl (Elisor, 69), Perret (Herrera, 78) &#8211; Brown, Scannapieco (Bourdieu, 67), L\u00e9ger. <br \/>Entra\u00eeneure\u00a0: Corinne Diacre.<\/p>\n","protected":false},"excerpt":{"rendered":"L&rsquo;objectif est rempli. Vainqueur de Toulouse ce samedi apr\u00e8s-midi (1-3), l&rsquo;OM a conclu cette phase de groupes de&hellip;\n","protected":false},"author":2,"featured_media":537051,"comment_status":"","ping_status":"","sticky":false,"template":"","format":"standard","meta":{"footnotes":""},"categories":[2816],"tags":[17,1111,11,1777,674,1011,27,151,12191,12,2680,149,471,8373,7828,25,2312],"class_list":{"0":"post-537050","1":"post","2":"type-post","3":"status-publish","4":"format-standard","5":"has-post-thumbnail","7":"category-toulouse","8":"tag-17","9":"tag-actu","10":"tag-actualites","11":"tag-eu","12":"tag-europe","13":"tag-fr","14":"tag-france","15":"tag-les","16":"tag-marseillaises","17":"tag-news","18":"tag-occitanie","19":"tag-om","20":"tag-pour","21":"tag-qualifiees","22":"tag-quarts","23":"tag-republique-francaise","24":"tag-toulouse"},"share_on_mastodon":{"url":"https:\/\/pubeurope.com\/@fr\/115556548815764790","error":""},"_links":{"self":[{"href":"https:\/\/www.europesays.com\/fr\/wp-json\/wp\/v2\/posts\/537050","targetHints":{"allow":["GET"]}}],"collection":[{"href":"https:\/\/www.europesays.com\/fr\/wp-json\/wp\/v2\/posts"}],"about":[{"href":"https:\/\/www.europesays.com\/fr\/wp-json\/wp\/v2\/types\/post"}],"author":[{"embeddable":true,"href":"https:\/\/www.europesays.com\/fr\/wp-json\/wp\/v2\/users\/2"}],"replies":[{"embeddable":true,"href":"https:\/\/www.europesays.com\/fr\/wp-json\/wp\/v2\/comments?post=537050"}],"version-history":[{"count":0,"href":"https:\/\/www.europesays.com\/fr\/wp-json\/wp\/v2\/posts\/537050\/revisions"}],"wp:featuredmedia":[{"embeddable":true,"href":"https:\/\/www.europesays.com\/fr\/wp-json\/wp\/v2\/media\/537051"}],"wp:attachment":[{"href":"https:\/\/www.europesays.com\/fr\/wp-json\/wp\/v2\/media?parent=537050"}],"wp:term":[{"taxonomy":"category","embeddable":true,"href":"https:\/\/www.europesays.com\/fr\/wp-json\/wp\/v2\/categories?post=537050"},{"taxonomy":"post_tag","embeddable":true,"href":"https:\/\/www.europesays.com\/fr\/wp-json\/wp\/v2\/tags?post=537050"}],"curies":[{"name":"wp","href":"https:\/\/api.w.org\/{rel}","templated":true}]}}