{"id":537058,"date":"2025-11-16T00:33:20","date_gmt":"2025-11-16T00:33:20","guid":{"rendered":"https:\/\/www.europesays.com\/fr\/537058\/"},"modified":"2025-11-16T00:33:20","modified_gmt":"2025-11-16T00:33:20","slug":"nos-salles-peuvent-elles-encore-accueillir-les-concerts-de-superstars","status":"publish","type":"post","link":"https:\/\/www.europesays.com\/fr\/537058\/","title":{"rendered":"nos salles peuvent-elles encore accueillir les concerts de superstars\u00a0?"},"content":{"rendered":"<p>C\u2019est une programmation \u00e0 faire p\u00e2lir les plus grandes salles de spectacle et les plus grands festivals au monde. Bob Marley, AC\/DC, Pink Floyd, Nirvana, Oasis, <a href=\"https:\/\/www.ledauphine.com\/p\/johnny-hallyday\" target=\"_blank\" rel=\"nofollow noopener\">Johnny Hallyday<\/a>, David Guetta\u2026 Bien s\u00fbr, tous ces noms mythiques ne se sont pas retrouv\u00e9s pour se produire le m\u00eame soir, mais tous ont en commun d\u2019avoir enflamm\u00e9 au moins une fois le public \u00e0 Grenoble. Laissant \u00e0 celles et ceux qui ont eu la chance de chanter, de crier ou de danser avec eux, dans un stade ou sur une sc\u00e8ne, des souvenirs inoubliables. Voil\u00e0 l\u2019exp\u00e9rience que beaucoup viennent certainement de vivre il y a quelques&#8230;<\/p>\n","protected":false},"excerpt":{"rendered":"C\u2019est une programmation \u00e0 faire p\u00e2lir les plus grandes salles de spectacle et les plus grands festivals au&hellip;\n","protected":false},"author":2,"featured_media":537059,"comment_status":"","ping_status":"","sticky":false,"template":"","format":"standard","meta":{"footnotes":""},"categories":[1889],"tags":[1111,11,2430,1687,112,1777,674,107,1011,27,329,2731,2732,108,2428,873,12,25,2429,3140],"class_list":{"0":"post-537058","1":"post","2":"type-post","3":"status-publish","4":"format-standard","5":"has-post-thumbnail","7":"category-lyon","8":"tag-actu","9":"tag-actualites","10":"tag-auvergne-rhone-alpes","11":"tag-culture-loisirs","12":"tag-edition-grenoble-agglomeration","13":"tag-eu","14":"tag-europe","15":"tag-fil-info","16":"tag-fr","17":"tag-france","18":"tag-france-monde","19":"tag-grenoble","20":"tag-grenoble-bassin","21":"tag-isere","22":"tag-lyon","23":"tag-musique","24":"tag-news","25":"tag-republique-francaise","26":"tag-rhone","27":"tag-spectacle"},"share_on_mastodon":{"url":"https:\/\/pubeurope.com\/@fr\/115556568601008584","error":""},"_links":{"self":[{"href":"https:\/\/www.europesays.com\/fr\/wp-json\/wp\/v2\/posts\/537058","targetHints":{"allow":["GET"]}}],"collection":[{"href":"https:\/\/www.europesays.com\/fr\/wp-json\/wp\/v2\/posts"}],"about":[{"href":"https:\/\/www.europesays.com\/fr\/wp-json\/wp\/v2\/types\/post"}],"author":[{"embeddable":true,"href":"https:\/\/www.europesays.com\/fr\/wp-json\/wp\/v2\/users\/2"}],"replies":[{"embeddable":true,"href":"https:\/\/www.europesays.com\/fr\/wp-json\/wp\/v2\/comments?post=537058"}],"version-history":[{"count":0,"href":"https:\/\/www.europesays.com\/fr\/wp-json\/wp\/v2\/posts\/537058\/revisions"}],"wp:featuredmedia":[{"embeddable":true,"href":"https:\/\/www.europesays.com\/fr\/wp-json\/wp\/v2\/media\/537059"}],"wp:attachment":[{"href":"https:\/\/www.europesays.com\/fr\/wp-json\/wp\/v2\/media?parent=537058"}],"wp:term":[{"taxonomy":"category","embeddable":true,"href":"https:\/\/www.europesays.com\/fr\/wp-json\/wp\/v2\/categories?post=537058"},{"taxonomy":"post_tag","embeddable":true,"href":"https:\/\/www.europesays.com\/fr\/wp-json\/wp\/v2\/tags?post=537058"}],"curies":[{"name":"wp","href":"https:\/\/api.w.org\/{rel}","templated":true}]}}