{"id":537060,"date":"2025-11-16T00:34:29","date_gmt":"2025-11-16T00:34:29","guid":{"rendered":"https:\/\/www.europesays.com\/fr\/537060\/"},"modified":"2025-11-16T00:34:29","modified_gmt":"2025-11-16T00:34:29","slug":"immeuble-incendie-pres-de-lyon-lors-du-tournage-dun-clip-quatre-interpelles-relaches","status":"publish","type":"post","link":"https:\/\/www.europesays.com\/fr\/537060\/","title":{"rendered":"Immeuble incendi\u00e9 pr\u00e8s de Lyon lors du tournage d&rsquo;un clip : quatre interpell\u00e9s rel\u00e2ch\u00e9s"},"content":{"rendered":"<ul class=\"jsx-862013697 ArticleChapo__List\">\n<li class=\"jsx-862013697 ArticleChapo__List_Item flex\">Le 8 novembre \u00e0 Rillieux-la-Pape (Rh\u00f4ne), des personnes ont tourn\u00e9, sans autorisation, un clip avec le rappeur BFK.16.<\/li>\n<li class=\"jsx-862013697 ArticleChapo__List_Item flex\">Des feux d&rsquo;artifice tir\u00e9s par les participants ont mis le feu \u00e0 des appartements.<\/li>\n<li class=\"jsx-862013697 ArticleChapo__List_Item flex\">Plusieurs suspects ont \u00e9t\u00e9 interpell\u00e9s cette semaine et quatre ont \u00e9t\u00e9 finalement rel\u00e2ch\u00e9s.<\/li>\n<\/ul>\n<p data-module=\"article-paragraph\" class=\"jsx-3046738180 Paragraph\">Pas assez de charges \u00e0 leur encontre. <a href=\"https:\/\/www.tf1info.fr\/justice-faits-divers\/immeuble-incendie-pres-de-lyon-lors-du-tournage-d-un-clip-4-interpellations-dont-le-rappeur-bfk-16-2406405.html\" target=\"_blank\" rel=\"noopener\">Quatre personnes interpell\u00e9es jeudi<\/a>, dans l&rsquo;enqu\u00eate sur le tournage d&rsquo;un clip de rap ayant d\u00e9g\u00e9n\u00e9r\u00e9 en violences contre policiers et pompiers et <a href=\"https:\/\/www.tf1info.fr\/justice-faits-divers\/sortez-il-y-a-le-feu-le-courage-de-deux-jeunes-lors-de-l-incendie-d-un-immeuble-en-marge-du-tournage-d-un-clip-pres-de-lyon-2405695.html\" target=\"_blank\" rel=\"noopener\">provoqu\u00e9 l&rsquo;incendie d&rsquo;un immeuble dans la banlieue de Lyon<\/a>, ont \u00e9t\u00e9 remises en libert\u00e9 sans charges, a annonc\u00e9 le parquet, samedi 15 novembre, \u00e0 l&rsquo;AFP.<\/p>\n<p data-module=\"article-paragraph\" class=\"jsx-3046738180 Paragraph Paragraph__End\">Un rappeur local de 18 ans \u00e0 l&rsquo;origine du clip, connu sous le nom de BFK.16, a simplement \u00e9t\u00e9 plac\u00e9 sous le statut de t\u00e9moin assist\u00e9 par un juge d&rsquo;instruction au terme de 48 heures de garde \u00e0 vue, le magistrat \u00ab\u00a0estimant insuffisantes les charges r\u00e9unies \u00e0 son encontre\u00a0\u00bb, a pr\u00e9cis\u00e9 le parquet de Lyon qui avait requis pour lui un contr\u00f4le judiciaire.<\/p>\n<p>L&rsquo;instruction va se poursuivre<\/p>\n<p data-module=\"article-paragraph\" class=\"jsx-3046738180 Paragraph\">Les trois autres personnes ont \u00e9t\u00e9 remises en libert\u00e9 \u00e9galement sans qu&rsquo;aucune charge ne soit retenue contre elles, selon le parquet, qui avait ouvert une information judiciaire pour \u00ab\u00a0participation \u00e0 un regroupement en vue de commettre des violences et des d\u00e9gradations\u00a0\u00bb ainsi que \u00ab\u00a0d\u00e9gradation et destruction du bien d&rsquo;autrui par moyen dangereux et violences aggrav\u00e9es\u00a0\u00bb.\u00a0<\/p>\n<p data-module=\"article-paragraph\" class=\"jsx-3046738180 Paragraph Paragraph__End\">\u00ab\u00a0L&rsquo;instruction va se poursuivre afin d&rsquo;identifier les auteurs de ces faits\u00a0\u00bb, a ajout\u00e9 le parquet interrog\u00e9 par l&rsquo;AFP.<\/p>\n<p>Environ 70 pompiers pour venir \u00e0 bout des flammes<\/p>\n<p data-module=\"article-paragraph\" class=\"jsx-3046738180 Paragraph\">Le samedi 8 novembre, en plein apr\u00e8s-midi \u00e0 Rillieux-la-Pape, 20 \u00e0 30 personnes, certaines masqu\u00e9es, s&rsquo;\u00e9taient regroup\u00e9es pour tourner, sans autorisation, un clip avec le jeune rappeur. Dans le cadre de ce tournage, certains avaient tir\u00e9 des feux d&rsquo;artifice. Des policiers avaient voulu intervenir mais avaient \u00e9t\u00e9 pris pour cible par les protagonistes du clip, avait d\u00e9taill\u00e9 une source polici\u00e8re.<\/p>\n<p data-module=\"article-paragraph\" class=\"jsx-3046738180 Paragraph\">Alors que les agents s&rsquo;abritaient au pignon d&rsquo;un immeuble, l&rsquo;un des feux d&rsquo;artifice tir\u00e9s dans leur direction avait atterri sur le balcon d&rsquo;un appartement qui s&rsquo;\u00e9tait embras\u00e9 et l&rsquo;incendie s&rsquo;\u00e9tait propag\u00e9 \u00e0 quatre autres logements.\u00a0<\/p>\n<p data-module=\"article-paragraph\" class=\"jsx-3046738180 Paragraph Paragraph__End\">Quelque 70 pompiers d\u00e9ploy\u00e9s avaient \u00e9galement \u00e9t\u00e9 vis\u00e9s par des projectiles, comme les policiers.<\/p>\n<p>A.S avec AFP<\/p>\n","protected":false},"excerpt":{"rendered":"Le 8 novembre \u00e0 Rillieux-la-Pape (Rh\u00f4ne), des personnes ont tourn\u00e9, sans autorisation, un clip avec le rappeur BFK.16.&hellip;\n","protected":false},"author":2,"featured_media":537061,"comment_status":"","ping_status":"","sticky":false,"template":"","format":"standard","meta":{"footnotes":""},"categories":[1889],"tags":[1111,11,1921,2430,1777,674,6017,1011,27,1310,1922,2954,2428,12,1072,4775,25,133,2953],"class_list":{"0":"post-537060","1":"post","2":"type-post","3":"status-publish","4":"format-standard","5":"has-post-thumbnail","7":"category-lyon","8":"tag-actu","9":"tag-actualites","10":"tag-article-video","11":"tag-auvergne-rhone-alpes","12":"tag-eu","13":"tag-europe","14":"tag-fait-divers","15":"tag-fr","16":"tag-france","17":"tag-incendie","18":"tag-info","19":"tag-justice-et-faits-divers","20":"tag-lyon","21":"tag-news","22":"tag-police","23":"tag-pompier","24":"tag-republique-francaise","25":"tag-video","26":"tag-video-police"},"share_on_mastodon":{"url":"https:\/\/pubeurope.com\/@fr\/115556572369823148","error":""},"_links":{"self":[{"href":"https:\/\/www.europesays.com\/fr\/wp-json\/wp\/v2\/posts\/537060","targetHints":{"allow":["GET"]}}],"collection":[{"href":"https:\/\/www.europesays.com\/fr\/wp-json\/wp\/v2\/posts"}],"about":[{"href":"https:\/\/www.europesays.com\/fr\/wp-json\/wp\/v2\/types\/post"}],"author":[{"embeddable":true,"href":"https:\/\/www.europesays.com\/fr\/wp-json\/wp\/v2\/users\/2"}],"replies":[{"embeddable":true,"href":"https:\/\/www.europesays.com\/fr\/wp-json\/wp\/v2\/comments?post=537060"}],"version-history":[{"count":0,"href":"https:\/\/www.europesays.com\/fr\/wp-json\/wp\/v2\/posts\/537060\/revisions"}],"wp:featuredmedia":[{"embeddable":true,"href":"https:\/\/www.europesays.com\/fr\/wp-json\/wp\/v2\/media\/537061"}],"wp:attachment":[{"href":"https:\/\/www.europesays.com\/fr\/wp-json\/wp\/v2\/media?parent=537060"}],"wp:term":[{"taxonomy":"category","embeddable":true,"href":"https:\/\/www.europesays.com\/fr\/wp-json\/wp\/v2\/categories?post=537060"},{"taxonomy":"post_tag","embeddable":true,"href":"https:\/\/www.europesays.com\/fr\/wp-json\/wp\/v2\/tags?post=537060"}],"curies":[{"name":"wp","href":"https:\/\/api.w.org\/{rel}","templated":true}]}}