{"id":537062,"date":"2025-11-16T00:37:03","date_gmt":"2025-11-16T00:37:03","guid":{"rendered":"https:\/\/www.europesays.com\/fr\/537062\/"},"modified":"2025-11-16T00:37:03","modified_gmt":"2025-11-16T00:37:03","slug":"ile-de-france-14-grands-axes-et-des-dizaines-de-mesures-pour-la-mobilite","status":"publish","type":"post","link":"https:\/\/www.europesays.com\/fr\/537062\/","title":{"rendered":"\u00cele-de-France\u00a0: 14 grands axes et des dizaines de mesures pour la mobilit\u00e9"},"content":{"rendered":"\n<p style=\"margin-bottom: 0cm;\">Adopt\u00e9 en septembre dernier, le Plan des mobilit\u00e9s 2030 fixe la strat\u00e9gie d\u2019\u00cele-de-France Mobilit\u00e9s pour rendre la r\u00e9gion plus accessible, durable et inclusive dans les ann\u00e9es qui viennent. Ce document de r\u00e9f\u00e9rence d\u00e9finit 14 grands axes et 46 actions concr\u00e8tes pour transformer les d\u00e9placements en \u00cele-de-France : am\u00e9lioration des transports du quotidien, d\u00e9veloppement des mobilit\u00e9s actives comme le v\u00e9lo et la marche, transition \u00e9cologique et renforcement de l\u2019inclusion. Cette feuille de route a l&rsquo;ambition de \u00ab\u00a0repenser les mobilit\u00e9s\u00a0\u00bb. Vous pouvez retrouver tous les d\u00e9tails sur <a href=\"https:\/\/www.iledefrance-mobilites.fr\/actualites\/plan-des-mobilites-axes-decryptage\" rel=\"noopener\" target=\"_blank\">www.iledefrance-mobilites.fr<\/a>.<\/p>\n<p style=\"margin-bottom: 0cm;\">\u00a0<\/p>\n<p style=\"margin-bottom: 0cm;\">Nicolas Chacun<\/p>\n<p>!function(f,b,e,v,n,t,s){if(f.fbq)return;n=f.fbq=function(){n.callMethod?<br \/>\nn.callMethod.apply(n,arguments):n.queue.push(arguments)};if(!f._fbq)f._fbq=n;<br \/>\nn.push=n;n.loaded=!0;n.version=&rsquo;2.0&prime;;n.queue=[];t=b.createElement(e);t.async=!0;<br \/>\nt.src=v;s=b.getElementsByTagName(e)[0];s.parentNode.insertBefore(t,s)}(window,<br \/>\ndocument,&rsquo;script&rsquo;,&rsquo;https:\/\/connect.facebook.net\/en_US\/fbevents.js&rsquo;);<br \/>\nfbq(&lsquo;init&rsquo;, &lsquo;278974969201861&rsquo;); \/\/ Insert your pixel ID here.<br \/>\nfbq(&lsquo;track&rsquo;, &lsquo;PageView&rsquo;);<\/p>\n","protected":false},"excerpt":{"rendered":"Adopt\u00e9 en septembre dernier, le Plan des mobilit\u00e9s 2030 fixe la strat\u00e9gie d\u2019\u00cele-de-France Mobilit\u00e9s pour rendre la r\u00e9gion&hellip;\n","protected":false},"author":2,"featured_media":537063,"comment_status":"","ping_status":"","sticky":false,"template":"","format":"standard","meta":{"footnotes":""},"categories":[1592],"tags":[1111,11,1933,1936,1777,1939,674,1011,27,662,1934,12,1940,626,1935,25,1937,1941,1938],"class_list":{"0":"post-537062","1":"post","2":"type-post","3":"status-publish","4":"format-standard","5":"has-post-thumbnail","7":"category-ile-de-france","8":"tag-actu","9":"tag-actualites","10":"tag-actualites-locales","11":"tag-essonne","12":"tag-eu","13":"tag-eure-et-loir","14":"tag-europe","15":"tag-fr","16":"tag-france","17":"tag-ile-de-france","18":"tag-infos-locales","19":"tag-news","20":"tag-oise","21":"tag-paris","22":"tag-pres-de-chez-vous","23":"tag-republique-francaise","24":"tag-seine-et-marne","25":"tag-somme","26":"tag-yvelines"},"share_on_mastodon":{"url":"https:\/\/pubeurope.com\/@fr\/115556584291216865","error":""},"_links":{"self":[{"href":"https:\/\/www.europesays.com\/fr\/wp-json\/wp\/v2\/posts\/537062","targetHints":{"allow":["GET"]}}],"collection":[{"href":"https:\/\/www.europesays.com\/fr\/wp-json\/wp\/v2\/posts"}],"about":[{"href":"https:\/\/www.europesays.com\/fr\/wp-json\/wp\/v2\/types\/post"}],"author":[{"embeddable":true,"href":"https:\/\/www.europesays.com\/fr\/wp-json\/wp\/v2\/users\/2"}],"replies":[{"embeddable":true,"href":"https:\/\/www.europesays.com\/fr\/wp-json\/wp\/v2\/comments?post=537062"}],"version-history":[{"count":0,"href":"https:\/\/www.europesays.com\/fr\/wp-json\/wp\/v2\/posts\/537062\/revisions"}],"wp:featuredmedia":[{"embeddable":true,"href":"https:\/\/www.europesays.com\/fr\/wp-json\/wp\/v2\/media\/537063"}],"wp:attachment":[{"href":"https:\/\/www.europesays.com\/fr\/wp-json\/wp\/v2\/media?parent=537062"}],"wp:term":[{"taxonomy":"category","embeddable":true,"href":"https:\/\/www.europesays.com\/fr\/wp-json\/wp\/v2\/categories?post=537062"},{"taxonomy":"post_tag","embeddable":true,"href":"https:\/\/www.europesays.com\/fr\/wp-json\/wp\/v2\/tags?post=537062"}],"curies":[{"name":"wp","href":"https:\/\/api.w.org\/{rel}","templated":true}]}}